{"id":9002,"date":"2020-05-25T11:05:00","date_gmt":"2020-05-25T14:05:00","guid":{"rendered":"https:\/\/museomoderno.org\/la-voz\/"},"modified":"2023-06-12T15:17:06","modified_gmt":"2023-06-12T18:17:06","slug":"voice","status":"publish","type":"post","link":"https:\/\/museomoderno.org\/en\/voice\/","title":{"rendered":"The voice"},"content":{"rendered":"\t\t<div data-elementor-type=\"wp-post\" data-elementor-id=\"9002\" class=\"elementor elementor-9002 elementor-2890\" data-elementor-post-type=\"post\">\n\t\t\t\t\t\t<section class=\"elementor-section elementor-top-section elementor-element elementor-element-78526510 elementor-section-boxed elementor-section-height-default elementor-section-height-default\" data-id=\"78526510\" data-element_type=\"section\" data-e-type=\"section\">\n\t\t\t\t\t\t<div class=\"elementor-container elementor-column-gap-default\">\n\t\t\t\t\t<div class=\"elementor-column elementor-col-100 elementor-top-column elementor-element elementor-element-d9dc16b\" data-id=\"d9dc16b\" data-element_type=\"column\" data-e-type=\"column\">\n\t\t\t<div class=\"elementor-widget-wrap elementor-element-populated\">\n\t\t\t\t\t\t<div class=\"elementor-element elementor-element-33109ac7 elementor-widget elementor-widget-heading\" data-id=\"33109ac7\" data-element_type=\"widget\" data-e-type=\"widget\" data-widget_type=\"heading.default\">\n\t\t\t\t<div class=\"elementor-widget-container\">\n\t\t\t\t\t<h1 class=\"elementor-heading-title elementor-size-default\">The voice<\/h1>\t\t\t\t<\/div>\n\t\t\t\t<\/div>\n\t\t\t\t\t<\/div>\n\t\t<\/div>\n\t\t\t\t\t<\/div>\n\t\t<\/section>\n\t\t\t\t<section class=\"elementor-section elementor-top-section elementor-element elementor-element-40aa1cb5 elementor-section-boxed elementor-section-height-default elementor-section-height-default\" data-id=\"40aa1cb5\" data-element_type=\"section\" data-e-type=\"section\">\n\t\t\t\t\t\t<div class=\"elementor-container elementor-column-gap-default\">\n\t\t\t\t\t<div class=\"elementor-column elementor-col-100 elementor-top-column elementor-element elementor-element-2dc7a271\" data-id=\"2dc7a271\" data-element_type=\"column\" data-e-type=\"column\">\n\t\t\t<div class=\"elementor-widget-wrap elementor-element-populated\">\n\t\t\t\t\t\t<div class=\"elementor-element elementor-element-676b710c elementor-widget-divider--view-line elementor-widget elementor-widget-divider\" data-id=\"676b710c\" data-element_type=\"widget\" data-e-type=\"widget\" data-widget_type=\"divider.default\">\n\t\t\t\t<div class=\"elementor-widget-container\">\n\t\t\t\t\t\t\t<div class=\"elementor-divider\">\n\t\t\t<span class=\"elementor-divider-separator\">\n\t\t\t\t\t\t<\/span>\n\t\t<\/div>\n\t\t\t\t\t\t<\/div>\n\t\t\t\t<\/div>\n\t\t\t\t\t<\/div>\n\t\t<\/div>\n\t\t\t\t\t<\/div>\n\t\t<\/section>\n\t\t\t\t<section class=\"elementor-section elementor-top-section elementor-element elementor-element-061c26f elementor-section-boxed elementor-section-height-default elementor-section-height-default\" data-id=\"061c26f\" data-element_type=\"section\" data-e-type=\"section\">\n\t\t\t\t\t\t<div class=\"elementor-container elementor-column-gap-default\">\n\t\t\t\t\t<div class=\"elementor-column elementor-col-100 elementor-top-column elementor-element elementor-element-ebaf5c2\" data-id=\"ebaf5c2\" data-element_type=\"column\" data-e-type=\"column\">\n\t\t\t<div class=\"elementor-widget-wrap elementor-element-populated\">\n\t\t\t\t\t\t<div class=\"elementor-element elementor-element-12463e1 elementor-widget elementor-widget-video\" data-id=\"12463e1\" data-element_type=\"widget\" data-e-type=\"widget\" data-settings=\"{&quot;youtube_url&quot;:&quot;https:\\\/\\\/youtu.be\\\/x05fx5BTUKs&quot;,&quot;video_type&quot;:&quot;youtube&quot;,&quot;controls&quot;:&quot;yes&quot;}\" data-widget_type=\"video.default\">\n\t\t\t\t<div class=\"elementor-widget-container\">\n\t\t\t\t\t\t\t<div class=\"elementor-wrapper elementor-open-inline\">\n\t\t\t<div class=\"elementor-video\"><\/div>\t\t<\/div>\n\t\t\t\t\t\t<\/div>\n\t\t\t\t<\/div>\n\t\t\t\t\t<\/div>\n\t\t<\/div>\n\t\t\t\t\t<\/div>\n\t\t<\/section>\n\t\t\t\t<section class=\"elementor-section elementor-top-section elementor-element elementor-element-31fdb37 elementor-section-boxed elementor-section-height-default elementor-section-height-default\" data-id=\"31fdb37\" data-element_type=\"section\" data-e-type=\"section\">\n\t\t\t\t\t\t<div class=\"elementor-container elementor-column-gap-default\">\n\t\t\t\t\t<div class=\"elementor-column elementor-col-50 elementor-top-column elementor-element elementor-element-d8e0fae\" data-id=\"d8e0fae\" data-element_type=\"column\" data-e-type=\"column\">\n\t\t\t<div class=\"elementor-widget-wrap elementor-element-populated\">\n\t\t\t\t\t\t<div class=\"elementor-element elementor-element-6fba253 elementor-widget elementor-widget-heading\" data-id=\"6fba253\" data-element_type=\"widget\" data-e-type=\"widget\" data-widget_type=\"heading.default\">\n\t\t\t\t<div class=\"elementor-widget-container\">\n\t\t\t\t\t<h5 class=\"elementor-heading-title elementor-size-default\">Voice and I<\/h5>\t\t\t\t<\/div>\n\t\t\t\t<\/div>\n\t\t\t\t<div class=\"elementor-element elementor-element-ed417c0 elementor-widget elementor-widget-text-editor\" data-id=\"ed417c0\" data-element_type=\"widget\" data-e-type=\"widget\" data-widget_type=\"text-editor.default\">\n\t\t\t\t<div class=\"elementor-widget-container\">\n\t\t\t\t\t\t\t\t\t<p>We are experiencing a re-emergence of the vocal power of humanity. The voice has grown stronger than it was before. It is not just a medium for language but a mark of identity with its different tones, timbres and registers. It brings an important facet of other people back into the present. There it is; in the voice, which our civilization has coded with emotions: cries of anguish, shouts of joy, the hesitancy of fear. The unique characteristics of the voice bring us closer together and help us to make contact with the sounds of others and everything they need to convey. The voice, in contrast to writing, is both message and body, thought and action, lending a new presence to human emotions.<\/p><p>As a medium for experimentation, the voice is also malleable material for the creation of sounds and rhythms, a tool with which to question language, a way of bringing remote voices from history into the here and now and a means of reaching places barred to the eyes.<\/p><p>The visual arts have spent over a century incorporating the sounds emitted by the voice as a material, building a better path to understanding the senses as fully as possible. Be it through oral poetry, how it overlaps with natural sounds or remembering that it is our oldest tool of expression, today the voice occupies a fundamental role in the interests of contemporary art. Aware that their voice is actually the accumulation of a long line of voices, the artist\u2019s job is to establish a dialogue with the past through inherited forms, the present through the aesthetic choices of their contemporaries and society through projections of its future, making art an echo chamber that makes room for and amplifies all the voices that co-exist in our ears.<\/p><p>This week we have decided to focus on artworks and artists that explore the potential of the voice in a profound manner. Through them, we ask: How many different ways can the voice transmit emotional substance? What do the eyes see when they follow the path of sounds? How many and which voices make up the polyphony of an artistic event?<\/p>\t\t\t\t\t\t\t\t<\/div>\n\t\t\t\t<\/div>\n\t\t\t\t<div class=\"elementor-element elementor-element-f752083 elementor-widget elementor-widget-spacer\" data-id=\"f752083\" data-element_type=\"widget\" data-e-type=\"widget\" data-widget_type=\"spacer.default\">\n\t\t\t\t<div class=\"elementor-widget-container\">\n\t\t\t\t\t\t\t<div class=\"elementor-spacer\">\n\t\t\t<div class=\"elementor-spacer-inner\"><\/div>\n\t\t<\/div>\n\t\t\t\t\t\t<\/div>\n\t\t\t\t<\/div>\n\t\t\t\t<div class=\"elementor-element elementor-element-2260ca5 elementor-widget elementor-widget-text-editor\" data-id=\"2260ca5\" data-element_type=\"widget\" data-e-type=\"widget\" data-widget_type=\"text-editor.default\">\n\t\t\t\t<div class=\"elementor-widget-container\">\n\t\t\t\t\t\t\t\t\t<p><strong>\u00a0Curatorial staff at Museo Moderno<\/strong><\/p>\t\t\t\t\t\t\t\t<\/div>\n\t\t\t\t<\/div>\n\t\t\t\t\t<\/div>\n\t\t<\/div>\n\t\t\t\t<div class=\"elementor-column elementor-col-50 elementor-top-column elementor-element elementor-element-8b079b7\" data-id=\"8b079b7\" data-element_type=\"column\" data-e-type=\"column\">\n\t\t\t<div class=\"elementor-widget-wrap elementor-element-populated\">\n\t\t\t\t\t\t<div class=\"elementor-element elementor-element-48207c5 elementor-widget elementor-widget-image\" data-id=\"48207c5\" data-element_type=\"widget\" data-e-type=\"widget\" data-widget_type=\"image.default\">\n\t\t\t\t<div class=\"elementor-widget-container\">\n\t\t\t\t\t\t\t\t\t\t\t\t\t\t\t<img fetchpriority=\"high\" decoding=\"async\" width=\"997\" height=\"747\" src=\"https:\/\/museomoderno.org\/wp-content\/uploads\/2020\/12\/Captura-de-Pantalla-2020-05-22-a-las-12.33.10.png\" class=\"attachment-full size-full wp-image-2903\" alt=\"\" srcset=\"https:\/\/museomoderno.org\/wp-content\/uploads\/2020\/12\/Captura-de-Pantalla-2020-05-22-a-las-12.33.10.png 997w, https:\/\/museomoderno.org\/wp-content\/uploads\/2020\/12\/Captura-de-Pantalla-2020-05-22-a-las-12.33.10-300x225.png 300w, https:\/\/museomoderno.org\/wp-content\/uploads\/2020\/12\/Captura-de-Pantalla-2020-05-22-a-las-12.33.10-768x575.png 768w\" sizes=\"(max-width: 997px) 100vw, 997px\" \/>\t\t\t\t\t\t\t\t\t\t\t\t\t\t\t<\/div>\n\t\t\t\t<\/div>\n\t\t\t\t<div class=\"elementor-element elementor-element-4d2541e elementor-widget elementor-widget-text-editor\" data-id=\"4d2541e\" data-element_type=\"widget\" data-e-type=\"widget\" data-widget_type=\"text-editor.default\">\n\t\t\t\t<div class=\"elementor-widget-container\">\n\t\t\t\t\t\t\t\t\t<p>vana Vollaro, Alfaboca: miniclips voc\u00e1licos, 2004, DVD, 4\u2019 20\u2019\u2019 (selecci\u00f3n). En colaboraci\u00f3n con Lenora de Barros y Arnaldo Antunes.<\/p><p>Alfaboca (clips po\u00e9ticos, m\u00ednimos e independientes entre s\u00ed) es una &#8220;conversaci\u00f3n perform\u00e1tica&#8221; de dos lenguas latinas muy pr\u00f3ximas, el espa\u00f1ol y el portugu\u00e9s. Navegando por las fronteras sonoras entre estos idiomas, los clips exploran la dimensi\u00f3n visual de la voz, la palabra y el silencio. Realizada durante una residencia de la artista en San Pablo, Alfaboca indaga de manera l\u00fadica sobre la traducci\u00f3n y las proximidades ling\u00fc\u00edsticas (culturales y afectivas) entre argentinos y brasile\u00f1os.<\/p>\t\t\t\t\t\t\t\t<\/div>\n\t\t\t\t<\/div>\n\t\t\t\t<div class=\"elementor-element elementor-element-f11b4e6 elementor-widget elementor-widget-text-editor\" data-id=\"f11b4e6\" data-element_type=\"widget\" data-e-type=\"widget\" data-widget_type=\"text-editor.default\">\n\t\t\t\t<div class=\"elementor-widget-container\">\n\t\t\t\t\t\t\t\t\t<p>Ivana Vollaro (Buenos Aires, 1971) es artista visual. Estudi\u00f3 Artes y Derecho en la Universidad de Buenos Aires. A principio de los a\u00f1os noventa asisti\u00f3 al taller de Mirtha Dermisache. Entre 1997 y 2008 colabor\u00f3 con el proyecto V\u00f3rtice de poes\u00eda visual, experimental y sonora. En 2003 obtuvo la Beca Antorchas y se mud\u00f3 a San Pablo. En 2012, realiz\u00f3 la residencia Capacete en R\u00edo de Janeiro. Ivana trabaja sobre los v\u00ednculos entre la palabra y la imagen, indagando en las fronteras de las formas, el lenguaje, la traducci\u00f3n y los errores y desencuentros que generan esos l\u00edmites. Entre sus exhibiciones individuales se destacan: Una rosa, es una (2018), HACHE Galer\u00eda, Buenos Aires; Sala Vip (2013) y Limites e deslizes (2009) ambas en Galeri\u0301a Laura Marsiaj, Ri\u0301o de Janeiro; Vermello, Galeri\u0301a Vermelho, San Pablo (2008); X-Tudo, Centro Mariantonia-USP, San Pablo (2007).<\/p>\t\t\t\t\t\t\t\t<\/div>\n\t\t\t\t<\/div>\n\t\t\t\t\t<\/div>\n\t\t<\/div>\n\t\t\t\t\t<\/div>\n\t\t<\/section>\n\t\t\t\t<section class=\"elementor-section elementor-top-section elementor-element elementor-element-2ff967a elementor-section-boxed elementor-section-height-default elementor-section-height-default\" data-id=\"2ff967a\" data-element_type=\"section\" data-e-type=\"section\">\n\t\t\t\t\t\t<div class=\"elementor-container elementor-column-gap-default\">\n\t\t\t\t\t<div class=\"elementor-column elementor-col-50 elementor-top-column elementor-element elementor-element-f50e0c8\" data-id=\"f50e0c8\" data-element_type=\"column\" data-e-type=\"column\">\n\t\t\t<div class=\"elementor-widget-wrap elementor-element-populated\">\n\t\t\t\t\t\t<div class=\"elementor-element elementor-element-787bb38 elementor-widget elementor-widget-video\" data-id=\"787bb38\" data-element_type=\"widget\" data-e-type=\"widget\" data-settings=\"{&quot;youtube_url&quot;:&quot;https:\\\/\\\/youtu.be\\\/k24w6sIpAvc&quot;,&quot;video_type&quot;:&quot;youtube&quot;,&quot;controls&quot;:&quot;yes&quot;}\" data-widget_type=\"video.default\">\n\t\t\t\t<div class=\"elementor-widget-container\">\n\t\t\t\t\t\t\t<div class=\"elementor-wrapper elementor-open-inline\">\n\t\t\t<div class=\"elementor-video\"><\/div>\t\t<\/div>\n\t\t\t\t\t\t<\/div>\n\t\t\t\t<\/div>\n\t\t\t\t<div class=\"elementor-element elementor-element-69f828e elementor-widget elementor-widget-text-editor\" data-id=\"69f828e\" data-element_type=\"widget\" data-e-type=\"widget\" data-widget_type=\"text-editor.default\">\n\t\t\t\t<div class=\"elementor-widget-container\">\n\t\t\t\t\t\t\t\t\t<p>Fr\u00e1gil flor [Fragile Flower]<br \/>Video<br \/>2&#8242;, 10&#8243;<br \/>Mariano Gil<br \/>Bass flute, voice, art and animation<br \/>Zeke Zima<br \/>Guitar, loops and mixing<br \/>Manu Salom\u00f8n<br \/>Video editing<br \/>Seda Anac<br \/>Camera (Zeke)<\/p>\t\t\t\t\t\t\t\t<\/div>\n\t\t\t\t<\/div>\n\t\t\t\t\t<\/div>\n\t\t<\/div>\n\t\t\t\t<div class=\"elementor-column elementor-col-50 elementor-top-column elementor-element elementor-element-727c568\" data-id=\"727c568\" data-element_type=\"column\" data-e-type=\"column\">\n\t\t\t<div class=\"elementor-widget-wrap elementor-element-populated\">\n\t\t\t\t\t\t<div class=\"elementor-element elementor-element-0592f21 elementor-widget elementor-widget-text-editor\" data-id=\"0592f21\" data-element_type=\"widget\" data-e-type=\"widget\" data-widget_type=\"text-editor.default\">\n\t\t\t\t<div class=\"elementor-widget-container\">\n\t\t\t\t\t\t\t\t\t<p>Mariano Gil on Fr\u00e1gil flor: This project grew out of a collaboration with Zeke, who I met in 1987 when we arrived at Berklee (Boston, USA) to study. During quarantine he sent me a loop, and I added flutes and vocals, and decided to incorporate a clip of Yanis Varoufakis, which I liked both for its content and the tone of his voice. Zeke applied the finishing touches and did the final mix. Meanwhile I got a pleasant surprise: an invitation from Victoria Noorthoorn to take part in the Museo Moderno\u2019s online content. With the help of Manu Salom\u00f8n we combined videos and animations, and this was the result: our collaboration for the theme The Voice&#8230; let the inner voice guiding us towards a more collaborative and loving world be heard. A huge thank you to all those who have taken part, and to Victoria Noorthoorn and Gaby Comte for their invitation and assistance. Specially made in Brooklyn, May 2020, for the Museo de Arte Moderno de Buenos Aires.<\/p><p>BIOs &#8211;<\/p>\t\t\t\t\t\t\t\t<\/div>\n\t\t\t\t<\/div>\n\t\t\t\t<div class=\"elementor-element elementor-element-42713c6 elementor-widget elementor-widget-text-editor\" data-id=\"42713c6\" data-element_type=\"widget\" data-e-type=\"widget\" data-widget_type=\"text-editor.default\">\n\t\t\t\t<div class=\"elementor-widget-container\">\n\t\t\t\t\t\t\t\t\t<p>Mariano Gil was born and raised in Buenos Aires, Argentina, where he graduated as a doctor. He never lost his passion for music, leading him to study flute with Alfredo Ianelli. In 1987 he moved to Boston on a scholarship from the Berklee College of Music. In 1993 he moved to Brooklyn, New York, where he has lived ever since as an active member of the art and music community. He has taken part in musical events and recordings with Kurt Rosenwinkel, Ben Street, Ethan Iverson, Chris Cheek, the Go Organic Orchestra, the Butch Morris Orchestra, Aaron Parks, Leo Genovese and other prominent musicians. As a visual artist he has been published by the New York Times. He has also produced dozens of album covers, participated in live paintings with Esperanza Spalding and exhibited his work at various New York galleries. Music has been an integral part of Zeke Zima\u2019s life ever since he developed the use of reason. Born and raised in Buenos Aires, he moved to the United States to study at Berklee College of Music in Boston. After graduating in 1992, he moved to New York City, where he is an active member of the music community. As a guitarist he has collaborated with musicians like Marcy Playground, Brazilian Girls, Meshell Ndegeocello, Elodie Ozanne, Nic Thys, Me And The Other Guy, The Sun, the Butch Morris Orchestra, Diego Garc\u00eda, Natalia Clavier (Thievery Corporation) and Wax Poetic (Nublu).<\/p>\t\t\t\t\t\t\t\t<\/div>\n\t\t\t\t<\/div>\n\t\t\t\t\t<\/div>\n\t\t<\/div>\n\t\t\t\t\t<\/div>\n\t\t<\/section>\n\t\t\t\t<section class=\"elementor-section elementor-top-section elementor-element elementor-element-23e6f84 elementor-section-boxed elementor-section-height-default elementor-section-height-default\" data-id=\"23e6f84\" data-element_type=\"section\" data-e-type=\"section\">\n\t\t\t\t\t\t<div class=\"elementor-container elementor-column-gap-default\">\n\t\t\t\t\t<div class=\"elementor-column elementor-col-50 elementor-top-column elementor-element elementor-element-ae211c6\" data-id=\"ae211c6\" data-element_type=\"column\" data-e-type=\"column\">\n\t\t\t<div class=\"elementor-widget-wrap elementor-element-populated\">\n\t\t\t\t\t\t<div class=\"elementor-element elementor-element-8033398 elementor-widget elementor-widget-heading\" data-id=\"8033398\" data-element_type=\"widget\" data-e-type=\"widget\" data-widget_type=\"heading.default\">\n\t\t\t\t<div class=\"elementor-widget-container\">\n\t\t\t\t\t<h5 class=\"elementor-heading-title elementor-size-default\">Lenora de Barros<\/h5>\t\t\t\t<\/div>\n\t\t\t\t<\/div>\n\t\t\t\t<div class=\"elementor-element elementor-element-64b4e7d elementor-widget elementor-widget-video\" data-id=\"64b4e7d\" data-element_type=\"widget\" data-e-type=\"widget\" data-settings=\"{&quot;youtube_url&quot;:&quot;https:\\\/\\\/youtu.be\\\/vLg8zpBrfbQ&quot;,&quot;video_type&quot;:&quot;youtube&quot;,&quot;controls&quot;:&quot;yes&quot;}\" data-widget_type=\"video.default\">\n\t\t\t\t<div class=\"elementor-widget-container\">\n\t\t\t\t\t\t\t<div class=\"elementor-wrapper elementor-open-inline\">\n\t\t\t<div class=\"elementor-video\"><\/div>\t\t<\/div>\n\t\t\t\t\t\t<\/div>\n\t\t\t\t<\/div>\n\t\t\t\t<div class=\"elementor-element elementor-element-5ec395b elementor-widget elementor-widget-text-editor\" data-id=\"5ec395b\" data-element_type=\"widget\" data-e-type=\"widget\" data-widget_type=\"text-editor.default\">\n\t\t\t\t<div class=\"elementor-widget-container\">\n\t\t\t\t\t\t\t\t\t<p>Ri-Chora [Laugh\/Cry] Ri-Chora was born as a manuscript in coloured biro in 1975. What I remember is that I began writing with the intention of expressing in calligraphy the feeling of laughter, the belly-laugh, working in the world of interjections and onomatopoeias. The act of \u2018crying with laughter\u2019 became the leitmotif: to make a visual<\/p>\t\t\t\t\t\t\t\t<\/div>\n\t\t\t\t<\/div>\n\t\t\t\t\t<\/div>\n\t\t<\/div>\n\t\t\t\t<div class=\"elementor-column elementor-col-50 elementor-top-column elementor-element elementor-element-50ddffc\" data-id=\"50ddffc\" data-element_type=\"column\" data-e-type=\"column\">\n\t\t\t<div class=\"elementor-widget-wrap elementor-element-populated\">\n\t\t\t\t\t\t<div class=\"elementor-element elementor-element-fd37988 elementor-widget elementor-widget-text-editor\" data-id=\"fd37988\" data-element_type=\"widget\" data-e-type=\"widget\" data-widget_type=\"text-editor.default\">\n\t\t\t\t<div class=\"elementor-widget-container\">\n\t\t\t\t\t\t\t\t\t<p>poem that expressed those hybrid feelings that are somehow strange and, on paper at least, paradoxical. I still remember, at the time I composed the first block, the \u2018laughter\u2019 block, the arrangement of the interjections soon brought me back to the \u2018visual sound\u2019 of weeping \u2013 I had the insight that opposing sentiments could be expressed through the same sounds \u2013 and all that differentiated them were the emotions of happiness and sadness.<\/p><p>Unfortunately, I don\u2019t have that first calligraphic draft anymore. In 1976 I was invited to take part in the alternative journal Qorpo Estranho, edited by Julio Plaza, R\u00e9gis Bonvicino and Pedro Tavares de Lima, where I first published Ri-Chora and decided to display it in a typeset version, exactly as it had been presented in the group show curated by Fernanda Brenner, Riso e L\u00e1grima n\u00e3o tem sotaque [Laughter and Tears Have No Accent], for Camden Council in London in 2016. In that case the visual appearance that gives the poem its meaning isn\u2019t exactly what\u2019s revealed by the chosen typography, but the mirror composition of the text is, as are the words \u2018ri\u2019 (laughs) and \u2018chora\u2019 (cries) at the top of each block as a kind of imperative inflection.<\/p><p>The recording of the voice performance of Ri-Chora was made in 2016, arranged by the musician Cid Campos (MC2 Studio), who I\u2019ve been working with since 1994.<\/p><p>\u00a0 \u00a0 \u00a0 \u00a0 \u00a0 \u00a0 \u00a0 \u00a0 \u00a0 \u00a0 \u00a0 \u00a0 \u00a0 \u00a0 \u00a0 \u00a0 \u00a0 \u00a0 \u00a0 \u00a0 \u00a0 \u00a0 \u00a0 \u00a0 \u00a0 \u00a0 \u00a0 \u00a0 \u00a0 \u00a0 \u00a0 \u00a0 \u00a0 \u00a0 \u00a0 \u00a0 \u00a0 \u00a0 \u00a0 \u00a0 \u00a0 \u00a0 \u00a0 \u00a0 \u00a0 \u00a0 \u00a0 Lenora de Barros<\/p>\t\t\t\t\t\t\t\t<\/div>\n\t\t\t\t<\/div>\n\t\t\t\t\t<\/div>\n\t\t<\/div>\n\t\t\t\t\t<\/div>\n\t\t<\/section>\n\t\t\t\t<section class=\"elementor-section elementor-top-section elementor-element elementor-element-f7a6a18 elementor-section-boxed elementor-section-height-default elementor-section-height-default\" data-id=\"f7a6a18\" data-element_type=\"section\" data-e-type=\"section\">\n\t\t\t\t\t\t<div class=\"elementor-container elementor-column-gap-default\">\n\t\t\t\t\t<div class=\"elementor-column elementor-col-50 elementor-top-column elementor-element elementor-element-6e8e20d\" data-id=\"6e8e20d\" data-element_type=\"column\" data-e-type=\"column\">\n\t\t\t<div class=\"elementor-widget-wrap elementor-element-populated\">\n\t\t\t\t\t\t<div class=\"elementor-element elementor-element-e9157d7 elementor-widget elementor-widget-video\" data-id=\"e9157d7\" data-element_type=\"widget\" data-e-type=\"widget\" data-settings=\"{&quot;youtube_url&quot;:&quot;https:\\\/\\\/youtu.be\\\/dgIsfD4RBmM&quot;,&quot;video_type&quot;:&quot;youtube&quot;,&quot;controls&quot;:&quot;yes&quot;}\" data-widget_type=\"video.default\">\n\t\t\t\t<div class=\"elementor-widget-container\">\n\t\t\t\t\t\t\t<div class=\"elementor-wrapper elementor-open-inline\">\n\t\t\t<div class=\"elementor-video\"><\/div>\t\t<\/div>\n\t\t\t\t\t\t<\/div>\n\t\t\t\t<\/div>\n\t\t\t\t<div class=\"elementor-element elementor-element-4b97161 elementor-widget elementor-widget-text-editor\" data-id=\"4b97161\" data-element_type=\"widget\" data-e-type=\"widget\" data-widget_type=\"text-editor.default\">\n\t\t\t\t<div class=\"elementor-widget-container\">\n\t\t\t\t\t\t\t\t\t<p><em>Escrever por Dentro<\/em>\u00a0[<em>Write Inside<\/em>], 2005<br \/>Voice Performance: Lenora de Barros &#8211;\u00a0Sound Treatment: Hilton Raw<\/p>\t\t\t\t\t\t\t\t<\/div>\n\t\t\t\t<\/div>\n\t\t\t\t<div class=\"elementor-element elementor-element-8b93172 elementor-widget elementor-widget-text-editor\" data-id=\"8b93172\" data-element_type=\"widget\" data-e-type=\"widget\" data-widget_type=\"text-editor.default\">\n\t\t\t\t<div class=\"elementor-widget-container\">\n\t\t\t\t\t\t\t\t\t<p>Voice performance by Lenora de Barros, with sound treatment by Hilton Raw,<br \/>filmed in 2005 for the exhibition\u00a0<em>N\u00e3o quero nem ver<\/em>\u00a0[<em>I Don\u2019t Even Want to See<\/em>],<br \/>at the Pa\u00e7o das Artes, S\u00e3o Paulo.<\/p>\t\t\t\t\t\t\t\t<\/div>\n\t\t\t\t<\/div>\n\t\t\t\t\t<\/div>\n\t\t<\/div>\n\t\t\t\t<div class=\"elementor-column elementor-col-50 elementor-top-column elementor-element elementor-element-e1e60e6\" data-id=\"e1e60e6\" data-element_type=\"column\" data-e-type=\"column\">\n\t\t\t<div class=\"elementor-widget-wrap elementor-element-populated\">\n\t\t\t\t\t\t<div class=\"elementor-element elementor-element-599204e elementor-widget elementor-widget-video\" data-id=\"599204e\" data-element_type=\"widget\" data-e-type=\"widget\" data-settings=\"{&quot;youtube_url&quot;:&quot;https:\\\/\\\/youtu.be\\\/DfaqV87Tha4&quot;,&quot;video_type&quot;:&quot;youtube&quot;,&quot;controls&quot;:&quot;yes&quot;}\" data-widget_type=\"video.default\">\n\t\t\t\t<div class=\"elementor-widget-container\">\n\t\t\t\t\t\t\t<div class=\"elementor-wrapper elementor-open-inline\">\n\t\t\t<div class=\"elementor-video\"><\/div>\t\t<\/div>\n\t\t\t\t\t\t<\/div>\n\t\t\t\t<\/div>\n\t\t\t\t<div class=\"elementor-element elementor-element-66122eb elementor-widget elementor-widget-text-editor\" data-id=\"66122eb\" data-element_type=\"widget\" data-e-type=\"widget\" data-widget_type=\"text-editor.default\">\n\t\t\t\t<div class=\"elementor-widget-container\">\n\t\t\t\t\t\t\t\t\t<p><em>Eu nao disse nada<\/em>\u00a0[<em>I Didn\u2019t Say Anything<\/em>]<\/p>\t\t\t\t\t\t\t\t<\/div>\n\t\t\t\t<\/div>\n\t\t\t\t<div class=\"elementor-element elementor-element-9ca553e elementor-widget elementor-widget-text-editor\" data-id=\"9ca553e\" data-element_type=\"widget\" data-e-type=\"widget\" data-widget_type=\"text-editor.default\">\n\t\t\t\t<div class=\"elementor-widget-container\">\n\t\t\t\t\t\t\t\t\t<p>Photo performance by Lenora de Barros made in 1990 in Milan for the artist\u2019s first<br \/>solo exhibition,\u00a0<em>Poes\u00eda \u00e9 coisa de nada<\/em>\u00a0[<em>Poetry Means Nothing<\/em>], at the Mercado<br \/>Del Sale gallery.<br \/>Photography: Marcos Augusto Gon\u00e7alves<\/p>\t\t\t\t\t\t\t\t<\/div>\n\t\t\t\t<\/div>\n\t\t\t\t\t<\/div>\n\t\t<\/div>\n\t\t\t\t\t<\/div>\n\t\t<\/section>\n\t\t\t\t<section class=\"elementor-section elementor-top-section elementor-element elementor-element-b3672f3 elementor-section-boxed elementor-section-height-default elementor-section-height-default\" data-id=\"b3672f3\" data-element_type=\"section\" data-e-type=\"section\">\n\t\t\t\t\t\t<div class=\"elementor-container elementor-column-gap-default\">\n\t\t\t\t\t<div class=\"elementor-column elementor-col-50 elementor-top-column elementor-element elementor-element-112d437\" data-id=\"112d437\" data-element_type=\"column\" data-e-type=\"column\">\n\t\t\t<div class=\"elementor-widget-wrap elementor-element-populated\">\n\t\t\t\t\t\t<div class=\"elementor-element elementor-element-817058e elementor-widget elementor-widget-video\" data-id=\"817058e\" data-element_type=\"widget\" data-e-type=\"widget\" data-settings=\"{&quot;youtube_url&quot;:&quot;https:\\\/\\\/youtu.be\\\/tnOonSmduZY&quot;,&quot;video_type&quot;:&quot;youtube&quot;,&quot;controls&quot;:&quot;yes&quot;}\" data-widget_type=\"video.default\">\n\t\t\t\t<div class=\"elementor-widget-container\">\n\t\t\t\t\t\t\t<div class=\"elementor-wrapper elementor-open-inline\">\n\t\t\t<div class=\"elementor-video\"><\/div>\t\t<\/div>\n\t\t\t\t\t\t<\/div>\n\t\t\t\t<\/div>\n\t\t\t\t<div class=\"elementor-element elementor-element-e6b4d2e elementor-widget elementor-widget-text-editor\" data-id=\"e6b4d2e\" data-element_type=\"widget\" data-e-type=\"widget\" data-widget_type=\"text-editor.default\">\n\t\t\t\t<div class=\"elementor-widget-container\">\n\t\t\t\t\t\t\t\t\t<p>The visual poem\u00a0<em>minimosom<\/em>\u00a0[<em>minimumsound<\/em>], from which this project emerged, was created<br \/>by computer graphics in 1983 for the show Arte em Videotexto, curated by Julio Plaza at the<br \/>17th Bienal de S\u00e3o Paulo. It also appears in my first book\u00a0<em>Onde se v\u00ea<\/em>\u00a0[<em>Where You Can See<\/em>], 1984.<\/p>\t\t\t\t\t\t\t\t<\/div>\n\t\t\t\t<\/div>\n\t\t\t\t<div class=\"elementor-element elementor-element-550b1e6 elementor-widget elementor-widget-text-editor\" data-id=\"550b1e6\" data-element_type=\"widget\" data-e-type=\"widget\" data-widget_type=\"text-editor.default\">\n\t\t\t\t<div class=\"elementor-widget-container\">\n\t\t\t\t\t\t\t\t\t<p>In 1976 I got the chance to read a text by Russian linguist Roman Jakobson, which I found stimulating and got me thinking about \u2018fundamental sounds\u2019. In his essay \u2013 the title of which I can\u2019t remember unfortunately \u2013 Jakobson alludes to the curious coincidence that the word for mother in several languages starts with the bilabial sound \u2018m\u2019. This, he claims, might be related to our first repetitive lip movements suckling at our mother\u2019s breast, movements that may be behind the first sounds we make. The word \u2018mummy\u2019 is also more often than not among the first words we utter when we take our first steps in speech, along with its sonic variants \u2018mum\u2019, \u2018mamma\u2019 etc.<\/p><p>The idea of the voice performance arises out of the climate of 2010, with sound designed by the musician and composer Cid Campos (MC2 Studio). It\u2019s also inspired by a children\u2019s game where I would try and utter a sound fragment, a minimal noise, \u2018a snatch\u2019, a sound \u2018sliver\u2019, and would spend hours obsessively hunting down that (im)possible sonority in my voice. The almost perfect Portuguese palindrome, \u2018ominimosomminimo\u2019 [literally, the minimum minimal sound], is pronounced the same in either direction; the letters o and m stand out visually and sonically, and when multiplied, may perhaps draw our attention to a sonic aspect of oral language minimum minimorum.<\/p><p>om\u00ednimosomm\u00ednimoom\u00ednimosom<\/p><p>Lenora de Barros<\/p>\t\t\t\t\t\t\t\t<\/div>\n\t\t\t\t<\/div>\n\t\t\t\t\t<\/div>\n\t\t<\/div>\n\t\t\t\t<div class=\"elementor-column elementor-col-50 elementor-top-column elementor-element elementor-element-cc6880f\" data-id=\"cc6880f\" data-element_type=\"column\" data-e-type=\"column\">\n\t\t\t<div class=\"elementor-widget-wrap elementor-element-populated\">\n\t\t\t\t\t\t<div class=\"elementor-element elementor-element-83c9b63 elementor-widget elementor-widget-video\" data-id=\"83c9b63\" data-element_type=\"widget\" data-e-type=\"widget\" data-settings=\"{&quot;youtube_url&quot;:&quot;https:\\\/\\\/youtu.be\\\/1pQ5snHwVIc&quot;,&quot;video_type&quot;:&quot;youtube&quot;,&quot;controls&quot;:&quot;yes&quot;}\" data-widget_type=\"video.default\">\n\t\t\t\t<div class=\"elementor-widget-container\">\n\t\t\t\t\t\t\t<div class=\"elementor-wrapper elementor-open-inline\">\n\t\t\t<div class=\"elementor-video\"><\/div>\t\t<\/div>\n\t\t\t\t\t\t<\/div>\n\t\t\t\t<\/div>\n\t\t\t\t<div class=\"elementor-element elementor-element-578ce1f elementor-widget elementor-widget-text-editor\" data-id=\"578ce1f\" data-element_type=\"widget\" data-e-type=\"widget\" data-widget_type=\"text-editor.default\">\n\t\t\t\t<div class=\"elementor-widget-container\">\n\t\t\t\t\t\t\t\t\t<p>Voice performance by Lenora de Barros, with sound treatment by Hilton Raw, filmed in 2005 for the exhibition N\u00e3o quero nem ver [I Don\u2019t Even Want to See], at the Pa\u00e7o das Artes, S\u00e3o Paulo.<\/p><p>Illustrator: Augusto de Campos, Todos os sons [All Sounds]<\/p><p>&#8211;<\/p><p>Lenora de Barros is a Brazilian artist and poet. She studied linguistics at the University of S\u00e3o Paulo before establishing herself as an artist in the 1970s and has remained committed to exploring language through a variety of media, including video, performance, photography and installation. Barros began her career producing visual poetry. Her early works were influenced by concrete poetry, particularly the Noigandr\u00e9s Group, incorporating body art, pop art and conceptual art techniques. Her work has evolved to focus on the sonority of words, particularly through sound installations and voice performances.<\/p>\t\t\t\t\t\t\t\t<\/div>\n\t\t\t\t<\/div>\n\t\t\t\t\t<\/div>\n\t\t<\/div>\n\t\t\t\t\t<\/div>\n\t\t<\/section>\n\t\t\t\t<section class=\"elementor-section elementor-top-section elementor-element elementor-element-24732a2 elementor-section-boxed elementor-section-height-default elementor-section-height-default\" data-id=\"24732a2\" data-element_type=\"section\" data-e-type=\"section\">\n\t\t\t\t\t\t<div class=\"elementor-container elementor-column-gap-default\">\n\t\t\t\t\t<div class=\"elementor-column elementor-col-50 elementor-top-column elementor-element elementor-element-43643eb\" data-id=\"43643eb\" data-element_type=\"column\" data-e-type=\"column\">\n\t\t\t<div class=\"elementor-widget-wrap elementor-element-populated\">\n\t\t\t\t\t\t<div class=\"elementor-element elementor-element-b553ad4 elementor-widget elementor-widget-heading\" data-id=\"b553ad4\" data-element_type=\"widget\" data-e-type=\"widget\" data-widget_type=\"heading.default\">\n\t\t\t\t<div class=\"elementor-widget-container\">\n\t\t\t\t\t<h5 class=\"elementor-heading-title elementor-size-default\">Lenora de Barros<\/h5>\t\t\t\t<\/div>\n\t\t\t\t<\/div>\n\t\t\t\t<div class=\"elementor-element elementor-element-4333484 elementor-widget elementor-widget-video\" data-id=\"4333484\" data-element_type=\"widget\" data-e-type=\"widget\" data-settings=\"{&quot;youtube_url&quot;:&quot;https:\\\/\\\/youtu.be\\\/GSk2GYxO23E&quot;,&quot;video_type&quot;:&quot;youtube&quot;,&quot;controls&quot;:&quot;yes&quot;}\" data-widget_type=\"video.default\">\n\t\t\t\t<div class=\"elementor-widget-container\">\n\t\t\t\t\t\t\t<div class=\"elementor-wrapper elementor-open-inline\">\n\t\t\t<div class=\"elementor-video\"><\/div>\t\t<\/div>\n\t\t\t\t\t\t<\/div>\n\t\t\t\t<\/div>\n\t\t\t\t<div class=\"elementor-element elementor-element-e0991bc elementor-widget elementor-widget-text-editor\" data-id=\"e0991bc\" data-element_type=\"widget\" data-e-type=\"widget\" data-widget_type=\"text-editor.default\">\n\t\t\t\t<div class=\"elementor-widget-container\">\n\t\t\t\t\t\t\t\t\t<p>Narcissa Hirsch.\u00a0<em>Taller<\/em>\u00a0[<em>Studio<\/em>], 1971, 16mm colour film, 10&#8242; 00&#8243;<br \/>Direction: Narcissa Hirsch English Version with Horacio Maira Camera: Narcissa Hirsch<\/p>\t\t\t\t\t\t\t\t<\/div>\n\t\t\t\t<\/div>\n\t\t\t\t<div class=\"elementor-element elementor-element-9350fa6 elementor-widget elementor-widget-text-editor\" data-id=\"9350fa6\" data-element_type=\"widget\" data-e-type=\"widget\" data-widget_type=\"text-editor.default\">\n\t\t\t\t<div class=\"elementor-widget-container\">\n\t\t\t\t\t\t\t\t\t<p>In this key piece of the history of Argentinian experimental cinema Narcissa<br \/>Hirsch paints a portrait of her life, memories and career as a film-maker. While<br \/>the frame of her camera remains fixed on one of the walls of her studio, a<br \/>voice-over of the artist relates the objects and images we can see and those<br \/>we don\u2019t.<\/p>\t\t\t\t\t\t\t\t<\/div>\n\t\t\t\t<\/div>\n\t\t\t\t\t<\/div>\n\t\t<\/div>\n\t\t\t\t<div class=\"elementor-column elementor-col-50 elementor-top-column elementor-element elementor-element-6e068a3\" data-id=\"6e068a3\" data-element_type=\"column\" data-e-type=\"column\">\n\t\t\t<div class=\"elementor-widget-wrap elementor-element-populated\">\n\t\t\t\t\t\t<div class=\"elementor-element elementor-element-2eb2fe6 elementor-widget elementor-widget-heading\" data-id=\"2eb2fe6\" data-element_type=\"widget\" data-e-type=\"widget\" data-widget_type=\"heading.default\">\n\t\t\t\t<div class=\"elementor-widget-container\">\n\t\t\t\t\t<h5 class=\"elementor-heading-title elementor-size-default\">Arnaldo Antunes. Aga<\/h5>\t\t\t\t<\/div>\n\t\t\t\t<\/div>\n\t\t\t\t<div class=\"elementor-element elementor-element-594dcf4 elementor-widget elementor-widget-video\" data-id=\"594dcf4\" data-element_type=\"widget\" data-e-type=\"widget\" data-settings=\"{&quot;youtube_url&quot;:&quot;https:\\\/\\\/youtu.be\\\/NOQvH8AlP_Q&quot;,&quot;video_type&quot;:&quot;youtube&quot;,&quot;controls&quot;:&quot;yes&quot;}\" data-widget_type=\"video.default\">\n\t\t\t\t<div class=\"elementor-widget-container\">\n\t\t\t\t\t\t\t<div class=\"elementor-wrapper elementor-open-inline\">\n\t\t\t<div class=\"elementor-video\"><\/div>\t\t<\/div>\n\t\t\t\t\t\t<\/div>\n\t\t\t\t<\/div>\n\t\t\t\t<div class=\"elementor-element elementor-element-7599328 elementor-widget elementor-widget-text-editor\" data-id=\"7599328\" data-element_type=\"widget\" data-e-type=\"widget\" data-widget_type=\"text-editor.default\">\n\t\t\t\t<div class=\"elementor-widget-container\">\n\t\t\t\t\t\t\t\t\t<p>Ag\u00e1 [Aitch]. A poem from 1997, appearing in Dois ou mais corpos no mesmo espa\u00e7o [Two or More Bodies in the Same Space] (Editora Perspectiva, S\u00e3o Paulo). A recording of the performance staged in 2016, at the SESC Palladium, Belo Horizonte.<\/p>\t\t\t\t\t\t\t\t<\/div>\n\t\t\t\t<\/div>\n\t\t\t\t<div class=\"elementor-element elementor-element-55cec4c elementor-widget elementor-widget-text-editor\" data-id=\"55cec4c\" data-element_type=\"widget\" data-e-type=\"widget\" data-widget_type=\"text-editor.default\">\n\t\t\t\t<div class=\"elementor-widget-container\">\n\t\t\t\t\t\t\t\t\t<p>Arnaldo Antunes was born in S\u00e3o Paulo in 1960, when Oswald de Andrade\u2019s Anthropophagy and Haroldo de Campos and D\u00e9cio Pignatari\u2019s Concretism movements formed part of the everyday landscape of Brazilian culture, and Caetano Veloso and Gilberto Gil were taking their first steps in Tropic\u00e1lia fusion. Poetry, music, visual art, performance are just a few of the many terms we can use to identify the contraband of signs that defines Antunes\u2019s work. He is genuinely unclassifiable figure who has made the slippage between languages the cornerstone of his creative procedures. He has more than ten book titles to his credit and a prolific musical career as a soloist, band member with Os Tit\u00e3s and Tribalistas, and has collaborated with musicians like Laurie Anderson, David Byrne and Ryuichi Sakamoto. His work displays an unusual talent for combining daring avant-garde experiments with the aesthetics of popular culture, both in his records, books, performances and visual works, and in his installations, videos or concerts.<\/p>\t\t\t\t\t\t\t\t<\/div>\n\t\t\t\t<\/div>\n\t\t\t\t\t<\/div>\n\t\t<\/div>\n\t\t\t\t\t<\/div>\n\t\t<\/section>\n\t\t\t\t<section class=\"elementor-section elementor-top-section elementor-element elementor-element-658278a elementor-section-boxed elementor-section-height-default elementor-section-height-default\" data-id=\"658278a\" data-element_type=\"section\" data-e-type=\"section\">\n\t\t\t\t\t\t<div class=\"elementor-container elementor-column-gap-default\">\n\t\t\t\t\t<div class=\"elementor-column elementor-col-50 elementor-top-column elementor-element elementor-element-caeccc5\" data-id=\"caeccc5\" data-element_type=\"column\" data-e-type=\"column\">\n\t\t\t<div class=\"elementor-widget-wrap elementor-element-populated\">\n\t\t\t\t\t\t<div class=\"elementor-element elementor-element-36c99b0 elementor-widget elementor-widget-audio\" data-id=\"36c99b0\" data-element_type=\"widget\" data-e-type=\"widget\" data-widget_type=\"audio.default\">\n\t\t\t\t<div class=\"elementor-widget-container\">\n\t\t\t\t\t\t\t\t<div class=\"elementor-soundcloud-wrapper\">\n\t\t\t\t<iframe width=\"100%\" height=\"352\" frameborder=\"0\" allowfullscreen allow=\"autoplay; clipboard-write; encrypted-media; fullscreen; picture-in-picture\" loading=\"lazy\" src=\"https:\/\/open.spotify.com\/embed\/playlist\/3mRELl7nxb9VOm5Hmc7map?utm_source=oembed&#038;go=1&#038;play=1&#038;auto_play=false&#038;buying=true&#038;liking=true&#038;download=true&#038;sharing=true&#038;show_comments=true&#038;show_playcount=true&#038;show_user=true&#038;show_artwork=true&#038;color\"><\/iframe>\t\t\t<\/div>\n\t\t\t\t\t\t\t<\/div>\n\t\t\t\t<\/div>\n\t\t\t\t\t<\/div>\n\t\t<\/div>\n\t\t\t\t<div class=\"elementor-column elementor-col-50 elementor-top-column elementor-element elementor-element-2f3e0a4\" data-id=\"2f3e0a4\" data-element_type=\"column\" data-e-type=\"column\">\n\t\t\t<div class=\"elementor-widget-wrap elementor-element-populated\">\n\t\t\t\t\t\t<div class=\"elementor-element elementor-element-9fa2056 elementor-widget elementor-widget-heading\" data-id=\"9fa2056\" data-element_type=\"widget\" data-e-type=\"widget\" data-widget_type=\"heading.default\">\n\t\t\t\t<div class=\"elementor-widget-container\">\n\t\t\t\t\t<h5 class=\"elementor-heading-title elementor-size-default\">VOZ Y VOTO [VOICE AND VOTE]<\/h5>\t\t\t\t<\/div>\n\t\t\t\t<\/div>\n\t\t\t\t<div class=\"elementor-element elementor-element-7ac4ece elementor-widget elementor-widget-text-editor\" data-id=\"7ac4ece\" data-element_type=\"widget\" data-e-type=\"widget\" data-widget_type=\"text-editor.default\">\n\t\t\t\t<div class=\"elementor-widget-container\">\n\t\t\t\t\t\t\t\t\t<p>A playlist put together by the curators of the Escuchar [Sonidos visuales] [Listen [Visual Sounds]] Festival, Jorge Haro and Leandro Frias, to add to the theme of the week of the Museo Moderno en Casa [Moderno Museum at Home]. A tour of vocal works comprising unmissable tracks, cult experiments, the complex textures of The Bulgarian Voices, pop approaches, Zen and ancestral music.<\/p>\t\t\t\t\t\t\t\t<\/div>\n\t\t\t\t<\/div>\n\t\t\t\t\t<\/div>\n\t\t<\/div>\n\t\t\t\t\t<\/div>\n\t\t<\/section>\n\t\t\t\t<section class=\"elementor-section elementor-top-section elementor-element elementor-element-b2176cf elementor-section-boxed elementor-section-height-default elementor-section-height-default\" data-id=\"b2176cf\" data-element_type=\"section\" data-e-type=\"section\">\n\t\t\t\t\t\t<div class=\"elementor-container elementor-column-gap-default\">\n\t\t\t\t\t<div class=\"elementor-column elementor-col-50 elementor-top-column elementor-element elementor-element-cefa6cd\" data-id=\"cefa6cd\" data-element_type=\"column\" data-e-type=\"column\">\n\t\t\t<div class=\"elementor-widget-wrap elementor-element-populated\">\n\t\t\t\t\t\t<div class=\"elementor-element elementor-element-eb76d55 elementor-widget elementor-widget-heading\" data-id=\"eb76d55\" data-element_type=\"widget\" data-e-type=\"widget\" data-widget_type=\"heading.default\">\n\t\t\t\t<div class=\"elementor-widget-container\">\n\t\t\t\t\t<h5 class=\"elementor-heading-title elementor-size-default\">MERCEDES AZPILICUETA<\/h5>\t\t\t\t<\/div>\n\t\t\t\t<\/div>\n\t\t\t\t<div class=\"elementor-element elementor-element-983adbc elementor-widget elementor-widget-heading\" data-id=\"983adbc\" data-element_type=\"widget\" data-e-type=\"widget\" data-widget_type=\"heading.default\">\n\t\t\t\t<div class=\"elementor-widget-container\">\n\t\t\t\t\t<h5 class=\"elementor-heading-title elementor-size-default\">Pow!, 2014-2018<\/h5>\t\t\t\t<\/div>\n\t\t\t\t<\/div>\n\t\t\t\t<div class=\"elementor-element elementor-element-bd5d20b elementor-widget elementor-widget-image\" data-id=\"bd5d20b\" data-element_type=\"widget\" data-e-type=\"widget\" data-widget_type=\"image.default\">\n\t\t\t\t<div class=\"elementor-widget-container\">\n\t\t\t\t\t\t\t\t\t\t\t\t\t\t\t<img decoding=\"async\" width=\"770\" height=\"755\" src=\"https:\/\/museomoderno.org\/wp-content\/uploads\/2020\/12\/Captura-de-Pantalla-2020-05-26-a-las-12.42.48.png\" class=\"attachment-full size-full wp-image-2934\" alt=\"\" srcset=\"https:\/\/museomoderno.org\/wp-content\/uploads\/2020\/12\/Captura-de-Pantalla-2020-05-26-a-las-12.42.48.png 770w, https:\/\/museomoderno.org\/wp-content\/uploads\/2020\/12\/Captura-de-Pantalla-2020-05-26-a-las-12.42.48-300x294.png 300w, https:\/\/museomoderno.org\/wp-content\/uploads\/2020\/12\/Captura-de-Pantalla-2020-05-26-a-las-12.42.48-768x753.png 768w\" sizes=\"(max-width: 770px) 100vw, 770px\" \/>\t\t\t\t\t\t\t\t\t\t\t\t\t\t\t<\/div>\n\t\t\t\t<\/div>\n\t\t\t\t<div class=\"elementor-element elementor-element-4f47192 elementor-widget elementor-widget-text-editor\" data-id=\"4f47192\" data-element_type=\"widget\" data-e-type=\"widget\" data-widget_type=\"text-editor.default\">\n\t\t\t\t<div class=\"elementor-widget-container\">\n\t\t\t\t\t\t\t\t\t<p><em>POW!<\/em>, 2014\u20132018, video animation, 7&#8242;, 45&#8243;, Loop (excerpt)<\/p>\t\t\t\t\t\t\t\t<\/div>\n\t\t\t\t<\/div>\n\t\t\t\t\t<\/div>\n\t\t<\/div>\n\t\t\t\t<div class=\"elementor-column elementor-col-50 elementor-top-column elementor-element elementor-element-d97a891\" data-id=\"d97a891\" data-element_type=\"column\" data-e-type=\"column\">\n\t\t\t<div class=\"elementor-widget-wrap elementor-element-populated\">\n\t\t\t\t\t\t<div class=\"elementor-element elementor-element-0c31f07 elementor-widget elementor-widget-text-editor\" data-id=\"0c31f07\" data-element_type=\"widget\" data-e-type=\"widget\" data-widget_type=\"text-editor.default\">\n\t\t\t\t<div class=\"elementor-widget-container\">\n\t\t\t\t\t\t\t\t\t<p>An animated football both embodies and performs a script that casts its net of reference far and wide: the passionate football commentator Omar Bentancor describing a famous goal by Chuco Sosa for Argentinos Junior against San Lorenzo; the gratingly calm intonations of two yoga teachers; an obsessive mother\u2019s collection of phrases; the ferocious struggle between Captain America and Wonder Woman in the conversation of a child. The work seeks an oral form for what could be interpreted as a sign of excessive force in our everyday spoken language.<\/p><p>The original piece was performed at the Irish Museum of Modern Art (IMMA) in March 2014 as part of It Makes Us Think of a Dance and a F\u00eate as Much as of War (On Violence), a series of international symposia ahead of Ireland\u2019s EVA International Biennial of Visual Art. The video animation was produced by the Museo de Arte Moderno de Buenos Aires for the exhibition Mercedes Azpilicueta: Cuerpos P\u00e1jaro [Mercedes Azpilicueta: Body Birds], Buenos Aires (November 2018\u2013April 2019).<\/p><p>Credits: Mercedes Azpilicueta (concept, text and voice)\/ Azul Demonte (animation and 3D modelling)\/ Tiago Worm Tirone (voice recording and sound editing)<\/p>\t\t\t\t\t\t\t\t<\/div>\n\t\t\t\t<\/div>\n\t\t\t\t<div class=\"elementor-element elementor-element-5e02997 elementor-widget elementor-widget-text-editor\" data-id=\"5e02997\" data-element_type=\"widget\" data-e-type=\"widget\" data-widget_type=\"text-editor.default\">\n\t\t\t\t<div class=\"elementor-widget-container\">\n\t\t\t\t\t\t\t\t\t<h5><a href=\"https:\/\/youtu.be\/eXIcWZo8XV0\" target=\"_blank\" rel=\"noopener\"><u>Watch the entire video on the Modern&#8217;s YouTube channel until June 8.<\/u><\/a><\/h5>\t\t\t\t\t\t\t\t<\/div>\n\t\t\t\t<\/div>\n\t\t\t\t\t<\/div>\n\t\t<\/div>\n\t\t\t\t\t<\/div>\n\t\t<\/section>\n\t\t\t\t<section class=\"elementor-section elementor-top-section elementor-element elementor-element-7e7d36d elementor-section-boxed elementor-section-height-default elementor-section-height-default\" data-id=\"7e7d36d\" data-element_type=\"section\" data-e-type=\"section\">\n\t\t\t\t\t\t<div class=\"elementor-container elementor-column-gap-default\">\n\t\t\t\t\t<div class=\"elementor-column elementor-col-50 elementor-top-column elementor-element elementor-element-c466dce\" data-id=\"c466dce\" data-element_type=\"column\" data-e-type=\"column\">\n\t\t\t<div class=\"elementor-widget-wrap elementor-element-populated\">\n\t\t\t\t\t\t<div class=\"elementor-element elementor-element-14c71df elementor-widget elementor-widget-heading\" data-id=\"14c71df\" data-element_type=\"widget\" data-e-type=\"widget\" data-widget_type=\"heading.default\">\n\t\t\t\t<div class=\"elementor-widget-container\">\n\t\t\t\t\t<h5 class=\"elementor-heading-title elementor-size-default\">[Back Home Expanding the Voice, 2012\u20132018]<\/h5>\t\t\t\t<\/div>\n\t\t\t\t<\/div>\n\t\t\t\t<div class=\"elementor-element elementor-element-756716a elementor-widget elementor-widget-text-editor\" data-id=\"756716a\" data-element_type=\"widget\" data-e-type=\"widget\" data-widget_type=\"text-editor.default\">\n\t\t\t\t<div class=\"elementor-widget-container\">\n\t\t\t\t\t\t\t\t\t<p>An animated telephone both embodies and performs a script that poetically combines a year\u2019s text messages taken from a mobile phone between Buenos Aires and Amsterdam from July 2010 to July 2011. The juxtaposition of messages and poetry enacts the possibilities and impossibilities of communicating with others.<\/p><p>The piece was originally performed at the Dutch Art Institute (DAI), Arnhem, in June 2012, again in Lost &amp; Found at the Theatrum Anatomicum of Waag Society, Amsterdam, in December 2012, and later in The Poetry Readings Program at documenta 13, Offener Kanal Caf\u00e9, Kassel. The video animation was produced by the Museo de Arte Moderno de Buenos Aires for the exhibition Mercedes Azpilicueta: Cuerpos P\u00e1jaro [Mercedes Azpilicueta: Body Birds], Buenos Aires (November 2018\u2013April 2019).<\/p><p>Credits: Mercedes Azpilicueta (concept, text and voice)\/ Azul Demonte (animation and 3D modelling)\/ Tiago Worm Tirone (voice recording and sound editing)<\/p>\t\t\t\t\t\t\t\t<\/div>\n\t\t\t\t<\/div>\n\t\t\t\t<div class=\"elementor-element elementor-element-2c5f373 elementor-widget elementor-widget-text-editor\" data-id=\"2c5f373\" data-element_type=\"widget\" data-e-type=\"widget\" data-widget_type=\"text-editor.default\">\n\t\t\t\t<div class=\"elementor-widget-container\">\n\t\t\t\t\t\t\t\t\t<h5><a href=\"https:\/\/youtu.be\/_7clul26_oE\" target=\"_blank\" rel=\"noopener\"><u>Watch the entire video on the Modern&#8217;s YouTube channel until June 8.<\/u><\/a><\/h5>\t\t\t\t\t\t\t\t<\/div>\n\t\t\t\t<\/div>\n\t\t\t\t\t<\/div>\n\t\t<\/div>\n\t\t\t\t<div class=\"elementor-column elementor-col-50 elementor-top-column elementor-element elementor-element-92b459d\" data-id=\"92b459d\" data-element_type=\"column\" data-e-type=\"column\">\n\t\t\t<div class=\"elementor-widget-wrap elementor-element-populated\">\n\t\t\t\t\t\t<div class=\"elementor-element elementor-element-545b2e7 elementor-widget elementor-widget-image\" data-id=\"545b2e7\" data-element_type=\"widget\" data-e-type=\"widget\" data-widget_type=\"image.default\">\n\t\t\t\t<div class=\"elementor-widget-container\">\n\t\t\t\t\t\t\t\t\t\t\t\t\t\t\t<img decoding=\"async\" width=\"796\" height=\"797\" src=\"https:\/\/museomoderno.org\/wp-content\/uploads\/2020\/12\/Captura-de-Pantalla-2020-05-26-a-las-12.30.30.png\" class=\"attachment-full size-full wp-image-2939\" alt=\"\" srcset=\"https:\/\/museomoderno.org\/wp-content\/uploads\/2020\/12\/Captura-de-Pantalla-2020-05-26-a-las-12.30.30.png 796w, https:\/\/museomoderno.org\/wp-content\/uploads\/2020\/12\/Captura-de-Pantalla-2020-05-26-a-las-12.30.30-300x300.png 300w, https:\/\/museomoderno.org\/wp-content\/uploads\/2020\/12\/Captura-de-Pantalla-2020-05-26-a-las-12.30.30-150x150.png 150w, https:\/\/museomoderno.org\/wp-content\/uploads\/2020\/12\/Captura-de-Pantalla-2020-05-26-a-las-12.30.30-768x769.png 768w\" sizes=\"(max-width: 796px) 100vw, 796px\" \/>\t\t\t\t\t\t\t\t\t\t\t\t\t\t\t<\/div>\n\t\t\t\t<\/div>\n\t\t\t\t<div class=\"elementor-element elementor-element-e59ecd9 elementor-widget elementor-widget-text-editor\" data-id=\"e59ecd9\" data-element_type=\"widget\" data-e-type=\"widget\" data-widget_type=\"text-editor.default\">\n\t\t\t\t<div class=\"elementor-widget-container\">\n\t\t\t\t\t\t\t\t\t<p><em>Volver a casa expandiendo la voz<\/em>, 2012 \u2013 2018. Video\u00a0 \u00a0 \u00a0 \u00a0 \u00a0\u00a0<br \/>animaci\u00f3n, 8:30, loop (extracto)(extracto)<\/p>\t\t\t\t\t\t\t\t<\/div>\n\t\t\t\t<\/div>\n\t\t\t\t\t<\/div>\n\t\t<\/div>\n\t\t\t\t\t<\/div>\n\t\t<\/section>\n\t\t\t\t<section class=\"elementor-section elementor-top-section elementor-element elementor-element-2567c5f elementor-section-boxed elementor-section-height-default elementor-section-height-default\" data-id=\"2567c5f\" data-element_type=\"section\" data-e-type=\"section\">\n\t\t\t\t\t\t<div class=\"elementor-container elementor-column-gap-default\">\n\t\t\t\t\t<div class=\"elementor-column elementor-col-50 elementor-top-column elementor-element elementor-element-68a8d52\" data-id=\"68a8d52\" data-element_type=\"column\" data-e-type=\"column\">\n\t\t\t<div class=\"elementor-widget-wrap elementor-element-populated\">\n\t\t\t\t\t\t<div class=\"elementor-element elementor-element-882f9f8 elementor-widget elementor-widget-heading\" data-id=\"882f9f8\" data-element_type=\"widget\" data-e-type=\"widget\" data-widget_type=\"heading.default\">\n\t\t\t\t<div class=\"elementor-widget-container\">\n\t\t\t\t\t<h5 class=\"elementor-heading-title elementor-size-default\">Carne [Flesh], 2013 \u2013 2018<\/h5>\t\t\t\t<\/div>\n\t\t\t\t<\/div>\n\t\t\t\t<div class=\"elementor-element elementor-element-1e0e496 elementor-widget elementor-widget-image\" data-id=\"1e0e496\" data-element_type=\"widget\" data-e-type=\"widget\" data-widget_type=\"image.default\">\n\t\t\t\t<div class=\"elementor-widget-container\">\n\t\t\t\t\t\t\t\t\t\t\t\t\t\t\t<img loading=\"lazy\" decoding=\"async\" width=\"786\" height=\"775\" src=\"https:\/\/museomoderno.org\/wp-content\/uploads\/2020\/12\/Captura-de-Pantalla-2020-05-26-a-las-12.47.36.png\" class=\"attachment-full size-full wp-image-2943\" alt=\"\" srcset=\"https:\/\/museomoderno.org\/wp-content\/uploads\/2020\/12\/Captura-de-Pantalla-2020-05-26-a-las-12.47.36.png 786w, https:\/\/museomoderno.org\/wp-content\/uploads\/2020\/12\/Captura-de-Pantalla-2020-05-26-a-las-12.47.36-300x296.png 300w, https:\/\/museomoderno.org\/wp-content\/uploads\/2020\/12\/Captura-de-Pantalla-2020-05-26-a-las-12.47.36-768x757.png 768w\" sizes=\"(max-width: 786px) 100vw, 786px\" \/>\t\t\t\t\t\t\t\t\t\t\t\t\t\t\t<\/div>\n\t\t\t\t<\/div>\n\t\t\t\t<div class=\"elementor-element elementor-element-460176f elementor-widget elementor-widget-text-editor\" data-id=\"460176f\" data-element_type=\"widget\" data-e-type=\"widget\" data-widget_type=\"text-editor.default\">\n\t\t\t\t<div class=\"elementor-widget-container\">\n\t\t\t\t\t\t\t\t\t<p><em>Carne<\/em>\u00a0[<em>Flesh<\/em>], 2013\u20132018; Video animation, 6&#8242; 40&#8243;, Loop (excerpt)<\/p>\t\t\t\t\t\t\t\t<\/div>\n\t\t\t\t<\/div>\n\t\t\t\t\t<\/div>\n\t\t<\/div>\n\t\t\t\t<div class=\"elementor-column elementor-col-50 elementor-top-column elementor-element elementor-element-8fddbda\" data-id=\"8fddbda\" data-element_type=\"column\" data-e-type=\"column\">\n\t\t\t<div class=\"elementor-widget-wrap elementor-element-populated\">\n\t\t\t\t\t\t<div class=\"elementor-element elementor-element-0559fd9 elementor-widget elementor-widget-text-editor\" data-id=\"0559fd9\" data-element_type=\"widget\" data-e-type=\"widget\" data-widget_type=\"text-editor.default\">\n\t\t\t\t<div class=\"elementor-widget-container\">\n\t\t\t\t\t\t\t\t\t<p>An animated cheese-grater performs a script that poetically combines pharmaceutical vocabulary (especially chemical reactions), definitions of tear gas, the songs of Rotterdam market vendors, a list of different types of meat and cooking utensils, and e-mail greetings and envois.<\/p><p>The script was originally performed at the Dutch Art Institute Istanbul (DAII) exhibition at Galata Foto\u011frasanesi Foto\u011fraf Akademisi, Istanbul, in September 2013. The video animation was produced by the Museo de Arte Moderno de Buenos Aires for the exhibition Mercedes Azpilicueta: Cuerpos P\u00e1jaro [Mercedes Azpilicueta: Body Birds], Buenos Aires (November 2018\u2013April 2019).<\/p><p>Credits: Mercedes Azpilicueta (concept, text and voice) Azul Demonte (animation and 3D modelling) Tiago Worm Tirone (voice recording and sound editing)<\/p>\t\t\t\t\t\t\t\t<\/div>\n\t\t\t\t<\/div>\n\t\t\t\t<div class=\"elementor-element elementor-element-44d55b9 elementor-widget elementor-widget-text-editor\" data-id=\"44d55b9\" data-element_type=\"widget\" data-e-type=\"widget\" data-widget_type=\"text-editor.default\">\n\t\t\t\t<div class=\"elementor-widget-container\">\n\t\t\t\t\t\t\t\t\t<h5><a href=\"https:\/\/youtu.be\/HWMocN3Oz9g\" target=\"_blank\" rel=\"noopener\"><u>Watch the entire video on the Modern&#8217;s YouTube channel until June 8.<\/u><\/a><\/h5>\t\t\t\t\t\t\t\t<\/div>\n\t\t\t\t<\/div>\n\t\t\t\t\t<\/div>\n\t\t<\/div>\n\t\t\t\t\t<\/div>\n\t\t<\/section>\n\t\t\t\t<section class=\"elementor-section elementor-top-section elementor-element elementor-element-9440cc7 elementor-section-content-middle elementor-section-boxed elementor-section-height-default elementor-section-height-default\" data-id=\"9440cc7\" data-element_type=\"section\" data-e-type=\"section\">\n\t\t\t\t\t\t<div class=\"elementor-container elementor-column-gap-default\">\n\t\t\t\t\t<div class=\"elementor-column elementor-col-100 elementor-top-column elementor-element elementor-element-fd19132\" data-id=\"fd19132\" data-element_type=\"column\" data-e-type=\"column\">\n\t\t\t<div class=\"elementor-widget-wrap elementor-element-populated\">\n\t\t\t\t\t\t<section class=\"elementor-section elementor-inner-section elementor-element elementor-element-6d25c00 elementor-section-full_width elementor-section-content-middle elementor-section-height-default elementor-section-height-default\" data-id=\"6d25c00\" data-element_type=\"section\" data-e-type=\"section\" data-settings=\"{&quot;background_background&quot;:&quot;gradient&quot;}\">\n\t\t\t\t\t\t<div class=\"elementor-container elementor-column-gap-default\">\n\t\t\t\t\t<div class=\"elementor-column elementor-col-50 elementor-inner-column elementor-element elementor-element-7c1b71d\" data-id=\"7c1b71d\" data-element_type=\"column\" data-e-type=\"column\">\n\t\t\t<div class=\"elementor-widget-wrap elementor-element-populated\">\n\t\t\t\t\t\t<div class=\"elementor-element elementor-element-25bdc26 elementor-widget elementor-widget-heading\" data-id=\"25bdc26\" data-element_type=\"widget\" data-e-type=\"widget\" data-widget_type=\"heading.default\">\n\t\t\t\t<div class=\"elementor-widget-container\">\n\t\t\t\t\t<h2 class=\"elementor-heading-title elementor-size-default\">RECOMENDATIONS TO READ AT HOME (SPANISH)<\/h2>\t\t\t\t<\/div>\n\t\t\t\t<\/div>\n\t\t\t\t\t<\/div>\n\t\t<\/div>\n\t\t\t\t<div class=\"elementor-column elementor-col-50 elementor-inner-column elementor-element elementor-element-445f6c3\" data-id=\"445f6c3\" data-element_type=\"column\" data-e-type=\"column\">\n\t\t\t<div class=\"elementor-widget-wrap elementor-element-populated\">\n\t\t\t\t\t\t<div class=\"elementor-element elementor-element-9a0197f elementor-widget elementor-widget-image\" data-id=\"9a0197f\" data-element_type=\"widget\" data-e-type=\"widget\" data-widget_type=\"image.default\">\n\t\t\t\t<div class=\"elementor-widget-container\">\n\t\t\t\t\t\t\t\t\t\t\t\t\t\t\t<img loading=\"lazy\" decoding=\"async\" width=\"514\" height=\"295\" src=\"https:\/\/museomoderno.org\/wp-content\/uploads\/2020\/12\/Captura-de-Pantalla-2020-05-29-a-las-12.14.35.png\" class=\"attachment-full size-full wp-image-2947\" alt=\"\" srcset=\"https:\/\/museomoderno.org\/wp-content\/uploads\/2020\/12\/Captura-de-Pantalla-2020-05-29-a-las-12.14.35.png 514w, https:\/\/museomoderno.org\/wp-content\/uploads\/2020\/12\/Captura-de-Pantalla-2020-05-29-a-las-12.14.35-300x172.png 300w\" sizes=\"(max-width: 514px) 100vw, 514px\" \/>\t\t\t\t\t\t\t\t\t\t\t\t\t\t\t<\/div>\n\t\t\t\t<\/div>\n\t\t\t\t\t<\/div>\n\t\t<\/div>\n\t\t\t\t\t<\/div>\n\t\t<\/section>\n\t\t\t\t\t<\/div>\n\t\t<\/div>\n\t\t\t\t\t<\/div>\n\t\t<\/section>\n\t\t\t\t<section class=\"elementor-section elementor-top-section elementor-element elementor-element-d787eda elementor-section-content-middle elementor-section-boxed elementor-section-height-default elementor-section-height-default\" data-id=\"d787eda\" data-element_type=\"section\" data-e-type=\"section\">\n\t\t\t\t\t\t<div class=\"elementor-container elementor-column-gap-default\">\n\t\t\t\t\t<div class=\"elementor-column elementor-col-100 elementor-top-column elementor-element elementor-element-7cfb4e6\" data-id=\"7cfb4e6\" data-element_type=\"column\" data-e-type=\"column\">\n\t\t\t<div class=\"elementor-widget-wrap elementor-element-populated\">\n\t\t\t\t\t\t<section class=\"elementor-section elementor-inner-section elementor-element elementor-element-569f33f elementor-section-full_width elementor-section-content-middle elementor-section-height-default elementor-section-height-default\" data-id=\"569f33f\" data-element_type=\"section\" data-e-type=\"section\" data-settings=\"{&quot;background_background&quot;:&quot;gradient&quot;}\">\n\t\t\t\t\t\t<div class=\"elementor-container elementor-column-gap-default\">\n\t\t\t\t\t<div class=\"elementor-column elementor-col-50 elementor-inner-column elementor-element elementor-element-be77972\" data-id=\"be77972\" data-element_type=\"column\" data-e-type=\"column\">\n\t\t\t<div class=\"elementor-widget-wrap elementor-element-populated\">\n\t\t\t\t\t\t<div class=\"elementor-element elementor-element-df427a6 elementor-widget elementor-widget-heading\" data-id=\"df427a6\" data-element_type=\"widget\" data-e-type=\"widget\" data-widget_type=\"heading.default\">\n\t\t\t\t<div class=\"elementor-widget-container\">\n\t\t\t\t\t<h2 class=\"elementor-heading-title elementor-size-default\">COMPLEMENTS: THE VOICE - ACTIVITY FOR BLIND PEOPLE<\/h2>\t\t\t\t<\/div>\n\t\t\t\t<\/div>\n\t\t\t\t\t<\/div>\n\t\t<\/div>\n\t\t\t\t<div class=\"elementor-column elementor-col-50 elementor-inner-column elementor-element elementor-element-c465bd4\" data-id=\"c465bd4\" data-element_type=\"column\" data-e-type=\"column\">\n\t\t\t<div class=\"elementor-widget-wrap elementor-element-populated\">\n\t\t\t\t\t\t<div class=\"elementor-element elementor-element-4ee856a elementor-widget elementor-widget-image\" data-id=\"4ee856a\" data-element_type=\"widget\" data-e-type=\"widget\" data-widget_type=\"image.default\">\n\t\t\t\t<div class=\"elementor-widget-container\">\n\t\t\t\t\t\t\t\t\t\t\t\t\t\t\t<img loading=\"lazy\" decoding=\"async\" width=\"384\" height=\"276\" src=\"https:\/\/museomoderno.org\/wp-content\/uploads\/2020\/12\/Captura-de-Pantalla-2020-05-28-a-las-13.01.39_2.png\" class=\"attachment-full size-full wp-image-2948\" alt=\"\" srcset=\"https:\/\/museomoderno.org\/wp-content\/uploads\/2020\/12\/Captura-de-Pantalla-2020-05-28-a-las-13.01.39_2.png 384w, https:\/\/museomoderno.org\/wp-content\/uploads\/2020\/12\/Captura-de-Pantalla-2020-05-28-a-las-13.01.39_2-300x216.png 300w\" sizes=\"(max-width: 384px) 100vw, 384px\" \/>\t\t\t\t\t\t\t\t\t\t\t\t\t\t\t<\/div>\n\t\t\t\t<\/div>\n\t\t\t\t\t<\/div>\n\t\t<\/div>\n\t\t\t\t\t<\/div>\n\t\t<\/section>\n\t\t\t\t\t<\/div>\n\t\t<\/div>\n\t\t\t\t\t<\/div>\n\t\t<\/section>\n\t\t\t\t<section class=\"elementor-section elementor-top-section elementor-element elementor-element-3017606 elementor-section-boxed elementor-section-height-default elementor-section-height-default\" data-id=\"3017606\" data-element_type=\"section\" data-e-type=\"section\">\n\t\t\t\t\t\t<div class=\"elementor-container elementor-column-gap-default\">\n\t\t\t\t\t<div class=\"elementor-column elementor-col-50 elementor-top-column elementor-element elementor-element-8a30b54\" data-id=\"8a30b54\" data-element_type=\"column\" data-e-type=\"column\">\n\t\t\t<div class=\"elementor-widget-wrap elementor-element-populated\">\n\t\t\t\t\t\t<div class=\"elementor-element elementor-element-5fe22ea elementor-widget elementor-widget-image\" data-id=\"5fe22ea\" data-element_type=\"widget\" data-e-type=\"widget\" data-widget_type=\"image.default\">\n\t\t\t\t<div class=\"elementor-widget-container\">\n\t\t\t\t\t\t\t\t\t\t\t\t\t\t\t\t<a href=\"https:\/\/issuu.com\/museomoderno\/docs\/aizicovic-libro-web\" target=\"_blank\" rel=\"nofollow noopener\">\n\t\t\t\t\t\t\t<img loading=\"lazy\" decoding=\"async\" width=\"941\" height=\"546\" src=\"https:\/\/museomoderno.org\/wp-content\/uploads\/2020\/12\/Captura-de-Pantalla-2020-05-21-a-las-15.07.29_0.png\" class=\"attachment-full size-full wp-image-2952\" alt=\"\" srcset=\"https:\/\/museomoderno.org\/wp-content\/uploads\/2020\/12\/Captura-de-Pantalla-2020-05-21-a-las-15.07.29_0.png 941w, https:\/\/museomoderno.org\/wp-content\/uploads\/2020\/12\/Captura-de-Pantalla-2020-05-21-a-las-15.07.29_0-300x174.png 300w, https:\/\/museomoderno.org\/wp-content\/uploads\/2020\/12\/Captura-de-Pantalla-2020-05-21-a-las-15.07.29_0-768x446.png 768w\" sizes=\"(max-width: 941px) 100vw, 941px\" \/>\t\t\t\t\t\t\t\t<\/a>\n\t\t\t\t\t\t\t\t\t\t\t\t\t\t\t<\/div>\n\t\t\t\t<\/div>\n\t\t\t\t<div class=\"elementor-element elementor-element-c8f04a7 elementor-widget elementor-widget-text-editor\" data-id=\"c8f04a7\" data-element_type=\"widget\" data-e-type=\"widget\" data-widget_type=\"text-editor.default\">\n\t\t\t\t<div class=\"elementor-widget-container\">\n\t\t\t\t\t\t\t\t\t<p>This book traces a path through the main lines of interest in Andr\u00e9s Aizicovich\u2019s work, featuring many of his drawings, writings, sketches and images of a variety of works from his output. Accompanying this material are documentary photographs from Contacto [Contact], the exhibition of his work at the Museo de Arte Moderno de Buenos Aires in 2019. It also features a curatorial text by Laura Hakel, an extended essay by Francisco Ali-Brouchoud, a biography of the artist and a glossary defining the essential concepts of the artist\u2019s work.<\/p>\t\t\t\t\t\t\t\t<\/div>\n\t\t\t\t<\/div>\n\t\t\t\t\t<\/div>\n\t\t<\/div>\n\t\t\t\t<div class=\"elementor-column elementor-col-50 elementor-top-column elementor-element elementor-element-9fe0215\" data-id=\"9fe0215\" data-element_type=\"column\" data-e-type=\"column\">\n\t\t\t<div class=\"elementor-widget-wrap elementor-element-populated\">\n\t\t\t\t\t\t<div class=\"elementor-element elementor-element-9657c10 elementor-widget elementor-widget-video\" data-id=\"9657c10\" data-element_type=\"widget\" data-e-type=\"widget\" data-settings=\"{&quot;youtube_url&quot;:&quot;https:\\\/\\\/youtu.be\\\/9XIvksIJl74&quot;,&quot;video_type&quot;:&quot;youtube&quot;,&quot;controls&quot;:&quot;yes&quot;}\" data-widget_type=\"video.default\">\n\t\t\t\t<div class=\"elementor-widget-container\">\n\t\t\t\t\t\t\t<div class=\"elementor-wrapper elementor-open-inline\">\n\t\t\t<div class=\"elementor-video\"><\/div>\t\t<\/div>\n\t\t\t\t\t\t<\/div>\n\t\t\t\t<\/div>\n\t\t\t\t<div class=\"elementor-element elementor-element-d61b92a elementor-widget elementor-widget-text-editor\" data-id=\"d61b92a\" data-element_type=\"widget\" data-e-type=\"widget\" data-widget_type=\"text-editor.default\">\n\t\t\t\t<div class=\"elementor-widget-container\">\n\t\t\t\t\t\t\t\t\t<p>Andr\u00e9s Aizicovich<br \/><em>Habla para que pueda verte\u00a0<\/em>[<em>Speak So that I Can See You<\/em>], 2020.<br \/>Video,\u00a02&#8242; 35&#8243;<br \/>Credits: Andr\u00e9s Aizicovich (concept, texts, voice)<br \/>Natalia Labak\u00e9 (montage, sound editing, voice)<br \/>Ivo Aichenbaum (voice)<\/p>\t\t\t\t\t\t\t\t<\/div>\n\t\t\t\t<\/div>\n\t\t\t\t\t<\/div>\n\t\t<\/div>\n\t\t\t\t\t<\/div>\n\t\t<\/section>\n\t\t\t\t<section class=\"elementor-section elementor-top-section elementor-element elementor-element-b843193 elementor-section-content-middle elementor-section-boxed elementor-section-height-default elementor-section-height-default\" data-id=\"b843193\" data-element_type=\"section\" data-e-type=\"section\">\n\t\t\t\t\t\t<div class=\"elementor-container elementor-column-gap-default\">\n\t\t\t\t\t<div class=\"elementor-column elementor-col-100 elementor-top-column elementor-element elementor-element-2e39a7e\" data-id=\"2e39a7e\" data-element_type=\"column\" data-e-type=\"column\">\n\t\t\t<div class=\"elementor-widget-wrap elementor-element-populated\">\n\t\t\t\t\t\t<section class=\"elementor-section elementor-inner-section elementor-element elementor-element-9008da0 elementor-section-full_width elementor-section-content-middle elementor-section-height-default elementor-section-height-default\" data-id=\"9008da0\" data-element_type=\"section\" data-e-type=\"section\" data-settings=\"{&quot;background_background&quot;:&quot;gradient&quot;}\">\n\t\t\t\t\t\t<div class=\"elementor-container elementor-column-gap-default\">\n\t\t\t\t\t<div class=\"elementor-column elementor-col-50 elementor-inner-column elementor-element elementor-element-a5d94e3\" data-id=\"a5d94e3\" data-element_type=\"column\" data-e-type=\"column\">\n\t\t\t<div class=\"elementor-widget-wrap elementor-element-populated\">\n\t\t\t\t\t\t<div class=\"elementor-element elementor-element-7e7b5a9 elementor-widget elementor-widget-heading\" data-id=\"7e7b5a9\" data-element_type=\"widget\" data-e-type=\"widget\" data-widget_type=\"heading.default\">\n\t\t\t\t<div class=\"elementor-widget-container\">\n\t\t\t\t\t<h2 class=\"elementor-heading-title elementor-size-default\">VIDEOS FOR TEACHERS - EPISODE 5: THE VOICE<\/h2>\t\t\t\t<\/div>\n\t\t\t\t<\/div>\n\t\t\t\t\t<\/div>\n\t\t<\/div>\n\t\t\t\t<div class=\"elementor-column elementor-col-50 elementor-inner-column elementor-element elementor-element-475d313\" data-id=\"475d313\" data-element_type=\"column\" data-e-type=\"column\">\n\t\t\t<div class=\"elementor-widget-wrap elementor-element-populated\">\n\t\t\t\t\t\t<div class=\"elementor-element elementor-element-2962c62 elementor-widget elementor-widget-image\" data-id=\"2962c62\" data-element_type=\"widget\" data-e-type=\"widget\" data-widget_type=\"image.default\">\n\t\t\t\t<div class=\"elementor-widget-container\">\n\t\t\t\t\t\t\t\t\t\t\t\t\t\t\t<img loading=\"lazy\" decoding=\"async\" width=\"445\" height=\"312\" src=\"https:\/\/museomoderno.org\/wp-content\/uploads\/2020\/12\/Captura-de-Pantalla-2020-05-26-a-las-17.30.11.png\" class=\"attachment-full size-full wp-image-2956\" alt=\"\" srcset=\"https:\/\/museomoderno.org\/wp-content\/uploads\/2020\/12\/Captura-de-Pantalla-2020-05-26-a-las-17.30.11.png 445w, https:\/\/museomoderno.org\/wp-content\/uploads\/2020\/12\/Captura-de-Pantalla-2020-05-26-a-las-17.30.11-300x210.png 300w\" sizes=\"(max-width: 445px) 100vw, 445px\" \/>\t\t\t\t\t\t\t\t\t\t\t\t\t\t\t<\/div>\n\t\t\t\t<\/div>\n\t\t\t\t\t<\/div>\n\t\t<\/div>\n\t\t\t\t\t<\/div>\n\t\t<\/section>\n\t\t\t\t\t<\/div>\n\t\t<\/div>\n\t\t\t\t\t<\/div>\n\t\t<\/section>\n\t\t\t\t<section class=\"elementor-section elementor-top-section elementor-element elementor-element-91bb569 elementor-section-boxed elementor-section-height-default elementor-section-height-default\" data-id=\"91bb569\" data-element_type=\"section\" data-e-type=\"section\">\n\t\t\t\t\t\t<div class=\"elementor-container elementor-column-gap-default\">\n\t\t\t\t\t<div class=\"elementor-column elementor-col-50 elementor-top-column elementor-element elementor-element-b7d8915\" data-id=\"b7d8915\" data-element_type=\"column\" data-e-type=\"column\">\n\t\t\t<div class=\"elementor-widget-wrap elementor-element-populated\">\n\t\t\t\t\t\t<div class=\"elementor-element elementor-element-281b721 elementor-widget elementor-widget-image\" data-id=\"281b721\" data-element_type=\"widget\" data-e-type=\"widget\" data-widget_type=\"image.default\">\n\t\t\t\t<div class=\"elementor-widget-container\">\n\t\t\t\t\t\t\t\t\t\t\t\t\t\t\t\t<a href=\"https:\/\/issuu.com\/museomoderno\/docs\/educacion-polifonico-final\" target=\"_blank\" rel=\"nofollow noopener\">\n\t\t\t\t\t\t\t<img loading=\"lazy\" decoding=\"async\" width=\"938\" height=\"543\" src=\"https:\/\/museomoderno.org\/wp-content\/uploads\/2020\/12\/Captura-de-Pantalla-2020-05-28-a-las-10.59.06_0.png\" class=\"attachment-full size-full wp-image-2957\" alt=\"\" srcset=\"https:\/\/museomoderno.org\/wp-content\/uploads\/2020\/12\/Captura-de-Pantalla-2020-05-28-a-las-10.59.06_0.png 938w, https:\/\/museomoderno.org\/wp-content\/uploads\/2020\/12\/Captura-de-Pantalla-2020-05-28-a-las-10.59.06_0-300x174.png 300w, https:\/\/museomoderno.org\/wp-content\/uploads\/2020\/12\/Captura-de-Pantalla-2020-05-28-a-las-10.59.06_0-768x445.png 768w\" sizes=\"(max-width: 938px) 100vw, 938px\" \/>\t\t\t\t\t\t\t\t<\/a>\n\t\t\t\t\t\t\t\t\t\t\t\t\t\t\t<\/div>\n\t\t\t\t<\/div>\n\t\t\t\t\t<\/div>\n\t\t<\/div>\n\t\t\t\t<div class=\"elementor-column elementor-col-50 elementor-top-column elementor-element elementor-element-abd7666\" data-id=\"abd7666\" data-element_type=\"column\" data-e-type=\"column\">\n\t\t\t<div class=\"elementor-widget-wrap elementor-element-populated\">\n\t\t\t\t\t\t<div class=\"elementor-element elementor-element-c41bf4b elementor-widget elementor-widget-text-editor\" data-id=\"c41bf4b\" data-element_type=\"widget\" data-e-type=\"widget\" data-widget_type=\"text-editor.default\">\n\t\t\t\t<div class=\"elementor-widget-container\">\n\t\t\t\t\t\t\t\t\t<p>This week we have decided to highlight the idea of the human museum, sustained by the emotions of its workers and viewers, who interact with the institution in different ways. We would therefore like to bring you a publication jointly designed by the gallery guards of the Museo de Arte Moderno de Buenos Aires and its Education Team. The Team\u2019s testimonies arose out of the weekly meetings motivated by the need to meet and keep thinking about the museum collectively. We thank all the voices who have breathed life into this collective creation: B\u00e1rbara Arona, Victoria Mart\u00edn Reyes, Victoria Renzo, Paula Forgione, Fabi\u00e1n Bracca, Agustina Bracca, Silvia Ben\u00edtez.<\/p><p>The publication is also illustrated with a selection of drawings by Hern\u00e1n Barreto, one of the historic guards at the Moderno, who has documented every exhibition to pass through our galleries in the last five years in more than six sketchbooks. We recognize the importance of records in these virtual times, when information can feel extremely ephemeral. How do drawings contain time?<\/p><p>We hope you enjoy this exploration as much as we have and will soon be back at the Moderno to contemplate other ways of looking.<\/p>\t\t\t\t\t\t\t\t<\/div>\n\t\t\t\t<\/div>\n\t\t\t\t\t<\/div>\n\t\t<\/div>\n\t\t\t\t\t<\/div>\n\t\t<\/section>\n\t\t\t\t<section class=\"elementor-section elementor-top-section elementor-element elementor-element-6852f7c0 elementor-section-boxed elementor-section-height-default elementor-section-height-default\" data-id=\"6852f7c0\" data-element_type=\"section\" data-e-type=\"section\">\n\t\t\t\t\t\t<div class=\"elementor-container elementor-column-gap-default\">\n\t\t\t\t\t<div class=\"elementor-column elementor-col-100 elementor-top-column elementor-element elementor-element-6c84c1e0\" data-id=\"6c84c1e0\" data-element_type=\"column\" data-e-type=\"column\">\n\t\t\t<div class=\"elementor-widget-wrap elementor-element-populated\">\n\t\t\t\t\t\t<div class=\"elementor-element elementor-element-71bce822 elementor-widget elementor-widget-heading\" data-id=\"71bce822\" data-element_type=\"widget\" data-e-type=\"widget\" data-widget_type=\"heading.default\">\n\t\t\t\t<div class=\"elementor-widget-container\">\n\t\t\t\t\t<h4 class=\"elementor-heading-title elementor-size-default\">\nFollow the Modern on their digital platforms for more content<\/h4>\t\t\t\t<\/div>\n\t\t\t\t<\/div>\n\t\t\t\t<section class=\"elementor-section elementor-inner-section elementor-element elementor-element-7f68fa47 elementor-section-boxed elementor-section-height-default elementor-section-height-default\" data-id=\"7f68fa47\" data-element_type=\"section\" data-e-type=\"section\">\n\t\t\t\t\t\t<div class=\"elementor-container elementor-column-gap-default\">\n\t\t\t\t\t<div class=\"elementor-column elementor-col-25 elementor-inner-column elementor-element elementor-element-1a4ab745\" data-id=\"1a4ab745\" data-element_type=\"column\" data-e-type=\"column\">\n\t\t\t<div class=\"elementor-widget-wrap elementor-element-populated\">\n\t\t\t\t\t\t<div class=\"elementor-element elementor-element-40e38d96 elementor-widget elementor-widget-image\" data-id=\"40e38d96\" data-element_type=\"widget\" data-e-type=\"widget\" data-widget_type=\"image.default\">\n\t\t\t\t<div class=\"elementor-widget-container\">\n\t\t\t\t\t\t\t\t\t\t\t\t<figure class=\"wp-caption\">\n\t\t\t\t\t\t\t\t\t\t\t<a href=\"https:\/\/www.youtube.com\/channel\/UCaOs2nP3pdekN89NDEAWPng\" target=\"_blank\" rel=\"nofollow noopener\">\n\t\t\t\t\t\t\t<img loading=\"lazy\" decoding=\"async\" width=\"270\" height=\"180\" src=\"https:\/\/museomoderno.org\/wp-content\/uploads\/2020\/12\/YOUTUBE2_0.jpg\" class=\"attachment-full size-full wp-image-2067\" alt=\"\" \/>\t\t\t\t\t\t\t\t<\/a>\n\t\t\t\t\t\t\t\t\t\t\t<figcaption class=\"widget-image-caption wp-caption-text\">Youtube<\/figcaption>\n\t\t\t\t\t\t\t\t\t\t<\/figure>\n\t\t\t\t\t\t\t\t\t<\/div>\n\t\t\t\t<\/div>\n\t\t\t\t\t<\/div>\n\t\t<\/div>\n\t\t\t\t<div class=\"elementor-column elementor-col-25 elementor-inner-column elementor-element elementor-element-674a6289\" data-id=\"674a6289\" data-element_type=\"column\" data-e-type=\"column\">\n\t\t\t<div class=\"elementor-widget-wrap elementor-element-populated\">\n\t\t\t\t\t\t<div class=\"elementor-element elementor-element-1644380c elementor-widget elementor-widget-image\" data-id=\"1644380c\" data-element_type=\"widget\" data-e-type=\"widget\" data-widget_type=\"image.default\">\n\t\t\t\t<div class=\"elementor-widget-container\">\n\t\t\t\t\t\t\t\t\t\t\t\t<figure class=\"wp-caption\">\n\t\t\t\t\t\t\t\t\t\t\t<a href=\"https:\/\/www.instagram.com\/modernoba\/\" target=\"_blank\" rel=\"nofollow noopener\">\n\t\t\t\t\t\t\t<img loading=\"lazy\" decoding=\"async\" width=\"270\" height=\"180\" src=\"https:\/\/museomoderno.org\/wp-content\/uploads\/2020\/12\/INSTAGRAM2_0.jpg\" class=\"attachment-full size-full wp-image-2068\" alt=\"\" \/>\t\t\t\t\t\t\t\t<\/a>\n\t\t\t\t\t\t\t\t\t\t\t<figcaption class=\"widget-image-caption wp-caption-text\">Instagram<\/figcaption>\n\t\t\t\t\t\t\t\t\t\t<\/figure>\n\t\t\t\t\t\t\t\t\t<\/div>\n\t\t\t\t<\/div>\n\t\t\t\t\t<\/div>\n\t\t<\/div>\n\t\t\t\t<div class=\"elementor-column elementor-col-25 elementor-inner-column elementor-element elementor-element-4728a982\" data-id=\"4728a982\" data-element_type=\"column\" data-e-type=\"column\">\n\t\t\t<div class=\"elementor-widget-wrap elementor-element-populated\">\n\t\t\t\t\t\t<div class=\"elementor-element elementor-element-dfc299b elementor-widget elementor-widget-image\" data-id=\"dfc299b\" data-element_type=\"widget\" data-e-type=\"widget\" data-widget_type=\"image.default\">\n\t\t\t\t<div class=\"elementor-widget-container\">\n\t\t\t\t\t\t\t\t\t\t\t\t<figure class=\"wp-caption\">\n\t\t\t\t\t\t\t\t\t\t\t<a href=\"https:\/\/open.spotify.com\/user\/dqnqsnfdbpalfkrz39z8umv4k\" target=\"_blank\" rel=\"nofollow noopener\">\n\t\t\t\t\t\t\t<img loading=\"lazy\" decoding=\"async\" width=\"270\" height=\"180\" src=\"https:\/\/museomoderno.org\/wp-content\/uploads\/2020\/12\/SPOTIFY2_0.jpg\" class=\"attachment-full size-full wp-image-2069\" alt=\"\" \/>\t\t\t\t\t\t\t\t<\/a>\n\t\t\t\t\t\t\t\t\t\t\t<figcaption class=\"widget-image-caption wp-caption-text\">Spotify<\/figcaption>\n\t\t\t\t\t\t\t\t\t\t<\/figure>\n\t\t\t\t\t\t\t\t\t<\/div>\n\t\t\t\t<\/div>\n\t\t\t\t\t<\/div>\n\t\t<\/div>\n\t\t\t\t<div class=\"elementor-column elementor-col-25 elementor-inner-column elementor-element elementor-element-148aee24\" data-id=\"148aee24\" data-element_type=\"column\" data-e-type=\"column\">\n\t\t\t<div class=\"elementor-widget-wrap elementor-element-populated\">\n\t\t\t\t\t\t<div class=\"elementor-element elementor-element-35504e99 elementor-widget elementor-widget-image\" data-id=\"35504e99\" data-element_type=\"widget\" data-e-type=\"widget\" data-widget_type=\"image.default\">\n\t\t\t\t<div class=\"elementor-widget-container\">\n\t\t\t\t\t\t\t\t\t\t\t\t<figure class=\"wp-caption\">\n\t\t\t\t\t\t\t\t\t\t\t<a href=\"https:\/\/artsandculture.google.com\/partner\/museo-de-arte-moderno-de-buenos-aires-museo-moderno\" target=\"_blank\" rel=\"nofollow noopener\">\n\t\t\t\t\t\t\t<img loading=\"lazy\" decoding=\"async\" width=\"270\" height=\"180\" src=\"https:\/\/museomoderno.org\/wp-content\/uploads\/2020\/12\/GOOGLEART2_0.jpg\" class=\"attachment-full size-full wp-image-2070\" alt=\"\" \/>\t\t\t\t\t\t\t\t<\/a>\n\t\t\t\t\t\t\t\t\t\t\t<figcaption class=\"widget-image-caption wp-caption-text\">Google Art Project<\/figcaption>\n\t\t\t\t\t\t\t\t\t\t<\/figure>\n\t\t\t\t\t\t\t\t\t<\/div>\n\t\t\t\t<\/div>\n\t\t\t\t\t<\/div>\n\t\t<\/div>\n\t\t\t\t\t<\/div>\n\t\t<\/section>\n\t\t\t\t\t<\/div>\n\t\t<\/div>\n\t\t\t\t\t<\/div>\n\t\t<\/section>\n\t\t\t\t<\/div>\n\t\t","protected":false},"excerpt":{"rendered":"<p>Voice and I We are experiencing a re-emergence of the vocal power of humanity. The voice has grown stronger than it was before. It is not just a medium for language but a mark of identity with its different tones, timbres and registers. It brings an important facet of other people back into the present. [&hellip;]<\/p>\n","protected":false},"author":7,"featured_media":33197,"comment_status":"open","ping_status":"open","sticky":false,"template":"elementor_header_footer","format":"standard","meta":{"footnotes":""},"categories":[38],"tags":[],"class_list":["post-9002","post","type-post","status-publish","format-standard","has-post-thumbnail","hentry","category-museo-moderno-en-casa-en"],"_links":{"self":[{"href":"https:\/\/museomoderno.org\/en\/wp-json\/wp\/v2\/posts\/9002","targetHints":{"allow":["GET"]}}],"collection":[{"href":"https:\/\/museomoderno.org\/en\/wp-json\/wp\/v2\/posts"}],"about":[{"href":"https:\/\/museomoderno.org\/en\/wp-json\/wp\/v2\/types\/post"}],"author":[{"embeddable":true,"href":"https:\/\/museomoderno.org\/en\/wp-json\/wp\/v2\/users\/7"}],"replies":[{"embeddable":true,"href":"https:\/\/museomoderno.org\/en\/wp-json\/wp\/v2\/comments?post=9002"}],"version-history":[{"count":0,"href":"https:\/\/museomoderno.org\/en\/wp-json\/wp\/v2\/posts\/9002\/revisions"}],"wp:featuredmedia":[{"embeddable":true,"href":"https:\/\/museomoderno.org\/en\/wp-json\/wp\/v2\/media\/33197"}],"wp:attachment":[{"href":"https:\/\/museomoderno.org\/en\/wp-json\/wp\/v2\/media?parent=9002"}],"wp:term":[{"taxonomy":"category","embeddable":true,"href":"https:\/\/museomoderno.org\/en\/wp-json\/wp\/v2\/categories?post=9002"},{"taxonomy":"post_tag","embeddable":true,"href":"https:\/\/museomoderno.org\/en\/wp-json\/wp\/v2\/tags?post=9002"}],"curies":[{"name":"wp","href":"https:\/\/api.w.org\/{rel}","templated":true}]}}