{"id":8995,"date":"2020-06-01T17:59:00","date_gmt":"2020-06-01T20:59:00","guid":{"rendered":"https:\/\/museomoderno.org\/silencio\/"},"modified":"2023-06-12T15:16:21","modified_gmt":"2023-06-12T18:16:21","slug":"silence","status":"publish","type":"post","link":"https:\/\/museomoderno.org\/en\/silence\/","title":{"rendered":"Silence"},"content":{"rendered":"\t\t<div data-elementor-type=\"wp-post\" data-elementor-id=\"8995\" class=\"elementor elementor-8995 elementor-2834\" data-elementor-post-type=\"post\">\n\t\t\t\t\t\t<section class=\"elementor-section elementor-top-section elementor-element elementor-element-109497ea elementor-section-boxed elementor-section-height-default elementor-section-height-default\" data-id=\"109497ea\" data-element_type=\"section\" data-e-type=\"section\">\n\t\t\t\t\t\t<div class=\"elementor-container elementor-column-gap-default\">\n\t\t\t\t\t<div class=\"elementor-column elementor-col-100 elementor-top-column elementor-element elementor-element-1fdacb02\" data-id=\"1fdacb02\" data-element_type=\"column\" data-e-type=\"column\">\n\t\t\t<div class=\"elementor-widget-wrap elementor-element-populated\">\n\t\t\t\t\t\t<div class=\"elementor-element elementor-element-2cda9195 elementor-widget elementor-widget-heading\" data-id=\"2cda9195\" data-element_type=\"widget\" data-e-type=\"widget\" data-widget_type=\"heading.default\">\n\t\t\t\t<div class=\"elementor-widget-container\">\n\t\t\t\t\t<h1 class=\"elementor-heading-title elementor-size-default\">Silence<\/h1>\t\t\t\t<\/div>\n\t\t\t\t<\/div>\n\t\t\t\t\t<\/div>\n\t\t<\/div>\n\t\t\t\t\t<\/div>\n\t\t<\/section>\n\t\t\t\t<section class=\"elementor-section elementor-top-section elementor-element elementor-element-15e3d686 elementor-section-boxed elementor-section-height-default elementor-section-height-default\" data-id=\"15e3d686\" data-element_type=\"section\" data-e-type=\"section\">\n\t\t\t\t\t\t<div class=\"elementor-container elementor-column-gap-default\">\n\t\t\t\t\t<div class=\"elementor-column elementor-col-100 elementor-top-column elementor-element elementor-element-6ea31855\" data-id=\"6ea31855\" data-element_type=\"column\" data-e-type=\"column\">\n\t\t\t<div class=\"elementor-widget-wrap elementor-element-populated\">\n\t\t\t\t\t\t<div class=\"elementor-element elementor-element-2e32a31 elementor-widget-divider--view-line elementor-widget elementor-widget-divider\" data-id=\"2e32a31\" data-element_type=\"widget\" data-e-type=\"widget\" data-widget_type=\"divider.default\">\n\t\t\t\t<div class=\"elementor-widget-container\">\n\t\t\t\t\t\t\t<div class=\"elementor-divider\">\n\t\t\t<span class=\"elementor-divider-separator\">\n\t\t\t\t\t\t<\/span>\n\t\t<\/div>\n\t\t\t\t\t\t<\/div>\n\t\t\t\t<\/div>\n\t\t\t\t<div class=\"elementor-element elementor-element-93cce6d elementor-widget elementor-widget-video\" data-id=\"93cce6d\" data-element_type=\"widget\" data-e-type=\"widget\" data-settings=\"{&quot;youtube_url&quot;:&quot;https:\\\/\\\/youtu.be\\\/U16P6GsjRmI&quot;,&quot;video_type&quot;:&quot;youtube&quot;,&quot;controls&quot;:&quot;yes&quot;}\" data-widget_type=\"video.default\">\n\t\t\t\t<div class=\"elementor-widget-container\">\n\t\t\t\t\t\t\t<div class=\"elementor-wrapper elementor-open-inline\">\n\t\t\t<div class=\"elementor-video\"><\/div>\t\t<\/div>\n\t\t\t\t\t\t<\/div>\n\t\t\t\t<\/div>\n\t\t\t\t\t<\/div>\n\t\t<\/div>\n\t\t\t\t\t<\/div>\n\t\t<\/section>\n\t\t\t\t<section class=\"elementor-section elementor-top-section elementor-element elementor-element-cc71e96 elementor-section-boxed elementor-section-height-default elementor-section-height-default\" data-id=\"cc71e96\" data-element_type=\"section\" data-e-type=\"section\">\n\t\t\t\t\t\t<div class=\"elementor-container elementor-column-gap-default\">\n\t\t\t\t\t<div class=\"elementor-column elementor-col-100 elementor-top-column elementor-element elementor-element-0588a78\" data-id=\"0588a78\" data-element_type=\"column\" data-e-type=\"column\">\n\t\t\t<div class=\"elementor-widget-wrap elementor-element-populated\">\n\t\t\t\t\t\t<div class=\"elementor-element elementor-element-b1e9007 elementor-widget elementor-widget-text-editor\" data-id=\"b1e9007\" data-element_type=\"widget\" data-e-type=\"widget\" data-widget_type=\"text-editor.default\">\n\t\t\t\t<div class=\"elementor-widget-container\">\n\t\t\t\t\t\t\t\t\t<p>Three great friends talk about silence in music, quantum physics and literature, and about its role in art, meditation and the unsayable in the poetic process. They also discuss that silent hiatus, that rediscovering of suspended silence prompted in its recipients by the contemplation of art.<\/p>\t\t\t\t\t\t\t\t<\/div>\n\t\t\t\t<\/div>\n\t\t\t\t\t<\/div>\n\t\t<\/div>\n\t\t\t\t\t<\/div>\n\t\t<\/section>\n\t\t\t\t<section class=\"elementor-section elementor-top-section elementor-element elementor-element-e3a1988 elementor-section-content-middle elementor-section-boxed elementor-section-height-default elementor-section-height-default\" data-id=\"e3a1988\" data-element_type=\"section\" data-e-type=\"section\">\n\t\t\t\t\t\t<div class=\"elementor-container elementor-column-gap-default\">\n\t\t\t\t\t<div class=\"elementor-column elementor-col-50 elementor-top-column elementor-element elementor-element-e15b0dc\" data-id=\"e15b0dc\" data-element_type=\"column\" data-e-type=\"column\">\n\t\t\t<div class=\"elementor-widget-wrap elementor-element-populated\">\n\t\t\t\t\t\t<div class=\"elementor-element elementor-element-a6b7654 elementor-widget elementor-widget-video\" data-id=\"a6b7654\" data-element_type=\"widget\" data-e-type=\"widget\" data-settings=\"{&quot;youtube_url&quot;:&quot;https:\\\/\\\/youtu.be\\\/gVxFKOB4P-8&quot;,&quot;video_type&quot;:&quot;youtube&quot;,&quot;controls&quot;:&quot;yes&quot;}\" data-widget_type=\"video.default\">\n\t\t\t\t<div class=\"elementor-widget-container\">\n\t\t\t\t\t\t\t<div class=\"elementor-wrapper elementor-open-inline\">\n\t\t\t<div class=\"elementor-video\"><\/div>\t\t<\/div>\n\t\t\t\t\t\t<\/div>\n\t\t\t\t<\/div>\n\t\t\t\t\t<\/div>\n\t\t<\/div>\n\t\t\t\t<div class=\"elementor-column elementor-col-50 elementor-top-column elementor-element elementor-element-918e51a\" data-id=\"918e51a\" data-element_type=\"column\" data-e-type=\"column\">\n\t\t\t<div class=\"elementor-widget-wrap elementor-element-populated\">\n\t\t\t\t\t\t<div class=\"elementor-element elementor-element-ceb599f elementor-widget elementor-widget-video\" data-id=\"ceb599f\" data-element_type=\"widget\" data-e-type=\"widget\" data-settings=\"{&quot;youtube_url&quot;:&quot;https:\\\/\\\/youtu.be\\\/nxhSQW070Dg&quot;,&quot;video_type&quot;:&quot;youtube&quot;,&quot;controls&quot;:&quot;yes&quot;}\" data-widget_type=\"video.default\">\n\t\t\t\t<div class=\"elementor-widget-container\">\n\t\t\t\t\t\t\t<div class=\"elementor-wrapper elementor-open-inline\">\n\t\t\t<div class=\"elementor-video\"><\/div>\t\t<\/div>\n\t\t\t\t\t\t<\/div>\n\t\t\t\t<\/div>\n\t\t\t\t\t<\/div>\n\t\t<\/div>\n\t\t\t\t\t<\/div>\n\t\t<\/section>\n\t\t\t\t<section class=\"elementor-section elementor-top-section elementor-element elementor-element-a76c2e9 elementor-section-content-middle elementor-section-boxed elementor-section-height-default elementor-section-height-default\" data-id=\"a76c2e9\" data-element_type=\"section\" data-e-type=\"section\">\n\t\t\t\t\t\t<div class=\"elementor-container elementor-column-gap-default\">\n\t\t\t\t\t<div class=\"elementor-column elementor-col-50 elementor-top-column elementor-element elementor-element-23c2d14\" data-id=\"23c2d14\" data-element_type=\"column\" data-e-type=\"column\">\n\t\t\t<div class=\"elementor-widget-wrap elementor-element-populated\">\n\t\t\t\t\t\t<div class=\"elementor-element elementor-element-eb4b341 elementor-widget elementor-widget-text-editor\" data-id=\"eb4b341\" data-element_type=\"widget\" data-e-type=\"widget\" data-widget_type=\"text-editor.default\">\n\t\t\t\t<div class=\"elementor-widget-container\">\n\t\t\t\t\t\t\t\t\t<p>Even in the most absolute silence we still hear our hearts beating, our breathing, the faint rustle of leaves. But how does that silence play out in the streets of our towns and cities in these strange days we are living through?<\/p><p>Today more than ever a space is needed to make silence possible. Small wonder then that in answer to the Moderno\u2019s call so many Argentinian and world artists did not think twice about taking up the gauntlet of silence as a desirable area of research that, over the years, has drawn or tested them. In such a context we are pleased to introduce a series of works and thoughts by such renowned and diverse artists and thinkers as Diana Aisenberg, Pedro Aznar, Mart\u00edn Bauer, Luis Conde, Fabiana Galante, Mariano Gil, Alberto Goldenstein, Juliana Iriart, Cesar Lerner, Alberto Rojo, Aldo Sessa, Alejandro Tantanian from Argentina, Lenora de Barros from Brasil and Bernardo Ortiz from Colombia. Welcome to the meaning-packed world of the significant pause and the listening ear.<\/p><p>After pianist David Tudor took to the stage on 29 August 1952 for the premiere of John Cage\u2019s piece 4&#8242; 33&#8221; in front of a blank score, nothing in twentieth-century would ever be the same again. Everything could be heard in those notorious minutes, and that roaring silence at the piano became a legend, provoking discomfort, laughter and ferocious criticism. Cage\u2019s gesture redefined the concept of music and contemporary art forever: art went on to incorporate real life and with it, chance, spontaneity, soundscapes or non-musical phenomena as valid compositional tools. By 1951, inside Harvard University\u2019s anechoic chamber, Cage had experienced how the murmurings of our own bodies block the sensory experience of the void. Borges too had denied the existence of silence, calling it a \u2018myth of the language or full unconsciousness or protracted metaphor. We all talk about silence but barely conceive of what it is, and the murmur of the blood in our ears belies it in our solitude.\u2019<\/p>\t\t\t\t\t\t\t\t<\/div>\n\t\t\t\t<\/div>\n\t\t\t\t\t<\/div>\n\t\t<\/div>\n\t\t\t\t<div class=\"elementor-column elementor-col-50 elementor-top-column elementor-element elementor-element-7467fcb\" data-id=\"7467fcb\" data-element_type=\"column\" data-e-type=\"column\">\n\t\t\t<div class=\"elementor-widget-wrap elementor-element-populated\">\n\t\t\t\t\t\t<div class=\"elementor-element elementor-element-1388074 elementor-widget elementor-widget-image\" data-id=\"1388074\" data-element_type=\"widget\" data-e-type=\"widget\" data-widget_type=\"image.default\">\n\t\t\t\t<div class=\"elementor-widget-container\">\n\t\t\t\t\t\t\t\t\t\t\t\t\t\t\t<img fetchpriority=\"high\" decoding=\"async\" width=\"562\" height=\"610\" src=\"https:\/\/museomoderno.org\/wp-content\/uploads\/2020\/12\/Captura-de-Pantalla-2020-06-01-a-las-09.52.28_0.png\" class=\"attachment-full size-full wp-image-2843\" alt=\"\" srcset=\"https:\/\/museomoderno.org\/wp-content\/uploads\/2020\/12\/Captura-de-Pantalla-2020-06-01-a-las-09.52.28_0.png 562w, https:\/\/museomoderno.org\/wp-content\/uploads\/2020\/12\/Captura-de-Pantalla-2020-06-01-a-las-09.52.28_0-276x300.png 276w\" sizes=\"(max-width: 562px) 100vw, 562px\" \/>\t\t\t\t\t\t\t\t\t\t\t\t\t\t\t<\/div>\n\t\t\t\t<\/div>\n\t\t\t\t<div class=\"elementor-element elementor-element-c6f117d elementor-widget elementor-widget-text-editor\" data-id=\"c6f117d\" data-element_type=\"widget\" data-e-type=\"widget\" data-widget_type=\"text-editor.default\">\n\t\t\t\t<div class=\"elementor-widget-container\">\n\t\t\t\t\t\t\t\t\t<p>Diana Aisenberg,\u00a0<em>Marco<\/em>\u00a0(1995)<br \/>\u00f3leo sobre tela, 180 x 180 cm, Colecci\u00f3n Banco Supervielle, Buenos Aires<br \/>Cr\u00e9dito fotogr\u00e1fico: Viviana Gil<\/p>\t\t\t\t\t\t\t\t<\/div>\n\t\t\t\t<\/div>\n\t\t\t\t<div class=\"elementor-element elementor-element-af5d23a elementor-widget elementor-widget-text-editor\" data-id=\"af5d23a\" data-element_type=\"widget\" data-e-type=\"widget\" data-widget_type=\"text-editor.default\">\n\t\t\t\t<div class=\"elementor-widget-container\">\n\t\t\t\t\t\t\t\t\t<p>The trigger for 4&#8217;33&#8221; appears to have been the series of white paintings by Cage\u2019s friend Robert Rauschenberg. In the artist\u2019s empty canvases \u2013 that space with no apparent intervention \u2013 could still be seen shadows and lights, and the dust in the air. Something of \u2018real\u2019 life, unmediated and signless, permeated that \u2018degree zero\u2019 of expression, that unsaying. The primal gesture was to become meaningful.<\/p><p>What does silence tell us today?<\/p><p><strong>Gabriela Comte, editor-in-chief at Museo Moderno<\/strong><\/p>\t\t\t\t\t\t\t\t<\/div>\n\t\t\t\t<\/div>\n\t\t\t\t\t<\/div>\n\t\t<\/div>\n\t\t\t\t\t<\/div>\n\t\t<\/section>\n\t\t\t\t<section class=\"elementor-section elementor-top-section elementor-element elementor-element-4ace1fe elementor-section-boxed elementor-section-height-default elementor-section-height-default\" data-id=\"4ace1fe\" data-element_type=\"section\" data-e-type=\"section\">\n\t\t\t\t\t\t<div class=\"elementor-container elementor-column-gap-default\">\n\t\t\t\t\t<div class=\"elementor-column elementor-col-50 elementor-top-column elementor-element elementor-element-c6dc2ac\" data-id=\"c6dc2ac\" data-element_type=\"column\" data-e-type=\"column\">\n\t\t\t<div class=\"elementor-widget-wrap elementor-element-populated\">\n\t\t\t\t\t\t<div class=\"elementor-element elementor-element-105a214 elementor-widget elementor-widget-heading\" data-id=\"105a214\" data-element_type=\"widget\" data-e-type=\"widget\" data-widget_type=\"heading.default\">\n\t\t\t\t<div class=\"elementor-widget-container\">\n\t\t\t\t\t<h5 class=\"elementor-heading-title elementor-size-default\">Disabled Theather (2014) by J\u00e9r\u00f4me Bel<\/h5>\t\t\t\t<\/div>\n\t\t\t\t<\/div>\n\t\t\t\t<div class=\"elementor-element elementor-element-26da665 elementor-widget elementor-widget-video\" data-id=\"26da665\" data-element_type=\"widget\" data-e-type=\"widget\" data-settings=\"{&quot;youtube_url&quot;:&quot;https:\\\/\\\/youtu.be\\\/1mlo0wjpH2c&quot;,&quot;video_type&quot;:&quot;youtube&quot;,&quot;controls&quot;:&quot;yes&quot;}\" data-widget_type=\"video.default\">\n\t\t\t\t<div class=\"elementor-widget-container\">\n\t\t\t\t\t\t\t<div class=\"elementor-wrapper elementor-open-inline\">\n\t\t\t<div class=\"elementor-video\"><\/div>\t\t<\/div>\n\t\t\t\t\t\t<\/div>\n\t\t\t\t<\/div>\n\t\t\t\t<div class=\"elementor-element elementor-element-14b1996 elementor-widget elementor-widget-text-editor\" data-id=\"14b1996\" data-element_type=\"widget\" data-e-type=\"widget\" data-widget_type=\"text-editor.default\">\n\t\t\t\t<div class=\"elementor-widget-container\">\n\t\t\t\t\t\t\t\t\t<p>Disabled Theater (2012\/2014) Concept : J\u00e9r\u00f4me Bel A film by Aldo Lee y J\u00e9r\u00f4me Bel By and with: Remo Beuggert, Gianni Blumer, Damian Bright, Matthias Br\u00fccker, Matthias Grandjean, Julia H\u00e4usermann, Sara Hess, Miranda Hossle, Peter Keller, Lorraine Meier, Tiziana Pagliaro<\/p><p>Coproduction : Theater HORA and R.B. J\u00e9r\u00f4me Bel Duration : 1 h 37 Lenguaje : alem\u00e1n con traducci\u00f3n al ingl\u00e9s Recorded in Schauspielhaus Z\u00fcrich (Switzerland), March 2014<\/p><p>Asistance and translation: Simone Truong Dramaturgy: Marcel Bugiel Producing manager: Ketty Ghnassia Artistic director Theater HORA: Michael Elber General manager Theater HORA: Giancarlo Marinucci<\/p><p>Production credits of the original piece Disabled Theater (2012) Production: Theater HORA &#8211; Stiftung Z\u00fcriwerk (Zurich) Coproduction: Theater HORA, R.B. J\u00e9r\u00f4me Bel, Festival AUAWIRLEBEN (Bern), Kunstenfestivaldesarts (Brussels), dOCUMENTA (13), Festival d&#8217;Avignon, Ruhrtriennale, Festival d&#8217;Automne \u00e0 Paris, Les Spectacles vivants &#8211; Centre Pompidou (Paris), La B\u00e2tie \u2013 Festival de Gen\u00e8ve, Hebbel am Ufer (Berlin) With the support of: Stadt Z\u00fcrich Kultur, Kanton Z\u00fcrich Fachstelle Kultur, Pro Helvetia, Stiftung Denk an Mich, Ernst G\u00f6hner Stiftung<\/p><p>Acknowledgments: Sasa Asentic, Tom Stromberg, Andreas Meder (Internationales Theaterfestival OKKUPATION!), Stiftung Z\u00fcriwerk, Fabriktheater Rote Fabrik Z\u00fcrich and the audience of our public try outs<\/p><p>R.B J\u00e9r\u00f4me Bel is supported by the Direction r\u00e9gionale des affaires culturelles d&#8217;Ile-de-France, French Ministry for Culture and Communication<\/p><p>In 2013 Disabled Theater (2012) was selected for the Theatertreffen de Berl\u00edn and won the Swiss Dance Awards &#8211; Current Dance Works<\/p>\t\t\t\t\t\t\t\t<\/div>\n\t\t\t\t<\/div>\n\t\t\t\t\t<\/div>\n\t\t<\/div>\n\t\t\t\t<div class=\"elementor-column elementor-col-50 elementor-top-column elementor-element elementor-element-98bf97c\" data-id=\"98bf97c\" data-element_type=\"column\" data-e-type=\"column\">\n\t\t\t<div class=\"elementor-widget-wrap elementor-element-populated\">\n\t\t\t\t\t\t<div class=\"elementor-element elementor-element-80d7855 elementor-widget elementor-widget-text-editor\" data-id=\"80d7855\" data-element_type=\"widget\" data-e-type=\"widget\" data-widget_type=\"text-editor.default\">\n\t\t\t\t<div class=\"elementor-widget-container\">\n\t\t\t\t\t\t\t\t\t<p>The great French choreographer, J\u00e9r\u00f4me Bel, has generously contributed the filmed version of his acclaimed play Disabled Theater (2014) for the week on #Silencio, part of our #MuseoModernoEnCasa programme. Bel has been interested in what happens beyond the performative since the beginning of his career. In Disabled Theater he collaborated with a group of professional actors and actresses with cognitive disabilities from the Zurich-based company, Theater Hora. The play openly discusses the process of meeting between themselves and their director. Their experiment to foreground disability for their audience builds up a reflection about what society defines as normal and puts what is generally silenced by cultural bias right on stage in front of them. Bel elects to put difference centre-stage as a key to read what it is that enables us to think in a common dimension.<\/p><p>\u2018One of the challenges for me is to make the community these actors represent more visible, to show that these unvalued actors can still enrich experimental theatre, that their uniqueness is full of promise for theatre and dance, just as their humanity should be for society at large.\u2019<\/p><p>J\u00e9r\u00f4me Bel.<\/p><p>www.jeromebel.fr<\/p>\t\t\t\t\t\t\t\t<\/div>\n\t\t\t\t<\/div>\n\t\t\t\t\t<\/div>\n\t\t<\/div>\n\t\t\t\t\t<\/div>\n\t\t<\/section>\n\t\t\t\t<section class=\"elementor-section elementor-top-section elementor-element elementor-element-a4c4177 elementor-section-boxed elementor-section-height-default elementor-section-height-default\" data-id=\"a4c4177\" data-element_type=\"section\" data-e-type=\"section\">\n\t\t\t\t\t\t<div class=\"elementor-container elementor-column-gap-default\">\n\t\t\t\t\t<div class=\"elementor-column elementor-col-50 elementor-top-column elementor-element elementor-element-769633d\" data-id=\"769633d\" data-element_type=\"column\" data-e-type=\"column\">\n\t\t\t<div class=\"elementor-widget-wrap elementor-element-populated\">\n\t\t\t\t\t\t<div class=\"elementor-element elementor-element-f1ea3a4 elementor-widget elementor-widget-heading\" data-id=\"f1ea3a4\" data-element_type=\"widget\" data-e-type=\"widget\" data-widget_type=\"heading.default\">\n\t\t\t\t<div class=\"elementor-widget-container\">\n\t\t\t\t\t<h5 class=\"elementor-heading-title elementor-size-default\">Juliana Iriart: Radio de cuadros [Juliana Iriart: Picture Radio]<\/h5>\t\t\t\t<\/div>\n\t\t\t\t<\/div>\n\t\t\t\t<div class=\"elementor-element elementor-element-86b3220 elementor-widget elementor-widget-video\" data-id=\"86b3220\" data-element_type=\"widget\" data-e-type=\"widget\" data-settings=\"{&quot;youtube_url&quot;:&quot;https:\\\/\\\/youtu.be\\\/pi1gSgukAMA&quot;,&quot;video_type&quot;:&quot;youtube&quot;,&quot;controls&quot;:&quot;yes&quot;}\" data-widget_type=\"video.default\">\n\t\t\t\t<div class=\"elementor-widget-container\">\n\t\t\t\t\t\t\t<div class=\"elementor-wrapper elementor-open-inline\">\n\t\t\t<div class=\"elementor-video\"><\/div>\t\t<\/div>\n\t\t\t\t\t\t<\/div>\n\t\t\t\t<\/div>\n\t\t\t\t<div class=\"elementor-element elementor-element-5f3f5a8 elementor-widget elementor-widget-video\" data-id=\"5f3f5a8\" data-element_type=\"widget\" data-e-type=\"widget\" data-settings=\"{&quot;youtube_url&quot;:&quot;https:\\\/\\\/youtu.be\\\/Ofm78d1evek&quot;,&quot;video_type&quot;:&quot;youtube&quot;,&quot;controls&quot;:&quot;yes&quot;}\" data-widget_type=\"video.default\">\n\t\t\t\t<div class=\"elementor-widget-container\">\n\t\t\t\t\t\t\t<div class=\"elementor-wrapper elementor-open-inline\">\n\t\t\t<div class=\"elementor-video\"><\/div>\t\t<\/div>\n\t\t\t\t\t\t<\/div>\n\t\t\t\t<\/div>\n\t\t\t\t<div class=\"elementor-element elementor-element-21f8f3e elementor-widget elementor-widget-video\" data-id=\"21f8f3e\" data-element_type=\"widget\" data-e-type=\"widget\" data-settings=\"{&quot;youtube_url&quot;:&quot;https:\\\/\\\/youtu.be\\\/GopblJ-yUk0&quot;,&quot;video_type&quot;:&quot;youtube&quot;,&quot;controls&quot;:&quot;yes&quot;}\" data-widget_type=\"video.default\">\n\t\t\t\t<div class=\"elementor-widget-container\">\n\t\t\t\t\t\t\t<div class=\"elementor-wrapper elementor-open-inline\">\n\t\t\t<div class=\"elementor-video\"><\/div>\t\t<\/div>\n\t\t\t\t\t\t<\/div>\n\t\t\t\t<\/div>\n\t\t\t\t\t<\/div>\n\t\t<\/div>\n\t\t\t\t<div class=\"elementor-column elementor-col-50 elementor-top-column elementor-element elementor-element-aaaa688\" data-id=\"aaaa688\" data-element_type=\"column\" data-e-type=\"column\">\n\t\t\t<div class=\"elementor-widget-wrap elementor-element-populated\">\n\t\t\t\t\t\t<div class=\"elementor-element elementor-element-f539d66 elementor-widget elementor-widget-text-editor\" data-id=\"f539d66\" data-element_type=\"widget\" data-e-type=\"widget\" data-widget_type=\"text-editor.default\">\n\t\t\t\t<div class=\"elementor-widget-container\">\n\t\t\t\t\t\t\t\t\t<p>uliana has created four special programmes for our fortnight on the theme of silence at the Moderno. In this present, which gathers us before our screens, her work lets us pause our eyes for a while and enter the texture of words, their tones and silences, their rhythms and emotional qualities, and to accompany us as we give our own images shape and colour. In Radio de cuadros the voice is a vehicle bearing images through the air to materialise in those who hear them. Juliana Iriart dons her radio voice through \u2018The Lying Poet\u2019, a pseudonym that allows her a distance and freedom from herself, but which also relates \u2018lying\u2019 with subjectivity, since it isn\u2019t ultimately the painting itself that ends up on the radio, but a collaborative poem built up between the painter, the poet and the listener\/imaginer. The paintings she tells are by artists who are no longer alive, but who lived in Argentina and were little exhibited in their day.<\/p><p>Radio de cuadros has existed since 2019 and can be listened to at https:\/\/soundcloud.com\/la-poeta-mentirosa<\/p>\t\t\t\t\t\t\t\t<\/div>\n\t\t\t\t<\/div>\n\t\t\t\t<div class=\"elementor-element elementor-element-6a6220a elementor-widget elementor-widget-video\" data-id=\"6a6220a\" data-element_type=\"widget\" data-e-type=\"widget\" data-settings=\"{&quot;youtube_url&quot;:&quot;https:\\\/\\\/youtu.be\\\/L5OoWo9Fruw&quot;,&quot;video_type&quot;:&quot;youtube&quot;,&quot;controls&quot;:&quot;yes&quot;}\" data-widget_type=\"video.default\">\n\t\t\t\t<div class=\"elementor-widget-container\">\n\t\t\t\t\t\t\t<div class=\"elementor-wrapper elementor-open-inline\">\n\t\t\t<div class=\"elementor-video\"><\/div>\t\t<\/div>\n\t\t\t\t\t\t<\/div>\n\t\t\t\t<\/div>\n\t\t\t\t\t<\/div>\n\t\t<\/div>\n\t\t\t\t\t<\/div>\n\t\t<\/section>\n\t\t\t\t<section class=\"elementor-section elementor-top-section elementor-element elementor-element-57d7a19 elementor-section-boxed elementor-section-height-default elementor-section-height-default\" data-id=\"57d7a19\" data-element_type=\"section\" data-e-type=\"section\">\n\t\t\t\t\t\t<div class=\"elementor-container elementor-column-gap-default\">\n\t\t\t\t\t<div class=\"elementor-column elementor-col-50 elementor-top-column elementor-element elementor-element-d52e601\" data-id=\"d52e601\" data-element_type=\"column\" data-e-type=\"column\">\n\t\t\t<div class=\"elementor-widget-wrap elementor-element-populated\">\n\t\t\t\t\t\t<div class=\"elementor-element elementor-element-1eac713 elementor-widget elementor-widget-heading\" data-id=\"1eac713\" data-element_type=\"widget\" data-e-type=\"widget\" data-widget_type=\"heading.default\">\n\t\t\t\t<div class=\"elementor-widget-container\">\n\t\t\t\t\t<h5 class=\"elementor-heading-title elementor-size-default\">Bernardo Ort\u00edz<\/h5>\t\t\t\t<\/div>\n\t\t\t\t<\/div>\n\t\t\t\t<div class=\"elementor-element elementor-element-e31d0e5 elementor-widget elementor-widget-video\" data-id=\"e31d0e5\" data-element_type=\"widget\" data-e-type=\"widget\" data-settings=\"{&quot;youtube_url&quot;:&quot;https:\\\/\\\/youtu.be\\\/aEyyTSmGsuA&quot;,&quot;video_type&quot;:&quot;youtube&quot;,&quot;controls&quot;:&quot;yes&quot;}\" data-widget_type=\"video.default\">\n\t\t\t\t<div class=\"elementor-widget-container\">\n\t\t\t\t\t\t\t<div class=\"elementor-wrapper elementor-open-inline\">\n\t\t\t<div class=\"elementor-video\"><\/div>\t\t<\/div>\n\t\t\t\t\t\t<\/div>\n\t\t\t\t<\/div>\n\t\t\t\t<div class=\"elementor-element elementor-element-423ac97 elementor-widget elementor-widget-text-editor\" data-id=\"423ac97\" data-element_type=\"widget\" data-e-type=\"widget\" data-widget_type=\"text-editor.default\">\n\t\t\t\t<div class=\"elementor-widget-container\">\n\t\t\t\t\t\t\t\t\t<p>Bernardo Ortiz<br \/><em>Sin t\u00edtulo<\/em><br \/>4&#8242; 33&#8243;<br \/>(2018-2020)<br \/>Animaci\u00f3n y m\u00fasica digital<\/p>\t\t\t\t\t\t\t\t<\/div>\n\t\t\t\t<\/div>\n\t\t\t\t\t<\/div>\n\t\t<\/div>\n\t\t\t\t<div class=\"elementor-column elementor-col-50 elementor-top-column elementor-element elementor-element-6d2f179\" data-id=\"6d2f179\" data-element_type=\"column\" data-e-type=\"column\">\n\t\t\t<div class=\"elementor-widget-wrap elementor-element-populated\">\n\t\t\t\t\t\t<div class=\"elementor-element elementor-element-5921fee elementor-widget elementor-widget-text-editor\" data-id=\"5921fee\" data-element_type=\"widget\" data-e-type=\"widget\" data-widget_type=\"text-editor.default\">\n\t\t\t\t<div class=\"elementor-widget-container\">\n\t\t\t\t\t\t\t\t\t<p>An 8-bit cloud creeps slowly across the screen. Nothing else happens. Just the cloud. A guitar plots the volume of transactions on the Dow Jones over 2020, while an oscilloscope plots the Dow\u2019s daily closes for the same period. Nothing else happens.<\/p>\t\t\t\t\t\t\t\t<\/div>\n\t\t\t\t<\/div>\n\t\t\t\t<div class=\"elementor-element elementor-element-6cb6024 elementor-widget elementor-widget-text-editor\" data-id=\"6cb6024\" data-element_type=\"widget\" data-e-type=\"widget\" data-widget_type=\"text-editor.default\">\n\t\t\t\t<div class=\"elementor-widget-container\">\n\t\t\t\t\t\t\t\t\t<p>Bernardo Ortiz (Bogot\u00e1, 1972) is an artist and writer. He has a BA in Fine Arts from the Universidad de Los Andes (Bogot\u00e1, Colombia) and an MA in Philosophy from the Universidad del Valle (Cali, Colombia). His recent exhibitions include: Baja resoluci\u00f3n [Low Res] (Casas Riegner, Bogot\u00e1), Fricci\u00f3n [Friction] (Lu\u00edsa Strina, S\u00e3o Paulo, Brazil), Borrar [Delete] (Museo de Arte Moderno de Buenos Aires, Argentina). He has also taken part in collective exhibitions like the 30th Bienal de S\u00e3o Paulo (S\u00e3o Paulo, Brazil), the 11th Lyon Biennale (Lyon, France) and the 20th Biennale of Sydney (Sydney, Australia). His work features in major collections like Tate Modern (London), MoMA (New York, USA) and the Centre national des arts plastiques (Paris, France).<\/p>\t\t\t\t\t\t\t\t<\/div>\n\t\t\t\t<\/div>\n\t\t\t\t<div class=\"elementor-element elementor-element-6719548 elementor-widget elementor-widget-text-editor\" data-id=\"6719548\" data-element_type=\"widget\" data-e-type=\"widget\" data-widget_type=\"text-editor.default\">\n\t\t\t\t<div class=\"elementor-widget-container\">\n\t\t\t\t\t\t\t\t\t<p><a href=\"https:\/\/www.fabricaciones.org\/\" target=\"_blank\" rel=\"noopener\">www.fabricaciones.org<\/a><\/p>\t\t\t\t\t\t\t\t<\/div>\n\t\t\t\t<\/div>\n\t\t\t\t\t<\/div>\n\t\t<\/div>\n\t\t\t\t\t<\/div>\n\t\t<\/section>\n\t\t\t\t<section class=\"elementor-section elementor-top-section elementor-element elementor-element-026571d elementor-section-boxed elementor-section-height-default elementor-section-height-default\" data-id=\"026571d\" data-element_type=\"section\" data-e-type=\"section\">\n\t\t\t\t\t\t<div class=\"elementor-container elementor-column-gap-default\">\n\t\t\t\t\t<div class=\"elementor-column elementor-col-50 elementor-top-column elementor-element elementor-element-593a2a8\" data-id=\"593a2a8\" data-element_type=\"column\" data-e-type=\"column\">\n\t\t\t<div class=\"elementor-widget-wrap elementor-element-populated\">\n\t\t\t\t\t\t<div class=\"elementor-element elementor-element-7b0fc84 elementor-widget elementor-widget-heading\" data-id=\"7b0fc84\" data-element_type=\"widget\" data-e-type=\"widget\" data-widget_type=\"heading.default\">\n\t\t\t\t<div class=\"elementor-widget-container\">\n\t\t\t\t\t<h5 class=\"elementor-heading-title elementor-size-default\">C\u00e9sar Lerner<\/h5>\t\t\t\t<\/div>\n\t\t\t\t<\/div>\n\t\t\t\t<div class=\"elementor-element elementor-element-3c060f2 elementor-widget elementor-widget-video\" data-id=\"3c060f2\" data-element_type=\"widget\" data-e-type=\"widget\" data-settings=\"{&quot;youtube_url&quot;:&quot;https:\\\/\\\/youtu.be\\\/iQr9HcUh5nE&quot;,&quot;video_type&quot;:&quot;youtube&quot;,&quot;controls&quot;:&quot;yes&quot;}\" data-widget_type=\"video.default\">\n\t\t\t\t<div class=\"elementor-widget-container\">\n\t\t\t\t\t\t\t<div class=\"elementor-wrapper elementor-open-inline\">\n\t\t\t<div class=\"elementor-video\"><\/div>\t\t<\/div>\n\t\t\t\t\t\t<\/div>\n\t\t\t\t<\/div>\n\t\t\t\t<div class=\"elementor-element elementor-element-05d10d2 elementor-widget elementor-widget-text-editor\" data-id=\"05d10d2\" data-element_type=\"widget\" data-e-type=\"widget\" data-widget_type=\"text-editor.default\">\n\t\t\t\t<div class=\"elementor-widget-container\">\n\t\t\t\t\t\t\t\t\t<p>C\u00e9sar Lerner<br \/><em>Coraz\u00f3n<\/em>\u00a0[<em>Heart<\/em>]<br \/>Video<br \/>2\u2019, 31\u201d<br \/>C\u00e9sar Lerner (composition, piano, gong and electronics)<br \/>Violeta Garc\u00eda (cellos 1 and 2)<br \/>Dylan Lerner (mixing and mastering)<\/p>\t\t\t\t\t\t\t\t<\/div>\n\t\t\t\t<\/div>\n\t\t\t\t<div class=\"elementor-element elementor-element-acfabcb elementor-widget elementor-widget-video\" data-id=\"acfabcb\" data-element_type=\"widget\" data-e-type=\"widget\" data-settings=\"{&quot;youtube_url&quot;:&quot;https:\\\/\\\/youtu.be\\\/9W409FEvacU&quot;,&quot;video_type&quot;:&quot;youtube&quot;,&quot;controls&quot;:&quot;yes&quot;}\" data-widget_type=\"video.default\">\n\t\t\t\t<div class=\"elementor-widget-container\">\n\t\t\t\t\t\t\t<div class=\"elementor-wrapper elementor-open-inline\">\n\t\t\t<div class=\"elementor-video\"><\/div>\t\t<\/div>\n\t\t\t\t\t\t<\/div>\n\t\t\t\t<\/div>\n\t\t\t\t<div class=\"elementor-element elementor-element-6518d91 elementor-widget elementor-widget-text-editor\" data-id=\"6518d91\" data-element_type=\"widget\" data-e-type=\"widget\" data-widget_type=\"text-editor.default\">\n\t\t\t\t<div class=\"elementor-widget-container\">\n\t\t\t\t\t\t\t\t\t<p>C\u00e9sar Lerner,\u00a0<em>Sesenta [Sixty]<\/em><br \/>Video<br \/>3\u00b4, 27\u201d<br \/>C\u00e9sar Lerner (composition, piano and electronics)<br \/>El\u00edas Gurevich (violin)<br \/>Dylan Lerner (mixing and mastering)<\/p>\t\t\t\t\t\t\t\t<\/div>\n\t\t\t\t<\/div>\n\t\t\t\t<div class=\"elementor-element elementor-element-a8a104b elementor-widget elementor-widget-text-editor\" data-id=\"a8a104b\" data-element_type=\"widget\" data-e-type=\"widget\" data-widget_type=\"text-editor.default\">\n\t\t\t\t<div class=\"elementor-widget-container\">\n\t\t\t\t\t\t\t\t\t<p>C\u00e9sar Lerner on quarantine: \u2018Quarantine \u2013 this cul-de-sac still without an end \u2013 has been the frame for the rethinking and completion of my latest studio work, Sesenta [Sixty]. These quarantine videos carry extracts of this music. They\u2019re play, minimal expressions of something maximal that so far isn\u2019t thinking of surrendering.\u2019<\/p>\t\t\t\t\t\t\t\t<\/div>\n\t\t\t\t<\/div>\n\t\t\t\t\t<\/div>\n\t\t<\/div>\n\t\t\t\t<div class=\"elementor-column elementor-col-50 elementor-top-column elementor-element elementor-element-3e11bda\" data-id=\"3e11bda\" data-element_type=\"column\" data-e-type=\"column\">\n\t\t\t<div class=\"elementor-widget-wrap elementor-element-populated\">\n\t\t\t\t\t\t<div class=\"elementor-element elementor-element-e8ca159 elementor-widget elementor-widget-video\" data-id=\"e8ca159\" data-element_type=\"widget\" data-e-type=\"widget\" data-settings=\"{&quot;youtube_url&quot;:&quot;https:\\\/\\\/youtu.be\\\/to2B0KLiy8g&quot;,&quot;video_type&quot;:&quot;youtube&quot;,&quot;controls&quot;:&quot;yes&quot;}\" data-widget_type=\"video.default\">\n\t\t\t\t<div class=\"elementor-widget-container\">\n\t\t\t\t\t\t\t<div class=\"elementor-wrapper elementor-open-inline\">\n\t\t\t<div class=\"elementor-video\"><\/div>\t\t<\/div>\n\t\t\t\t\t\t<\/div>\n\t\t\t\t<\/div>\n\t\t\t\t<div class=\"elementor-element elementor-element-35e8937 elementor-widget elementor-widget-text-editor\" data-id=\"35e8937\" data-element_type=\"widget\" data-e-type=\"widget\" data-widget_type=\"text-editor.default\">\n\t\t\t\t<div class=\"elementor-widget-container\">\n\t\t\t\t\t\t\t\t\t<p>C\u00e9sar Lerner,\u00a0<em>Coraz\u00f3n (2) [Heart (2)]<\/em><br \/>Video<br \/>1\u2019, 59\u201d<br \/>C\u00e9sar Lerner (composition, piano and electronics)<br \/>Violeta Garc\u00eda (cellos 1 and 2)<br \/>Dylan Lerner (mixing and mastering)<\/p>\t\t\t\t\t\t\t\t<\/div>\n\t\t\t\t<\/div>\n\t\t\t\t<div class=\"elementor-element elementor-element-fbc036e elementor-widget elementor-widget-video\" data-id=\"fbc036e\" data-element_type=\"widget\" data-e-type=\"widget\" data-settings=\"{&quot;youtube_url&quot;:&quot;https:\\\/\\\/youtu.be\\\/TNVJoGlmfPw&quot;,&quot;video_type&quot;:&quot;youtube&quot;,&quot;controls&quot;:&quot;yes&quot;}\" data-widget_type=\"video.default\">\n\t\t\t\t<div class=\"elementor-widget-container\">\n\t\t\t\t\t\t\t<div class=\"elementor-wrapper elementor-open-inline\">\n\t\t\t<div class=\"elementor-video\"><\/div>\t\t<\/div>\n\t\t\t\t\t\t<\/div>\n\t\t\t\t<\/div>\n\t\t\t\t<div class=\"elementor-element elementor-element-3f87b86 elementor-widget elementor-widget-text-editor\" data-id=\"3f87b86\" data-element_type=\"widget\" data-e-type=\"widget\" data-widget_type=\"text-editor.default\">\n\t\t\t\t<div class=\"elementor-widget-container\">\n\t\t\t\t\t\t\t\t\t<p>C\u00e9sar Lerner,\u00a0<em>Si yo fuera<\/em><br \/>Video<br \/>1&#8242; 18&#8243;<br \/>C\u00e9sar Lerner (composici\u00f3n, piano, bodhram y electr\u00f3nica)<br \/>El\u00edas Gurevich (viol\u00edn)<br \/>Dylan Lerner (mezcla y mastering)<br \/>Claudia Chueke (imagen)<\/p><p>C\u00e9sar Lerner is an Argentinian composer, pianist, accordion player and percussionist. Internationally renowned, Lerner has undertaken numerous projects recreating klezmer music with Marcelo Moguilevsky, as leader of his own quartet or with violinist El\u00edas Gurevich. He has composed the music to some of the most successful films in Argentina, including Fabi\u00e1n Bielinsky\u2019s Nueve reinas [Nine Queens] and Daniel Burman\u2019s El abrazo partido [Lost Embrace] and Derecho de familia [Family Law]. Together with Claudia Chueke in 2019 he created the performance which he personally embodies: Experiencia Acorde\u00f3n [Accordion Experience] which premiered at the Kirchner Cultural Centre (CCK). For over twenty years he has been coordinating his \u2018Drum Circle\u2019, a platform for inclusion through music in areas of social care, corporations, art and education. Among other distinctions Lerner has been awarded the 2000 Silver Condor Prize for best film music on Esperando al Mes\u00edas [Waiting for the Messiah], with the 2001 Silver Pentagram Prize at the Mar del Plata International Film Festival for El abrazo partido [Lost Embrace] and the 2008 Fourteenth Madrid International Short Film Festival Prize for the soundtrack to Javier Mrad\u2019s Tecl\u00f3polis [Techkeyville]. He recently won the Award of Excellence at the Hollywood International Independent Documentary Awards (HIIDA) for the soundtrack to Poli Mart\u00ednez\u2019s documentary Lea y mira [Read and Look].<\/p>\t\t\t\t\t\t\t\t<\/div>\n\t\t\t\t<\/div>\n\t\t\t\t\t<\/div>\n\t\t<\/div>\n\t\t\t\t\t<\/div>\n\t\t<\/section>\n\t\t\t\t<section class=\"elementor-section elementor-top-section elementor-element elementor-element-df3abb3 elementor-section-boxed elementor-section-height-default elementor-section-height-default\" data-id=\"df3abb3\" data-element_type=\"section\" data-e-type=\"section\">\n\t\t\t\t\t\t<div class=\"elementor-container elementor-column-gap-default\">\n\t\t\t\t\t<div class=\"elementor-column elementor-col-50 elementor-top-column elementor-element elementor-element-5e29466\" data-id=\"5e29466\" data-element_type=\"column\" data-e-type=\"column\">\n\t\t\t<div class=\"elementor-widget-wrap elementor-element-populated\">\n\t\t\t\t\t\t<div class=\"elementor-element elementor-element-73edbb2 elementor-widget elementor-widget-heading\" data-id=\"73edbb2\" data-element_type=\"widget\" data-e-type=\"widget\" data-widget_type=\"heading.default\">\n\t\t\t\t<div class=\"elementor-widget-container\">\n\t\t\t\t\t<h5 class=\"elementor-heading-title elementor-size-default\">Online book<\/h5>\t\t\t\t<\/div>\n\t\t\t\t<\/div>\n\t\t\t\t<div class=\"elementor-element elementor-element-fb5c3b9 elementor-widget elementor-widget-image\" data-id=\"fb5c3b9\" data-element_type=\"widget\" data-e-type=\"widget\" data-widget_type=\"image.default\">\n\t\t\t\t<div class=\"elementor-widget-container\">\n\t\t\t\t\t\t\t\t\t\t\t\t\t\t\t\t<a href=\"https:\/\/issuu.com\/museomoderno\/docs\/goldenstein\" target=\"_blank\" rel=\"nofollow noopener\">\n\t\t\t\t\t\t\t<img decoding=\"async\" width=\"942\" height=\"547\" src=\"https:\/\/museomoderno.org\/wp-content\/uploads\/2020\/12\/Captura-de-Pantalla-2020-06-11-a-las-11.05.33_0.png\" class=\"attachment-full size-full wp-image-2857\" alt=\"\" srcset=\"https:\/\/museomoderno.org\/wp-content\/uploads\/2020\/12\/Captura-de-Pantalla-2020-06-11-a-las-11.05.33_0.png 942w, https:\/\/museomoderno.org\/wp-content\/uploads\/2020\/12\/Captura-de-Pantalla-2020-06-11-a-las-11.05.33_0-300x174.png 300w, https:\/\/museomoderno.org\/wp-content\/uploads\/2020\/12\/Captura-de-Pantalla-2020-06-11-a-las-11.05.33_0-768x446.png 768w\" sizes=\"(max-width: 942px) 100vw, 942px\" \/>\t\t\t\t\t\t\t\t<\/a>\n\t\t\t\t\t\t\t\t\t\t\t\t\t\t\t<\/div>\n\t\t\t\t<\/div>\n\t\t\t\t<div class=\"elementor-element elementor-element-ce8231d elementor-widget elementor-widget-heading\" data-id=\"ce8231d\" data-element_type=\"widget\" data-e-type=\"widget\" data-widget_type=\"heading.default\">\n\t\t\t\t<div class=\"elementor-widget-container\">\n\t\t\t\t\t<h5 class=\"elementor-heading-title elementor-size-default\">Alberto Goldenstein: The matter between the edges.\nPhotographs 1982-2018<\/h5>\t\t\t\t<\/div>\n\t\t\t\t<\/div>\n\t\t\t\t<div class=\"elementor-element elementor-element-5e36c0d elementor-widget elementor-widget-text-editor\" data-id=\"5e36c0d\" data-element_type=\"widget\" data-e-type=\"widget\" data-widget_type=\"text-editor.default\">\n\t\t\t\t<div class=\"elementor-widget-container\">\n\t\t\t\t\t\t\t\t\t<p>This book is a document of Alberto Goldenstein\u2019 first retrospective, The Matter Between the Edges. Photographs 1982\u20132018, presented at the Museo de Arte Moderno de Buenos Aires in 2018. Through a comprehensive set of images and texts by curator Carla Barbero and Lucrecia Palacios it explores crucial aspects in the work of a key artist of Argentinian photography. It also contains a chronology of his life and work by Bel\u00e9n Coluccio.<\/p>\t\t\t\t\t\t\t\t<\/div>\n\t\t\t\t<\/div>\n\t\t\t\t<div class=\"elementor-element elementor-element-79f000d elementor-widget elementor-widget-text-editor\" data-id=\"79f000d\" data-element_type=\"widget\" data-e-type=\"widget\" data-widget_type=\"text-editor.default\">\n\t\t\t\t<div class=\"elementor-widget-container\">\n\t\t\t\t\t\t\t\t\t<p><a href=\"https:\/\/www.fabricaciones.org\/\" target=\"_blank\" rel=\"noopener\">www.fabricaciones.org<\/a><\/p>\t\t\t\t\t\t\t\t<\/div>\n\t\t\t\t<\/div>\n\t\t\t\t\t<\/div>\n\t\t<\/div>\n\t\t\t\t<div class=\"elementor-column elementor-col-50 elementor-top-column elementor-element elementor-element-06782e9\" data-id=\"06782e9\" data-element_type=\"column\" data-e-type=\"column\">\n\t\t\t<div class=\"elementor-widget-wrap elementor-element-populated\">\n\t\t\t\t\t\t<div class=\"elementor-element elementor-element-00d301a elementor-widget elementor-widget-video\" data-id=\"00d301a\" data-element_type=\"widget\" data-e-type=\"widget\" data-settings=\"{&quot;youtube_url&quot;:&quot;https:\\\/\\\/youtu.be\\\/CEPMajGkc2g&quot;,&quot;video_type&quot;:&quot;youtube&quot;,&quot;controls&quot;:&quot;yes&quot;}\" data-widget_type=\"video.default\">\n\t\t\t\t<div class=\"elementor-widget-container\">\n\t\t\t\t\t\t\t<div class=\"elementor-wrapper elementor-open-inline\">\n\t\t\t<div class=\"elementor-video\"><\/div>\t\t<\/div>\n\t\t\t\t\t\t<\/div>\n\t\t\t\t<\/div>\n\t\t\t\t<div class=\"elementor-element elementor-element-a1debf6 elementor-widget elementor-widget-text-editor\" data-id=\"a1debf6\" data-element_type=\"widget\" data-e-type=\"widget\" data-widget_type=\"text-editor.default\">\n\t\t\t\t<div class=\"elementor-widget-container\">\n\t\t\t\t\t\t\t\t\t<p>Alberto Goldenstein finds a major ally in these extraordinary times to work his latest photographs, taken with the camera on his mobile phone. The artist develops a central gesture in his work: the idea of a total visual field, breaking with the concept of the single photo. As in all his series one image answers another, together tracing a keen and elegant conversation.<\/p>\t\t\t\t\t\t\t\t<\/div>\n\t\t\t\t<\/div>\n\t\t\t\t\t<\/div>\n\t\t<\/div>\n\t\t\t\t\t<\/div>\n\t\t<\/section>\n\t\t\t\t<section class=\"elementor-section elementor-top-section elementor-element elementor-element-596082d elementor-section-boxed elementor-section-height-default elementor-section-height-default\" data-id=\"596082d\" data-element_type=\"section\" data-e-type=\"section\">\n\t\t\t\t\t\t<div class=\"elementor-container elementor-column-gap-default\">\n\t\t\t\t\t<div class=\"elementor-column elementor-col-50 elementor-top-column elementor-element elementor-element-daef427\" data-id=\"daef427\" data-element_type=\"column\" data-e-type=\"column\">\n\t\t\t<div class=\"elementor-widget-wrap elementor-element-populated\">\n\t\t\t\t\t\t<div class=\"elementor-element elementor-element-4ef86d9 elementor-widget elementor-widget-heading\" data-id=\"4ef86d9\" data-element_type=\"widget\" data-e-type=\"widget\" data-widget_type=\"heading.default\">\n\t\t\t\t<div class=\"elementor-widget-container\">\n\t\t\t\t\t<h5 class=\"elementor-heading-title elementor-size-default\">Launch of the book by Aldo Sessa<\/h5>\t\t\t\t<\/div>\n\t\t\t\t<\/div>\n\t\t\t\t<div class=\"elementor-element elementor-element-a1e2366 elementor-widget elementor-widget-image\" data-id=\"a1e2366\" data-element_type=\"widget\" data-e-type=\"widget\" data-widget_type=\"image.default\">\n\t\t\t\t<div class=\"elementor-widget-container\">\n\t\t\t\t\t\t\t\t\t\t\t\t\t\t\t\t<a href=\"https:\/\/issuu.com\/museomoderno\/docs\/sessa-baja\" target=\"_blank\" rel=\"nofollow noopener\">\n\t\t\t\t\t\t\t<img decoding=\"async\" width=\"692\" height=\"402\" src=\"https:\/\/museomoderno.org\/wp-content\/uploads\/2020\/12\/sessa.png\" class=\"attachment-full size-full wp-image-2862\" alt=\"\" srcset=\"https:\/\/museomoderno.org\/wp-content\/uploads\/2020\/12\/sessa.png 692w, https:\/\/museomoderno.org\/wp-content\/uploads\/2020\/12\/sessa-300x174.png 300w\" sizes=\"(max-width: 692px) 100vw, 692px\" \/>\t\t\t\t\t\t\t\t<\/a>\n\t\t\t\t\t\t\t\t\t\t\t\t\t\t\t<\/div>\n\t\t\t\t<\/div>\n\t\t\t\t\t<\/div>\n\t\t<\/div>\n\t\t\t\t<div class=\"elementor-column elementor-col-50 elementor-top-column elementor-element elementor-element-b74af3c\" data-id=\"b74af3c\" data-element_type=\"column\" data-e-type=\"column\">\n\t\t\t<div class=\"elementor-widget-wrap elementor-element-populated\">\n\t\t\t\t\t\t<div class=\"elementor-element elementor-element-51eb37a elementor-widget elementor-widget-text-editor\" data-id=\"51eb37a\" data-element_type=\"widget\" data-e-type=\"widget\" data-widget_type=\"text-editor.default\">\n\t\t\t\t<div class=\"elementor-widget-container\">\n\t\t\t\t\t\t\t\t\t<p>This book is a document of the work conducted by the Museo de Arte Moderno for the exhibition, Aldo Sessa Archive 1958\u20132018: Sixty Years of Images. Intense exploration of the photographer\u2019s archive made possible an unexpected journey along the endless pathways of his oeuvre, and his many interests and investigations, to reveal a gaze built up from a tireless desire to go beyond, using the technical possibilities of the different cameras of the day. Alongside the visual journey provided by this exhaustive research, there is an interview, in which the artist discusses his technical and aesthetic ideas, and a complete biography.<\/p>\t\t\t\t\t\t\t\t<\/div>\n\t\t\t\t<\/div>\n\t\t\t\t\t<\/div>\n\t\t<\/div>\n\t\t\t\t\t<\/div>\n\t\t<\/section>\n\t\t\t\t<section class=\"elementor-section elementor-top-section elementor-element elementor-element-e3db6c0 elementor-section-boxed elementor-section-height-default elementor-section-height-default\" data-id=\"e3db6c0\" data-element_type=\"section\" data-e-type=\"section\">\n\t\t\t\t\t\t<div class=\"elementor-container elementor-column-gap-default\">\n\t\t\t\t\t<div class=\"elementor-column elementor-col-50 elementor-top-column elementor-element elementor-element-a2d5949\" data-id=\"a2d5949\" data-element_type=\"column\" data-e-type=\"column\">\n\t\t\t<div class=\"elementor-widget-wrap elementor-element-populated\">\n\t\t\t\t\t\t<div class=\"elementor-element elementor-element-45e5ef3 elementor-widget elementor-widget-heading\" data-id=\"45e5ef3\" data-element_type=\"widget\" data-e-type=\"widget\" data-widget_type=\"heading.default\">\n\t\t\t\t<div class=\"elementor-widget-container\">\n\t\t\t\t\t<h5 class=\"elementor-heading-title elementor-size-default\">Fabiana Galante y Luis Conde<\/h5>\t\t\t\t<\/div>\n\t\t\t\t<\/div>\n\t\t\t\t<div class=\"elementor-element elementor-element-30042d3 elementor-widget elementor-widget-video\" data-id=\"30042d3\" data-element_type=\"widget\" data-e-type=\"widget\" data-settings=\"{&quot;youtube_url&quot;:&quot;https:\\\/\\\/youtu.be\\\/cJ5VGJ2Uvxw&quot;,&quot;video_type&quot;:&quot;youtube&quot;,&quot;controls&quot;:&quot;yes&quot;}\" data-widget_type=\"video.default\">\n\t\t\t\t<div class=\"elementor-widget-container\">\n\t\t\t\t\t\t\t<div class=\"elementor-wrapper elementor-open-inline\">\n\t\t\t<div class=\"elementor-video\"><\/div>\t\t<\/div>\n\t\t\t\t\t\t<\/div>\n\t\t\t\t<\/div>\n\t\t\t\t<div class=\"elementor-element elementor-element-d6c5c22 elementor-widget elementor-widget-text-editor\" data-id=\"d6c5c22\" data-element_type=\"widget\" data-e-type=\"widget\" data-widget_type=\"text-editor.default\">\n\t\t\t\t<div class=\"elementor-widget-container\">\n\t\t\t\t\t\t\t\t\t<p>Fabiana Galante and Lu\u00eds Conde<br \/><em>Pieza con piano<\/em>\u00a0[<em>Piece with Piano<\/em>]<br \/>April 2020<br \/>Editing: Carlos Murat<\/p>\t\t\t\t\t\t\t\t<\/div>\n\t\t\t\t<\/div>\n\t\t\t\t\t<\/div>\n\t\t<\/div>\n\t\t\t\t<div class=\"elementor-column elementor-col-50 elementor-top-column elementor-element elementor-element-3d0a267\" data-id=\"3d0a267\" data-element_type=\"column\" data-e-type=\"column\">\n\t\t\t<div class=\"elementor-widget-wrap elementor-element-populated\">\n\t\t\t\t\t\t<div class=\"elementor-element elementor-element-e6301df elementor-widget elementor-widget-text-editor\" data-id=\"e6301df\" data-element_type=\"widget\" data-e-type=\"widget\" data-widget_type=\"text-editor.default\">\n\t\t\t\t<div class=\"elementor-widget-container\">\n\t\t\t\t\t\t\t\t\t<p>The artists Fabiana Galante and Lu\u00eds Conde \u2013 hands and gramophone \u2013 share a sonovisual action in context. As a pianist, teacher and sound artist Fabiana Galante ranges across a broad spectrum. She works in the field of current music on a case-by-case basis as a performer, improviser and builder of sounds interlaced with texts, images, performances or other sounds. She uses both new and \u2018retro\u2019 technologies and collaborates with musicians, composers and artists from other disciplines at home and abroad. Lu\u00eds Conde is a restless musician who leans towards the contemporary. A performer and university lecturer, he plays saxophone, clarinet, shakuhachi flute, bagpipes and didgeridoo, often electronically or unconventionally treated.<\/p>\t\t\t\t\t\t\t\t<\/div>\n\t\t\t\t<\/div>\n\t\t\t\t\t<\/div>\n\t\t<\/div>\n\t\t\t\t\t<\/div>\n\t\t<\/section>\n\t\t\t\t<section class=\"elementor-section elementor-top-section elementor-element elementor-element-74c93e0 elementor-section-boxed elementor-section-height-default elementor-section-height-default\" data-id=\"74c93e0\" data-element_type=\"section\" data-e-type=\"section\">\n\t\t\t\t\t\t<div class=\"elementor-container elementor-column-gap-default\">\n\t\t\t\t\t<div class=\"elementor-column elementor-col-50 elementor-top-column elementor-element elementor-element-3d53474\" data-id=\"3d53474\" data-element_type=\"column\" data-e-type=\"column\">\n\t\t\t<div class=\"elementor-widget-wrap elementor-element-populated\">\n\t\t\t\t\t\t<div class=\"elementor-element elementor-element-03d5d87 elementor-widget elementor-widget-video\" data-id=\"03d5d87\" data-element_type=\"widget\" data-e-type=\"widget\" data-settings=\"{&quot;youtube_url&quot;:&quot;https:\\\/\\\/youtu.be\\\/E7B8sKtM--E&quot;,&quot;video_type&quot;:&quot;youtube&quot;,&quot;controls&quot;:&quot;yes&quot;}\" data-widget_type=\"video.default\">\n\t\t\t\t<div class=\"elementor-widget-container\">\n\t\t\t\t\t\t\t<div class=\"elementor-wrapper elementor-open-inline\">\n\t\t\t<div class=\"elementor-video\"><\/div>\t\t<\/div>\n\t\t\t\t\t\t<\/div>\n\t\t\t\t<\/div>\n\t\t\t\t<div class=\"elementor-element elementor-element-4b888c9 elementor-widget elementor-widget-text-editor\" data-id=\"4b888c9\" data-element_type=\"widget\" data-e-type=\"widget\" data-widget_type=\"text-editor.default\">\n\t\t\t\t<div class=\"elementor-widget-container\">\n\t\t\t\t\t\t\t\t\t<p>Mariano Gil<br \/>Bass flute, video and animation<\/p><p><br \/>Zeke Zima<br \/>Guitar and mixing<\/p>\t\t\t\t\t\t\t\t<\/div>\n\t\t\t\t<\/div>\n\t\t\t\t\t<\/div>\n\t\t<\/div>\n\t\t\t\t<div class=\"elementor-column elementor-col-50 elementor-top-column elementor-element elementor-element-9def81a\" data-id=\"9def81a\" data-element_type=\"column\" data-e-type=\"column\">\n\t\t\t<div class=\"elementor-widget-wrap elementor-element-populated\">\n\t\t\t\t\t\t<div class=\"elementor-element elementor-element-4ea40b3 elementor-widget elementor-widget-text-editor\" data-id=\"4ea40b3\" data-element_type=\"widget\" data-e-type=\"widget\" data-widget_type=\"text-editor.default\">\n\t\t\t\t<div class=\"elementor-widget-container\">\n\t\t\t\t\t\t\t\t\t<p>silence<br \/>inside and out<br \/>vacuity<br \/>not the vacuum of black holes<br \/>but<br \/>spontaneous appearances<br \/>yes, and with no voices commenting<br \/>analysing, judging, naming<br \/>light in shapes<br \/>dream with nobody dreaming<br \/>path with no print<br \/>like a bird in flight<br \/>essence of the elements<br \/>beyond concepts<br \/>you enlightened guide<br \/>that speaks<br \/>without speaking<br \/>silence<\/p>\t\t\t\t\t\t\t\t<\/div>\n\t\t\t\t<\/div>\n\t\t\t\t\t<\/div>\n\t\t<\/div>\n\t\t\t\t\t<\/div>\n\t\t<\/section>\n\t\t\t\t<section class=\"elementor-section elementor-top-section elementor-element elementor-element-0a80e07 elementor-section-boxed elementor-section-height-default elementor-section-height-default\" data-id=\"0a80e07\" data-element_type=\"section\" data-e-type=\"section\">\n\t\t\t\t\t\t<div class=\"elementor-container elementor-column-gap-default\">\n\t\t\t\t\t<div class=\"elementor-column elementor-col-50 elementor-top-column elementor-element elementor-element-8be9f1b\" data-id=\"8be9f1b\" data-element_type=\"column\" data-e-type=\"column\">\n\t\t\t<div class=\"elementor-widget-wrap elementor-element-populated\">\n\t\t\t\t\t\t<div class=\"elementor-element elementor-element-fd6edaf elementor-widget elementor-widget-heading\" data-id=\"fd6edaf\" data-element_type=\"widget\" data-e-type=\"widget\" data-widget_type=\"heading.default\">\n\t\t\t\t<div class=\"elementor-widget-container\">\n\t\t\t\t\t<h5 class=\"elementor-heading-title elementor-size-default\">Lenora De Barros - Alvos y Estudo pra facadas<\/h5>\t\t\t\t<\/div>\n\t\t\t\t<\/div>\n\t\t\t\t<div class=\"elementor-element elementor-element-ac4daa5 elementor-widget elementor-widget-video\" data-id=\"ac4daa5\" data-element_type=\"widget\" data-e-type=\"widget\" data-settings=\"{&quot;youtube_url&quot;:&quot;https:\\\/\\\/youtu.be\\\/xuHTG2xy9a8&quot;,&quot;video_type&quot;:&quot;youtube&quot;,&quot;controls&quot;:&quot;yes&quot;}\" data-widget_type=\"video.default\">\n\t\t\t\t<div class=\"elementor-widget-container\">\n\t\t\t\t\t\t\t<div class=\"elementor-wrapper elementor-open-inline\">\n\t\t\t<div class=\"elementor-video\"><\/div>\t\t<\/div>\n\t\t\t\t\t\t<\/div>\n\t\t\t\t<\/div>\n\t\t\t\t<div class=\"elementor-element elementor-element-05bfa64 elementor-widget elementor-widget-text-editor\" data-id=\"05bfa64\" data-element_type=\"widget\" data-e-type=\"widget\" data-widget_type=\"text-editor.default\">\n\t\t\t\t<div class=\"elementor-widget-container\">\n\t\t\t\t\t\t\t\t\t<p><em>Estudo para facadas<\/em>\u00a0[<em>Study for Stabbings<\/em>]<br \/>2012<br \/>Video<br \/>1\u2019, 32\u201d<br \/>Photography and camera: Ruy Teixeira<br \/>Editing: Felipe Pereira Barros<br \/>Audio editing: Dan Zimmerman<\/p>\t\t\t\t\t\t\t\t<\/div>\n\t\t\t\t<\/div>\n\t\t\t\t<div class=\"elementor-element elementor-element-089645b elementor-widget elementor-widget-text-editor\" data-id=\"089645b\" data-element_type=\"widget\" data-e-type=\"widget\" data-widget_type=\"text-editor.default\">\n\t\t\t\t<div class=\"elementor-widget-container\">\n\t\t\t\t\t\t\t\t\t<p>\u2018The work is divided into parts or \u201cchapters\u201d. In the first a filmed close-up of the artist\u2019s mouth reveals her slowly mouthing a scream without words. Fade out. The second \u201cchapter\u201d is a still image of her tongue being stabbed, with the sound of the act overdubbed. Another abrupt cut. The next \u201cchapter\u201d is a repetition of the first act with a higher-pitched sound. A last break before the final \u201cchapter\u201d, in which the still displays the first slash and pronounces silence with a second stab of the knife. Lenora confronts the different media (television, cinema, photography) that invade and shape the gaze, daily life and behaviour of people, and which invest in models and strategies of narcotising seduction and thinly veiled violence. They are totalitarian (political, cultural, religious, whatever) discourses that promote blinding and silencing strategies, manipulating desire and violating our ability to judge. Overall, the work is by no means rhetorical or complaining but, by showing the birth and death of images allegorically, Lenora urges us to question the nature of our relationship with images and our image-mediated relationship with the world. The very status of the image is also at stake: it is elevated above and goes beyond the visible realm, which it exalts and torments in turn, but from which it is formed. This unease is contained in the representation of death, its enigma and the character-cum-artist\u2019s suspended scream.\u2019<\/p><p>Excerpt from Facadas [Stabbings] by Felipe Scovino, for the catalogue of the Third Show in the 2012 Exhibition Programme, S\u00e3o Paulo Cultural Centre.<\/p>\t\t\t\t\t\t\t\t<\/div>\n\t\t\t\t<\/div>\n\t\t\t\t\t<\/div>\n\t\t<\/div>\n\t\t\t\t<div class=\"elementor-column elementor-col-50 elementor-top-column elementor-element elementor-element-8966c92\" data-id=\"8966c92\" data-element_type=\"column\" data-e-type=\"column\">\n\t\t\t<div class=\"elementor-widget-wrap elementor-element-populated\">\n\t\t\t\t\t\t<div class=\"elementor-element elementor-element-45ce74d elementor-widget elementor-widget-video\" data-id=\"45ce74d\" data-element_type=\"widget\" data-e-type=\"widget\" data-settings=\"{&quot;youtube_url&quot;:&quot;https:\\\/\\\/youtu.be\\\/ZRxFbgTMplQ&quot;,&quot;video_type&quot;:&quot;youtube&quot;,&quot;controls&quot;:&quot;yes&quot;}\" data-widget_type=\"video.default\">\n\t\t\t\t<div class=\"elementor-widget-container\">\n\t\t\t\t\t\t\t<div class=\"elementor-wrapper elementor-open-inline\">\n\t\t\t<div class=\"elementor-video\"><\/div>\t\t<\/div>\n\t\t\t\t\t\t<\/div>\n\t\t\t\t<\/div>\n\t\t\t\t<div class=\"elementor-element elementor-element-d85f9a7 elementor-widget elementor-widget-text-editor\" data-id=\"d85f9a7\" data-element_type=\"widget\" data-e-type=\"widget\" data-widget_type=\"text-editor.default\">\n\t\t\t\t<div class=\"elementor-widget-container\">\n\t\t\t\t\t\t\t\t\t<p><em>Alvos<\/em>[Targets]<br \/>2017<br \/>Video<br \/>6\u2019, 28\u201d<br \/>Production and editing: Marcia Beatriz Granero<br \/>Production assistant: Luiza Calmon.<br \/>Post-production: Yuri Amaral, Fabio Bardella<br \/>Design and sound mixing: Gustavo Vasconcelos<\/p>\t\t\t\t\t\t\t\t<\/div>\n\t\t\t\t<\/div>\n\t\t\t\t<div class=\"elementor-element elementor-element-1f78b10 elementor-widget elementor-widget-text-editor\" data-id=\"1f78b10\" data-element_type=\"widget\" data-e-type=\"widget\" data-widget_type=\"text-editor.default\">\n\t\t\t\t<div class=\"elementor-widget-container\">\n\t\t\t\t\t\t\t\t\t<p>\u2018During the research process for my production of Alvos I found some copies of targets used in gun clubs. I was shocked by the violence these \u201cdecomposing\u201d figures were charged with after receiving the gunshots: images of bodies that never lived, yet died violent deaths. The targets used in shooting academies are a discomforting, disturbing presence at a time when violence is spreading frighteningly, turning against specific targets, but more randomly too. The Alvos video was recorded in the range of a shooting academy in S\u00e3o Paulo in September 2017. At one point in the shoot I put the target over my own face, like a mask. What captured my attention about the image of the target was that the point the shooter had to aim at was right over my mouth. I find that symbolic connection with tongue and language fascinating: language and communication under attack, and the threat of prohibition, communication in crisis and symbolic violence.\u2019 Lenora de Barros<\/p>\t\t\t\t\t\t\t\t<\/div>\n\t\t\t\t<\/div>\n\t\t\t\t<div class=\"elementor-element elementor-element-ad0a48c elementor-widget elementor-widget-text-editor\" data-id=\"ad0a48c\" data-element_type=\"widget\" data-e-type=\"widget\" data-widget_type=\"text-editor.default\">\n\t\t\t\t<div class=\"elementor-widget-container\">\n\t\t\t\t\t\t\t\t\t<p>Lenora de Barros is a Brazilian artist and poet. She studied linguistics at the University of S\u00e3o Paulo before establishing herself as an artist in the 1970s and has remained committed to exploring language through a variety of media, including video, performance, photography and installation. Barros began her career producing visual poetry. Her early works were influenced by concrete poetry, particularly the Noigandres Group, incorporating body art, pop art and conceptual art techniques. Her work has evolved to focus on the sonority of words, particularly through sound installations and voice performances.<\/p>\t\t\t\t\t\t\t\t<\/div>\n\t\t\t\t<\/div>\n\t\t\t\t\t<\/div>\n\t\t<\/div>\n\t\t\t\t\t<\/div>\n\t\t<\/section>\n\t\t\t\t<section class=\"elementor-section elementor-top-section elementor-element elementor-element-4fc826f elementor-section-boxed elementor-section-height-default elementor-section-height-default\" data-id=\"4fc826f\" data-element_type=\"section\" data-e-type=\"section\">\n\t\t\t\t\t\t<div class=\"elementor-container elementor-column-gap-default\">\n\t\t\t\t\t<div class=\"elementor-column elementor-col-50 elementor-top-column elementor-element elementor-element-3a7a010\" data-id=\"3a7a010\" data-element_type=\"column\" data-e-type=\"column\">\n\t\t\t<div class=\"elementor-widget-wrap elementor-element-populated\">\n\t\t\t\t\t\t<div class=\"elementor-element elementor-element-0fb78af elementor-widget elementor-widget-heading\" data-id=\"0fb78af\" data-element_type=\"widget\" data-e-type=\"widget\" data-widget_type=\"heading.default\">\n\t\t\t\t<div class=\"elementor-widget-container\">\n\t\t\t\t\t<h5 class=\"elementor-heading-title elementor-size-default\">Playlist: Listen to the Silence<\/h5>\t\t\t\t<\/div>\n\t\t\t\t<\/div>\n\t\t\t\t<div class=\"elementor-element elementor-element-085390f elementor-widget elementor-widget-video\" data-id=\"085390f\" data-element_type=\"widget\" data-e-type=\"widget\" data-settings=\"{&quot;youtube_url&quot;:&quot;https:\\\/\\\/youtu.be\\\/JTEFKFiXSx4?list=PLBfcQwX-Ncjb_mpmGR7EuwHHFXVNjaQXj&quot;,&quot;video_type&quot;:&quot;youtube&quot;,&quot;controls&quot;:&quot;yes&quot;}\" data-widget_type=\"video.default\">\n\t\t\t\t<div class=\"elementor-widget-container\">\n\t\t\t\t\t\t\t<div class=\"elementor-wrapper elementor-open-inline\">\n\t\t\t<div class=\"elementor-video\"><\/div>\t\t<\/div>\n\t\t\t\t\t\t<\/div>\n\t\t\t\t<\/div>\n\t\t\t\t<div class=\"elementor-element elementor-element-f3725b3 elementor-widget elementor-widget-text-editor\" data-id=\"f3725b3\" data-element_type=\"widget\" data-e-type=\"widget\" data-widget_type=\"text-editor.default\">\n\t\t\t\t<div class=\"elementor-widget-container\">\n\t\t\t\t\t\t\t\t\t<p>The Escuchar [Sonidos visuales] [Listen [Visual Sounds]] cycle curated by Jorge Haro and Leandro Fr\u00edas has put together this playlist around the notion of silence from a sonic arts perspective. An exploration of sonovisual contrasts. So often separated and classified as opposites, sound and silence are but two aspects of the physical world of vibrations. Discreet or conspicuous. The experience opens with a nineteenth-century space where sounds can \u2018just be\u2019, moves on to the<\/p>\t\t\t\t\t\t\t\t<\/div>\n\t\t\t\t<\/div>\n\t\t\t\t\t<\/div>\n\t\t<\/div>\n\t\t\t\t<div class=\"elementor-column elementor-col-50 elementor-top-column elementor-element elementor-element-95be40c\" data-id=\"95be40c\" data-element_type=\"column\" data-e-type=\"column\">\n\t\t\t<div class=\"elementor-widget-wrap elementor-element-populated\">\n\t\t\t\t\t\t<div class=\"elementor-element elementor-element-af11896 elementor-widget elementor-widget-video\" data-id=\"af11896\" data-element_type=\"widget\" data-e-type=\"widget\" data-settings=\"{&quot;video_type&quot;:&quot;dailymotion&quot;,&quot;controls&quot;:&quot;yes&quot;}\" data-widget_type=\"video.default\">\n\t\t\t\t<div class=\"elementor-widget-container\">\n\t\t\t\t\t\t\t<div class=\"elementor-wrapper elementor-open-inline\">\n\t\t\t<iframe class=\"elementor-video-iframe\" allowfullscreen allow=\"clipboard-write\" title=\"dailymotion Video Player\" src=\"https:\/\/dailymotion.com\/embed\/video\/x33ms6?ui-highlight&amp;start&amp;endscreen-enable=0&amp;controls=1&amp;mute=0&amp;ui-start-screen-info=1&amp;ui-logo=1\"><\/iframe>\t\t<\/div>\n\t\t\t\t\t\t<\/div>\n\t\t\t\t<\/div>\n\t\t\t\t<div class=\"elementor-element elementor-element-5883a34 elementor-widget elementor-widget-text-editor\" data-id=\"5883a34\" data-element_type=\"widget\" data-e-type=\"widget\" data-widget_type=\"text-editor.default\">\n\t\t\t\t<div class=\"elementor-widget-container\">\n\t\t\t\t\t\t\t\t\t<p>overcrowding of circuitry and sound density of a boiler room inhabited by a \u2018noisy\u2019, continues with the deep listening proposed by the frozen image of a CD cover and thence to words about the world of vibrations, to close in the stillness of a study caressed by the wind. Silence in words and sounds.<\/p>\t\t\t\t\t\t\t\t<\/div>\n\t\t\t\t<\/div>\n\t\t\t\t\t<\/div>\n\t\t<\/div>\n\t\t\t\t\t<\/div>\n\t\t<\/section>\n\t\t\t\t<section class=\"elementor-section elementor-top-section elementor-element elementor-element-a380501 elementor-section-boxed elementor-section-height-default elementor-section-height-default\" data-id=\"a380501\" data-element_type=\"section\" data-e-type=\"section\">\n\t\t\t\t\t\t<div class=\"elementor-container elementor-column-gap-default\">\n\t\t\t\t\t<div class=\"elementor-column elementor-col-50 elementor-top-column elementor-element elementor-element-6747906\" data-id=\"6747906\" data-element_type=\"column\" data-e-type=\"column\">\n\t\t\t<div class=\"elementor-widget-wrap elementor-element-populated\">\n\t\t\t\t\t\t<div class=\"elementor-element elementor-element-8ee1d32 elementor-widget elementor-widget-heading\" data-id=\"8ee1d32\" data-element_type=\"widget\" data-e-type=\"widget\" data-widget_type=\"heading.default\">\n\t\t\t\t<div class=\"elementor-widget-container\">\n\t\t\t\t\t<h5 class=\"elementor-heading-title elementor-size-default\">Playlist: Inaudible + Supra-audible<\/h5>\t\t\t\t<\/div>\n\t\t\t\t<\/div>\n\t\t\t\t<div class=\"elementor-element elementor-element-0c7f85b elementor-widget elementor-widget-audio\" data-id=\"0c7f85b\" data-element_type=\"widget\" data-e-type=\"widget\" data-widget_type=\"audio.default\">\n\t\t\t\t<div class=\"elementor-widget-container\">\n\t\t\t\t\t\t\t\t<div class=\"elementor-soundcloud-wrapper\">\n\t\t\t\t<iframe width=\"100%\" height=\"352\" frameborder=\"0\" allowfullscreen allow=\"autoplay; clipboard-write; encrypted-media; fullscreen; picture-in-picture\" loading=\"lazy\" src=\"https:\/\/open.spotify.com\/embed\/playlist\/0k9hAxkJszbjp95mvhxF4l?utm_source=oembed&#038;go=1&#038;play=1&#038;nd=1&#038;auto_play=false&#038;buying=true&#038;liking=true&#038;download=true&#038;sharing=true&#038;show_comments=true&#038;show_playcount=true&#038;show_user=true&#038;show_artwork=true&#038;color\"><\/iframe>\t\t\t<\/div>\n\t\t\t\t\t\t\t<\/div>\n\t\t\t\t<\/div>\n\t\t\t\t\t<\/div>\n\t\t<\/div>\n\t\t\t\t<div class=\"elementor-column elementor-col-50 elementor-top-column elementor-element elementor-element-db3d3ab\" data-id=\"db3d3ab\" data-element_type=\"column\" data-e-type=\"column\">\n\t\t\t<div class=\"elementor-widget-wrap elementor-element-populated\">\n\t\t\t\t\t\t<div class=\"elementor-element elementor-element-cb98d01 elementor-widget elementor-widget-text-editor\" data-id=\"cb98d01\" data-element_type=\"widget\" data-e-type=\"widget\" data-widget_type=\"text-editor.default\">\n\t\t\t\t<div class=\"elementor-widget-container\">\n\t\t\t\t\t\t\t\t\t<p>This week\u2019s playlist brings you 90 minutes of listening, including the three pieces that make up of surfaces, by US composer Richard Chartier, followed by the piece Nerve Cell-0 by renowned Polish composer Zbigniew Karkowski. A listening experience that begins at the limit of what is humanly audible (silence?) and contrastingly continues with full-on sound. Sound and silence: two sides of the same.<\/p>\t\t\t\t\t\t\t\t<\/div>\n\t\t\t\t<\/div>\n\t\t\t\t\t<\/div>\n\t\t<\/div>\n\t\t\t\t\t<\/div>\n\t\t<\/section>\n\t\t\t\t<section class=\"elementor-section elementor-top-section elementor-element elementor-element-e00990f elementor-section-boxed elementor-section-height-default elementor-section-height-default\" data-id=\"e00990f\" data-element_type=\"section\" data-e-type=\"section\">\n\t\t\t\t\t\t<div class=\"elementor-container elementor-column-gap-default\">\n\t\t\t\t\t<div class=\"elementor-column elementor-col-50 elementor-top-column elementor-element elementor-element-c57d113\" data-id=\"c57d113\" data-element_type=\"column\" data-e-type=\"column\">\n\t\t\t<div class=\"elementor-widget-wrap elementor-element-populated\">\n\t\t\t\t\t\t<div class=\"elementor-element elementor-element-6522768 elementor-widget elementor-widget-heading\" data-id=\"6522768\" data-element_type=\"widget\" data-e-type=\"widget\" data-widget_type=\"heading.default\">\n\t\t\t\t<div class=\"elementor-widget-container\">\n\t\t\t\t\t<h5 class=\"elementor-heading-title elementor-size-default\">Playlist: Inaudible + Supra-audible<\/h5>\t\t\t\t<\/div>\n\t\t\t\t<\/div>\n\t\t\t\t<div class=\"elementor-element elementor-element-5a454ba elementor-widget elementor-widget-video\" data-id=\"5a454ba\" data-element_type=\"widget\" data-e-type=\"widget\" data-settings=\"{&quot;youtube_url&quot;:&quot;https:\\\/\\\/youtu.be\\\/2cqLeBgsnEk&quot;,&quot;video_type&quot;:&quot;youtube&quot;,&quot;controls&quot;:&quot;yes&quot;}\" data-widget_type=\"video.default\">\n\t\t\t\t<div class=\"elementor-widget-container\">\n\t\t\t\t\t\t\t<div class=\"elementor-wrapper elementor-open-inline\">\n\t\t\t<div class=\"elementor-video\"><\/div>\t\t<\/div>\n\t\t\t\t\t\t<\/div>\n\t\t\t\t<\/div>\n\t\t\t\t\t<\/div>\n\t\t<\/div>\n\t\t\t\t<div class=\"elementor-column elementor-col-50 elementor-top-column elementor-element elementor-element-124182f\" data-id=\"124182f\" data-element_type=\"column\" data-e-type=\"column\">\n\t\t\t<div class=\"elementor-widget-wrap elementor-element-populated\">\n\t\t\t\t\t\t<div class=\"elementor-element elementor-element-9ca1510 elementor-widget elementor-widget-text-editor\" data-id=\"9ca1510\" data-element_type=\"widget\" data-e-type=\"widget\" data-widget_type=\"text-editor.default\">\n\t\t\t\t<div class=\"elementor-widget-container\">\n\t\t\t\t\t\t\t\t\t<p>Ricardo Glan, member of the Group of 8 of older adults of the Museo Moderno, he makes a performance participation on the silence that takes as its axis the exhibition A History of the Imagination in Argentina made in our rooms in 2019.<\/p>\t\t\t\t\t\t\t\t<\/div>\n\t\t\t\t<\/div>\n\t\t\t\t\t<\/div>\n\t\t<\/div>\n\t\t\t\t\t<\/div>\n\t\t<\/section>\n\t\t\t\t<section class=\"elementor-section elementor-top-section elementor-element elementor-element-ca8fce9 elementor-section-boxed elementor-section-height-default elementor-section-height-default\" data-id=\"ca8fce9\" data-element_type=\"section\" data-e-type=\"section\">\n\t\t\t\t\t\t<div class=\"elementor-container elementor-column-gap-default\">\n\t\t\t\t\t<div class=\"elementor-column elementor-col-50 elementor-top-column elementor-element elementor-element-9b642b1\" data-id=\"9b642b1\" data-element_type=\"column\" data-e-type=\"column\">\n\t\t\t<div class=\"elementor-widget-wrap elementor-element-populated\">\n\t\t\t\t\t\t<div class=\"elementor-element elementor-element-9f1a852 elementor-widget elementor-widget-image\" data-id=\"9f1a852\" data-element_type=\"widget\" data-e-type=\"widget\" data-widget_type=\"image.default\">\n\t\t\t\t<div class=\"elementor-widget-container\">\n\t\t\t\t\t\t\t\t\t\t\t\t\t\t\t<img loading=\"lazy\" decoding=\"async\" width=\"1334\" height=\"1334\" src=\"https:\/\/museomoderno.org\/wp-content\/uploads\/2020\/12\/gif-desafio-mirar-el-cielo.gif\" class=\"attachment-full size-full wp-image-2879\" alt=\"\" \/>\t\t\t\t\t\t\t\t\t\t\t\t\t\t\t<\/div>\n\t\t\t\t<\/div>\n\t\t\t\t\t<\/div>\n\t\t<\/div>\n\t\t\t\t<div class=\"elementor-column elementor-col-50 elementor-top-column elementor-element elementor-element-9c518e3\" data-id=\"9c518e3\" data-element_type=\"column\" data-e-type=\"column\">\n\t\t\t<div class=\"elementor-widget-wrap elementor-element-populated\">\n\t\t\t\t\t\t<div class=\"elementor-element elementor-element-c8e7542 elementor-widget elementor-widget-heading\" data-id=\"c8e7542\" data-element_type=\"widget\" data-e-type=\"widget\" data-widget_type=\"heading.default\">\n\t\t\t\t<div class=\"elementor-widget-container\">\n\t\t\t\t\t<h5 class=\"elementor-heading-title elementor-size-default\">Take the Moderno Skygazing Challenge<\/h5>\t\t\t\t<\/div>\n\t\t\t\t<\/div>\n\t\t\t\t<div class=\"elementor-element elementor-element-95dc3b0 elementor-widget elementor-widget-text-editor\" data-id=\"95dc3b0\" data-element_type=\"widget\" data-e-type=\"widget\" data-widget_type=\"text-editor.default\">\n\t\t\t\t<div class=\"elementor-widget-container\">\n\t\t\t\t\t\t\t\t\t<p>An activity designed to represent the sky from wherever you are.<\/p><p>Depicting landscapes is a vital part of an artist\u2019s education. So we are inviting our little ones and their families to skywatch from their windows or balconies. The sky is a landscape that changes colour, texture and shape with weather, time and other factors. Draw, paint or depict the sky however you like, upload it to your social networks and tag the Moderno.<\/p>\t\t\t\t\t\t\t\t<\/div>\n\t\t\t\t<\/div>\n\t\t\t\t\t<\/div>\n\t\t<\/div>\n\t\t\t\t\t<\/div>\n\t\t<\/section>\n\t\t\t\t<section class=\"elementor-section elementor-top-section elementor-element elementor-element-78d7b3d elementor-section-content-middle elementor-section-boxed elementor-section-height-default elementor-section-height-default\" data-id=\"78d7b3d\" data-element_type=\"section\" data-e-type=\"section\">\n\t\t\t\t\t\t<div class=\"elementor-container elementor-column-gap-default\">\n\t\t\t\t\t<div class=\"elementor-column elementor-col-100 elementor-top-column elementor-element elementor-element-3dcb3c2\" data-id=\"3dcb3c2\" data-element_type=\"column\" data-e-type=\"column\">\n\t\t\t<div class=\"elementor-widget-wrap elementor-element-populated\">\n\t\t\t\t\t\t<section class=\"elementor-section elementor-inner-section elementor-element elementor-element-65f70c8 elementor-section-full_width elementor-section-content-middle elementor-section-height-default elementor-section-height-default\" data-id=\"65f70c8\" data-element_type=\"section\" data-e-type=\"section\" data-settings=\"{&quot;background_background&quot;:&quot;gradient&quot;}\">\n\t\t\t\t\t\t<div class=\"elementor-container elementor-column-gap-default\">\n\t\t\t\t\t<div class=\"elementor-column elementor-col-50 elementor-inner-column elementor-element elementor-element-6c5e5a6\" data-id=\"6c5e5a6\" data-element_type=\"column\" data-e-type=\"column\">\n\t\t\t<div class=\"elementor-widget-wrap elementor-element-populated\">\n\t\t\t\t\t\t<div class=\"elementor-element elementor-element-0f0bbe0 elementor-widget elementor-widget-heading\" data-id=\"0f0bbe0\" data-element_type=\"widget\" data-e-type=\"widget\" data-widget_type=\"heading.default\">\n\t\t\t\t<div class=\"elementor-widget-container\">\n\t\t\t\t\t<h2 class=\"elementor-heading-title elementor-size-default\">READ AT HOME<\/h2>\t\t\t\t<\/div>\n\t\t\t\t<\/div>\n\t\t\t\t\t<\/div>\n\t\t<\/div>\n\t\t\t\t<div class=\"elementor-column elementor-col-50 elementor-inner-column elementor-element elementor-element-80d57bc\" data-id=\"80d57bc\" data-element_type=\"column\" data-e-type=\"column\">\n\t\t\t<div class=\"elementor-widget-wrap elementor-element-populated\">\n\t\t\t\t\t\t<div class=\"elementor-element elementor-element-82342e1 elementor-widget elementor-widget-image\" data-id=\"82342e1\" data-element_type=\"widget\" data-e-type=\"widget\" data-widget_type=\"image.default\">\n\t\t\t\t<div class=\"elementor-widget-container\">\n\t\t\t\t\t\t\t\t\t\t\t\t\t\t\t<img loading=\"lazy\" decoding=\"async\" width=\"561\" height=\"357\" src=\"https:\/\/museomoderno.org\/wp-content\/uploads\/2020\/12\/Captura-de-Pantalla-2020-06-05-a-las-12.27.43_0.png\" class=\"attachment-full size-full wp-image-2883\" alt=\"\" srcset=\"https:\/\/museomoderno.org\/wp-content\/uploads\/2020\/12\/Captura-de-Pantalla-2020-06-05-a-las-12.27.43_0.png 561w, https:\/\/museomoderno.org\/wp-content\/uploads\/2020\/12\/Captura-de-Pantalla-2020-06-05-a-las-12.27.43_0-300x191.png 300w\" sizes=\"(max-width: 561px) 100vw, 561px\" \/>\t\t\t\t\t\t\t\t\t\t\t\t\t\t\t<\/div>\n\t\t\t\t<\/div>\n\t\t\t\t\t<\/div>\n\t\t<\/div>\n\t\t\t\t\t<\/div>\n\t\t<\/section>\n\t\t\t\t\t<\/div>\n\t\t<\/div>\n\t\t\t\t\t<\/div>\n\t\t<\/section>\n\t\t\t\t<section class=\"elementor-section elementor-top-section elementor-element elementor-element-c7ae2e0 elementor-section-content-middle elementor-section-boxed elementor-section-height-default elementor-section-height-default\" data-id=\"c7ae2e0\" data-element_type=\"section\" data-e-type=\"section\">\n\t\t\t\t\t\t<div class=\"elementor-container elementor-column-gap-default\">\n\t\t\t\t\t<div class=\"elementor-column elementor-col-100 elementor-top-column elementor-element elementor-element-e591456\" data-id=\"e591456\" data-element_type=\"column\" data-e-type=\"column\">\n\t\t\t<div class=\"elementor-widget-wrap elementor-element-populated\">\n\t\t\t\t\t\t<section class=\"elementor-section elementor-inner-section elementor-element elementor-element-a26a830 elementor-section-full_width elementor-section-content-middle elementor-section-height-default elementor-section-height-default\" data-id=\"a26a830\" data-element_type=\"section\" data-e-type=\"section\" data-settings=\"{&quot;background_background&quot;:&quot;gradient&quot;}\">\n\t\t\t\t\t\t<div class=\"elementor-container elementor-column-gap-default\">\n\t\t\t\t\t<div class=\"elementor-column elementor-col-50 elementor-inner-column elementor-element elementor-element-d14c952\" data-id=\"d14c952\" data-element_type=\"column\" data-e-type=\"column\">\n\t\t\t<div class=\"elementor-widget-wrap elementor-element-populated\">\n\t\t\t\t\t\t<div class=\"elementor-element elementor-element-5faed65 elementor-widget elementor-widget-heading\" data-id=\"5faed65\" data-element_type=\"widget\" data-e-type=\"widget\" data-widget_type=\"heading.default\">\n\t\t\t\t<div class=\"elementor-widget-container\">\n\t\t\t\t\t<h2 class=\"elementor-heading-title elementor-size-default\">MODERNO EN MOVIMIENTO: SILENCE - TEACHER'S BOOKLET<\/h2>\t\t\t\t<\/div>\n\t\t\t\t<\/div>\n\t\t\t\t\t<\/div>\n\t\t<\/div>\n\t\t\t\t<div class=\"elementor-column elementor-col-50 elementor-inner-column elementor-element elementor-element-124cd33\" data-id=\"124cd33\" data-element_type=\"column\" data-e-type=\"column\">\n\t\t\t<div class=\"elementor-widget-wrap elementor-element-populated\">\n\t\t\t\t\t\t<div class=\"elementor-element elementor-element-7169727 elementor-widget elementor-widget-image\" data-id=\"7169727\" data-element_type=\"widget\" data-e-type=\"widget\" data-widget_type=\"image.default\">\n\t\t\t\t<div class=\"elementor-widget-container\">\n\t\t\t\t\t\t\t\t\t\t\t\t\t\t\t<img loading=\"lazy\" decoding=\"async\" width=\"764\" height=\"351\" src=\"https:\/\/museomoderno.org\/wp-content\/uploads\/2020\/12\/Captura-de-Pantalla-2020-06-09-a-las-11.05.52_0.png\" class=\"attachment-full size-full wp-image-2884\" alt=\"\" srcset=\"https:\/\/museomoderno.org\/wp-content\/uploads\/2020\/12\/Captura-de-Pantalla-2020-06-09-a-las-11.05.52_0.png 764w, https:\/\/museomoderno.org\/wp-content\/uploads\/2020\/12\/Captura-de-Pantalla-2020-06-09-a-las-11.05.52_0-300x138.png 300w\" sizes=\"(max-width: 764px) 100vw, 764px\" \/>\t\t\t\t\t\t\t\t\t\t\t\t\t\t\t<\/div>\n\t\t\t\t<\/div>\n\t\t\t\t\t<\/div>\n\t\t<\/div>\n\t\t\t\t\t<\/div>\n\t\t<\/section>\n\t\t\t\t\t<\/div>\n\t\t<\/div>\n\t\t\t\t\t<\/div>\n\t\t<\/section>\n\t\t\t\t<section class=\"elementor-section elementor-top-section elementor-element elementor-element-14fb414 elementor-section-content-middle elementor-section-boxed elementor-section-height-default elementor-section-height-default\" data-id=\"14fb414\" data-element_type=\"section\" data-e-type=\"section\">\n\t\t\t\t\t\t<div class=\"elementor-container elementor-column-gap-default\">\n\t\t\t\t\t<div class=\"elementor-column elementor-col-100 elementor-top-column elementor-element elementor-element-fb895ce\" data-id=\"fb895ce\" data-element_type=\"column\" data-e-type=\"column\">\n\t\t\t<div class=\"elementor-widget-wrap elementor-element-populated\">\n\t\t\t\t\t\t<section class=\"elementor-section elementor-inner-section elementor-element elementor-element-5975696 elementor-section-full_width elementor-section-content-middle elementor-section-height-default elementor-section-height-default\" data-id=\"5975696\" data-element_type=\"section\" data-e-type=\"section\" data-settings=\"{&quot;background_background&quot;:&quot;gradient&quot;}\">\n\t\t\t\t\t\t<div class=\"elementor-container elementor-column-gap-default\">\n\t\t\t\t\t<div class=\"elementor-column elementor-col-50 elementor-inner-column elementor-element elementor-element-437ed7c\" data-id=\"437ed7c\" data-element_type=\"column\" data-e-type=\"column\">\n\t\t\t<div class=\"elementor-widget-wrap elementor-element-populated\">\n\t\t\t\t\t\t<div class=\"elementor-element elementor-element-cbe177a elementor-widget elementor-widget-heading\" data-id=\"cbe177a\" data-element_type=\"widget\" data-e-type=\"widget\" data-widget_type=\"heading.default\">\n\t\t\t\t<div class=\"elementor-widget-container\">\n\t\t\t\t\t<h2 class=\"elementor-heading-title elementor-size-default\">CONECTIONS<\/h2>\t\t\t\t<\/div>\n\t\t\t\t<\/div>\n\t\t\t\t\t<\/div>\n\t\t<\/div>\n\t\t\t\t<div class=\"elementor-column elementor-col-50 elementor-inner-column elementor-element elementor-element-d8d6faa\" data-id=\"d8d6faa\" data-element_type=\"column\" data-e-type=\"column\">\n\t\t\t<div class=\"elementor-widget-wrap elementor-element-populated\">\n\t\t\t\t\t\t<div class=\"elementor-element elementor-element-6a252af elementor-widget elementor-widget-image\" data-id=\"6a252af\" data-element_type=\"widget\" data-e-type=\"widget\" data-widget_type=\"image.default\">\n\t\t\t\t<div class=\"elementor-widget-container\">\n\t\t\t\t\t\t\t\t\t\t\t\t\t\t\t<img loading=\"lazy\" decoding=\"async\" width=\"525\" height=\"335\" src=\"https:\/\/museomoderno.org\/wp-content\/uploads\/2020\/12\/Captura-de-Pantalla-2020-06-09-a-las-15.40.39_0.png\" class=\"attachment-full size-full wp-image-2885\" alt=\"\" srcset=\"https:\/\/museomoderno.org\/wp-content\/uploads\/2020\/12\/Captura-de-Pantalla-2020-06-09-a-las-15.40.39_0.png 525w, https:\/\/museomoderno.org\/wp-content\/uploads\/2020\/12\/Captura-de-Pantalla-2020-06-09-a-las-15.40.39_0-300x191.png 300w\" sizes=\"(max-width: 525px) 100vw, 525px\" \/>\t\t\t\t\t\t\t\t\t\t\t\t\t\t\t<\/div>\n\t\t\t\t<\/div>\n\t\t\t\t\t<\/div>\n\t\t<\/div>\n\t\t\t\t\t<\/div>\n\t\t<\/section>\n\t\t\t\t\t<\/div>\n\t\t<\/div>\n\t\t\t\t\t<\/div>\n\t\t<\/section>\n\t\t\t\t<section class=\"elementor-section elementor-top-section elementor-element elementor-element-1723bbe elementor-section-content-middle elementor-section-boxed elementor-section-height-default elementor-section-height-default\" data-id=\"1723bbe\" data-element_type=\"section\" data-e-type=\"section\">\n\t\t\t\t\t\t<div class=\"elementor-container elementor-column-gap-default\">\n\t\t\t\t\t<div class=\"elementor-column elementor-col-100 elementor-top-column elementor-element elementor-element-434221c\" data-id=\"434221c\" data-element_type=\"column\" data-e-type=\"column\">\n\t\t\t<div class=\"elementor-widget-wrap elementor-element-populated\">\n\t\t\t\t\t\t<section class=\"elementor-section elementor-inner-section elementor-element elementor-element-d326130 elementor-section-full_width elementor-section-content-middle elementor-section-height-default elementor-section-height-default\" data-id=\"d326130\" data-element_type=\"section\" data-e-type=\"section\" data-settings=\"{&quot;background_background&quot;:&quot;gradient&quot;}\">\n\t\t\t\t\t\t<div class=\"elementor-container elementor-column-gap-default\">\n\t\t\t\t\t<div class=\"elementor-column elementor-col-50 elementor-inner-column elementor-element elementor-element-42643ba\" data-id=\"42643ba\" data-element_type=\"column\" data-e-type=\"column\">\n\t\t\t<div class=\"elementor-widget-wrap elementor-element-populated\">\n\t\t\t\t\t\t<div class=\"elementor-element elementor-element-7270c3c elementor-widget elementor-widget-heading\" data-id=\"7270c3c\" data-element_type=\"widget\" data-e-type=\"widget\" data-widget_type=\"heading.default\">\n\t\t\t\t<div class=\"elementor-widget-container\">\n\t\t\t\t\t<h2 class=\"elementor-heading-title elementor-size-default\">TUTORIAL TO MAKE HOLIDAYS AT HOME\n<\/h2>\t\t\t\t<\/div>\n\t\t\t\t<\/div>\n\t\t\t\t\t<\/div>\n\t\t<\/div>\n\t\t\t\t<div class=\"elementor-column elementor-col-50 elementor-inner-column elementor-element elementor-element-f8b2079\" data-id=\"f8b2079\" data-element_type=\"column\" data-e-type=\"column\">\n\t\t\t<div class=\"elementor-widget-wrap elementor-element-populated\">\n\t\t\t\t\t\t<div class=\"elementor-element elementor-element-632647d elementor-widget elementor-widget-image\" data-id=\"632647d\" data-element_type=\"widget\" data-e-type=\"widget\" data-widget_type=\"image.default\">\n\t\t\t\t<div class=\"elementor-widget-container\">\n\t\t\t\t\t\t\t\t\t\t\t\t\t\t\t<img loading=\"lazy\" decoding=\"async\" width=\"535\" height=\"317\" src=\"https:\/\/museomoderno.org\/wp-content\/uploads\/2020\/12\/tut-lanzador.png\" class=\"attachment-full size-full wp-image-2886\" alt=\"\" srcset=\"https:\/\/museomoderno.org\/wp-content\/uploads\/2020\/12\/tut-lanzador.png 535w, https:\/\/museomoderno.org\/wp-content\/uploads\/2020\/12\/tut-lanzador-300x178.png 300w\" sizes=\"(max-width: 535px) 100vw, 535px\" \/>\t\t\t\t\t\t\t\t\t\t\t\t\t\t\t<\/div>\n\t\t\t\t<\/div>\n\t\t\t\t\t<\/div>\n\t\t<\/div>\n\t\t\t\t\t<\/div>\n\t\t<\/section>\n\t\t\t\t\t<\/div>\n\t\t<\/div>\n\t\t\t\t\t<\/div>\n\t\t<\/section>\n\t\t\t\t<section class=\"elementor-section elementor-top-section elementor-element elementor-element-22d5e6a2 elementor-section-boxed elementor-section-height-default elementor-section-height-default\" data-id=\"22d5e6a2\" data-element_type=\"section\" data-e-type=\"section\">\n\t\t\t\t\t\t<div class=\"elementor-container elementor-column-gap-default\">\n\t\t\t\t\t<div class=\"elementor-column elementor-col-100 elementor-top-column elementor-element elementor-element-38135ccc\" data-id=\"38135ccc\" data-element_type=\"column\" data-e-type=\"column\">\n\t\t\t<div class=\"elementor-widget-wrap elementor-element-populated\">\n\t\t\t\t\t\t<div class=\"elementor-element elementor-element-516351c6 elementor-widget elementor-widget-heading\" data-id=\"516351c6\" data-element_type=\"widget\" data-e-type=\"widget\" data-widget_type=\"heading.default\">\n\t\t\t\t<div class=\"elementor-widget-container\">\n\t\t\t\t\t<h4 class=\"elementor-heading-title elementor-size-default\">FOR MORE CONTENT FOLLOW THE MODERNO\u2019S DIGITAL PLATFORMS<\/h4>\t\t\t\t<\/div>\n\t\t\t\t<\/div>\n\t\t\t\t<section class=\"elementor-section elementor-inner-section elementor-element elementor-element-ccfb888 elementor-section-boxed elementor-section-height-default elementor-section-height-default\" data-id=\"ccfb888\" data-element_type=\"section\" data-e-type=\"section\">\n\t\t\t\t\t\t<div class=\"elementor-container elementor-column-gap-default\">\n\t\t\t\t\t<div class=\"elementor-column elementor-col-25 elementor-inner-column elementor-element elementor-element-6c538601\" data-id=\"6c538601\" data-element_type=\"column\" data-e-type=\"column\">\n\t\t\t<div class=\"elementor-widget-wrap elementor-element-populated\">\n\t\t\t\t\t\t<div class=\"elementor-element elementor-element-381e37c3 elementor-widget elementor-widget-image\" data-id=\"381e37c3\" data-element_type=\"widget\" data-e-type=\"widget\" data-widget_type=\"image.default\">\n\t\t\t\t<div class=\"elementor-widget-container\">\n\t\t\t\t\t\t\t\t\t\t\t\t<figure class=\"wp-caption\">\n\t\t\t\t\t\t\t\t\t\t\t<a href=\"https:\/\/www.youtube.com\/channel\/UCaOs2nP3pdekN89NDEAWPng\" target=\"_blank\" rel=\"nofollow noopener\">\n\t\t\t\t\t\t\t<img loading=\"lazy\" decoding=\"async\" width=\"270\" height=\"180\" src=\"https:\/\/museomoderno.org\/wp-content\/uploads\/2020\/12\/YOUTUBE2_0.jpg\" class=\"attachment-full size-full wp-image-2067\" alt=\"\" \/>\t\t\t\t\t\t\t\t<\/a>\n\t\t\t\t\t\t\t\t\t\t\t<figcaption class=\"widget-image-caption wp-caption-text\">Youtube<\/figcaption>\n\t\t\t\t\t\t\t\t\t\t<\/figure>\n\t\t\t\t\t\t\t\t\t<\/div>\n\t\t\t\t<\/div>\n\t\t\t\t\t<\/div>\n\t\t<\/div>\n\t\t\t\t<div class=\"elementor-column elementor-col-25 elementor-inner-column elementor-element elementor-element-78542cd5\" data-id=\"78542cd5\" data-element_type=\"column\" data-e-type=\"column\">\n\t\t\t<div class=\"elementor-widget-wrap elementor-element-populated\">\n\t\t\t\t\t\t<div class=\"elementor-element elementor-element-1bd18bee elementor-widget elementor-widget-image\" data-id=\"1bd18bee\" data-element_type=\"widget\" data-e-type=\"widget\" data-widget_type=\"image.default\">\n\t\t\t\t<div class=\"elementor-widget-container\">\n\t\t\t\t\t\t\t\t\t\t\t\t<figure class=\"wp-caption\">\n\t\t\t\t\t\t\t\t\t\t\t<a href=\"https:\/\/www.instagram.com\/modernoba\/\" target=\"_blank\" rel=\"nofollow noopener\">\n\t\t\t\t\t\t\t<img loading=\"lazy\" decoding=\"async\" width=\"270\" height=\"180\" src=\"https:\/\/museomoderno.org\/wp-content\/uploads\/2020\/12\/INSTAGRAM2_0.jpg\" class=\"attachment-full size-full wp-image-2068\" alt=\"\" \/>\t\t\t\t\t\t\t\t<\/a>\n\t\t\t\t\t\t\t\t\t\t\t<figcaption class=\"widget-image-caption wp-caption-text\">Instagram<\/figcaption>\n\t\t\t\t\t\t\t\t\t\t<\/figure>\n\t\t\t\t\t\t\t\t\t<\/div>\n\t\t\t\t<\/div>\n\t\t\t\t\t<\/div>\n\t\t<\/div>\n\t\t\t\t<div class=\"elementor-column elementor-col-25 elementor-inner-column elementor-element elementor-element-3d0f1043\" data-id=\"3d0f1043\" data-element_type=\"column\" data-e-type=\"column\">\n\t\t\t<div class=\"elementor-widget-wrap elementor-element-populated\">\n\t\t\t\t\t\t<div class=\"elementor-element elementor-element-586de3ef elementor-widget elementor-widget-image\" data-id=\"586de3ef\" data-element_type=\"widget\" data-e-type=\"widget\" data-widget_type=\"image.default\">\n\t\t\t\t<div class=\"elementor-widget-container\">\n\t\t\t\t\t\t\t\t\t\t\t\t<figure class=\"wp-caption\">\n\t\t\t\t\t\t\t\t\t\t\t<a href=\"https:\/\/open.spotify.com\/user\/dqnqsnfdbpalfkrz39z8umv4k\" target=\"_blank\" rel=\"nofollow noopener\">\n\t\t\t\t\t\t\t<img loading=\"lazy\" decoding=\"async\" width=\"270\" height=\"180\" src=\"https:\/\/museomoderno.org\/wp-content\/uploads\/2020\/12\/SPOTIFY2_0.jpg\" class=\"attachment-full size-full wp-image-2069\" alt=\"\" \/>\t\t\t\t\t\t\t\t<\/a>\n\t\t\t\t\t\t\t\t\t\t\t<figcaption class=\"widget-image-caption wp-caption-text\">Spotify<\/figcaption>\n\t\t\t\t\t\t\t\t\t\t<\/figure>\n\t\t\t\t\t\t\t\t\t<\/div>\n\t\t\t\t<\/div>\n\t\t\t\t\t<\/div>\n\t\t<\/div>\n\t\t\t\t<div class=\"elementor-column elementor-col-25 elementor-inner-column elementor-element elementor-element-61968487\" data-id=\"61968487\" data-element_type=\"column\" data-e-type=\"column\">\n\t\t\t<div class=\"elementor-widget-wrap elementor-element-populated\">\n\t\t\t\t\t\t<div class=\"elementor-element elementor-element-c28b89a elementor-widget elementor-widget-image\" data-id=\"c28b89a\" data-element_type=\"widget\" data-e-type=\"widget\" data-widget_type=\"image.default\">\n\t\t\t\t<div class=\"elementor-widget-container\">\n\t\t\t\t\t\t\t\t\t\t\t\t<figure class=\"wp-caption\">\n\t\t\t\t\t\t\t\t\t\t\t<a href=\"https:\/\/artsandculture.google.com\/partner\/museo-de-arte-moderno-de-buenos-aires-museo-moderno\" target=\"_blank\" rel=\"nofollow noopener\">\n\t\t\t\t\t\t\t<img loading=\"lazy\" decoding=\"async\" width=\"270\" height=\"180\" src=\"https:\/\/museomoderno.org\/wp-content\/uploads\/2020\/12\/GOOGLEART2_0.jpg\" class=\"attachment-full size-full wp-image-2070\" alt=\"\" \/>\t\t\t\t\t\t\t\t<\/a>\n\t\t\t\t\t\t\t\t\t\t\t<figcaption class=\"widget-image-caption wp-caption-text\">Google Art Project<\/figcaption>\n\t\t\t\t\t\t\t\t\t\t<\/figure>\n\t\t\t\t\t\t\t\t\t<\/div>\n\t\t\t\t<\/div>\n\t\t\t\t\t<\/div>\n\t\t<\/div>\n\t\t\t\t\t<\/div>\n\t\t<\/section>\n\t\t\t\t\t<\/div>\n\t\t<\/div>\n\t\t\t\t\t<\/div>\n\t\t<\/section>\n\t\t\t\t<\/div>\n\t\t","protected":false},"excerpt":{"rendered":"<p>Three great friends talk about silence in music, quantum physics and literature, and about its role in art, meditation and the unsayable in the poetic process. They also discuss that silent hiatus, that rediscovering of suspended silence prompted in its recipients by the contemplation of art. https:\/\/youtu.be\/gVxFKOB4P-8https:\/\/youtu.be\/nxhSQW070Dg Even in the most absolute silence we still [&hellip;]<\/p>\n","protected":false},"author":7,"featured_media":33192,"comment_status":"open","ping_status":"open","sticky":false,"template":"elementor_header_footer","format":"standard","meta":{"footnotes":""},"categories":[38],"tags":[],"class_list":["post-8995","post","type-post","status-publish","format-standard","has-post-thumbnail","hentry","category-museo-moderno-en-casa-en"],"_links":{"self":[{"href":"https:\/\/museomoderno.org\/en\/wp-json\/wp\/v2\/posts\/8995","targetHints":{"allow":["GET"]}}],"collection":[{"href":"https:\/\/museomoderno.org\/en\/wp-json\/wp\/v2\/posts"}],"about":[{"href":"https:\/\/museomoderno.org\/en\/wp-json\/wp\/v2\/types\/post"}],"author":[{"embeddable":true,"href":"https:\/\/museomoderno.org\/en\/wp-json\/wp\/v2\/users\/7"}],"replies":[{"embeddable":true,"href":"https:\/\/museomoderno.org\/en\/wp-json\/wp\/v2\/comments?post=8995"}],"version-history":[{"count":0,"href":"https:\/\/museomoderno.org\/en\/wp-json\/wp\/v2\/posts\/8995\/revisions"}],"wp:featuredmedia":[{"embeddable":true,"href":"https:\/\/museomoderno.org\/en\/wp-json\/wp\/v2\/media\/33192"}],"wp:attachment":[{"href":"https:\/\/museomoderno.org\/en\/wp-json\/wp\/v2\/media?parent=8995"}],"wp:term":[{"taxonomy":"category","embeddable":true,"href":"https:\/\/museomoderno.org\/en\/wp-json\/wp\/v2\/categories?post=8995"},{"taxonomy":"post_tag","embeddable":true,"href":"https:\/\/museomoderno.org\/en\/wp-json\/wp\/v2\/tags?post=8995"}],"curies":[{"name":"wp","href":"https:\/\/api.w.org\/{rel}","templated":true}]}}