{"id":8944,"date":"2020-08-03T12:42:00","date_gmt":"2020-08-03T15:42:00","guid":{"rendered":"https:\/\/museomoderno.org\/sentido-comun\/"},"modified":"2023-06-12T15:11:32","modified_gmt":"2023-06-12T18:11:32","slug":"common-sense","status":"publish","type":"post","link":"https:\/\/museomoderno.org\/en\/common-sense\/","title":{"rendered":"Common sense. Art and Community"},"content":{"rendered":"\t\t<div data-elementor-type=\"wp-post\" data-elementor-id=\"8944\" class=\"elementor elementor-8944 elementor-2400\" data-elementor-post-type=\"post\">\n\t\t\t\t\t\t<section class=\"elementor-section elementor-top-section elementor-element elementor-element-357631e1 elementor-section-boxed elementor-section-height-default elementor-section-height-default\" data-id=\"357631e1\" data-element_type=\"section\" data-e-type=\"section\">\n\t\t\t\t\t\t<div class=\"elementor-container elementor-column-gap-default\">\n\t\t\t\t\t<div class=\"elementor-column elementor-col-100 elementor-top-column elementor-element elementor-element-3d572683\" data-id=\"3d572683\" data-element_type=\"column\" data-e-type=\"column\">\n\t\t\t<div class=\"elementor-widget-wrap elementor-element-populated\">\n\t\t\t\t\t\t<div class=\"elementor-element elementor-element-31dcabd8 elementor-widget elementor-widget-heading\" data-id=\"31dcabd8\" data-element_type=\"widget\" data-e-type=\"widget\" data-widget_type=\"heading.default\">\n\t\t\t\t<div class=\"elementor-widget-container\">\n\t\t\t\t\t<h1 class=\"elementor-heading-title elementor-size-default\">Common sense. Art and Community<\/h1>\t\t\t\t<\/div>\n\t\t\t\t<\/div>\n\t\t\t\t\t<\/div>\n\t\t<\/div>\n\t\t\t\t\t<\/div>\n\t\t<\/section>\n\t\t\t\t<section class=\"elementor-section elementor-top-section elementor-element elementor-element-303cada9 elementor-section-boxed elementor-section-height-default elementor-section-height-default\" data-id=\"303cada9\" data-element_type=\"section\" data-e-type=\"section\">\n\t\t\t\t\t\t<div class=\"elementor-container elementor-column-gap-default\">\n\t\t\t\t\t<div class=\"elementor-column elementor-col-100 elementor-top-column elementor-element elementor-element-14cdcd58\" data-id=\"14cdcd58\" data-element_type=\"column\" data-e-type=\"column\">\n\t\t\t<div class=\"elementor-widget-wrap elementor-element-populated\">\n\t\t\t\t\t\t<div class=\"elementor-element elementor-element-63ce456a elementor-widget-divider--view-line elementor-widget elementor-widget-divider\" data-id=\"63ce456a\" data-element_type=\"widget\" data-e-type=\"widget\" data-widget_type=\"divider.default\">\n\t\t\t\t<div class=\"elementor-widget-container\">\n\t\t\t\t\t\t\t<div class=\"elementor-divider\">\n\t\t\t<span class=\"elementor-divider-separator\">\n\t\t\t\t\t\t<\/span>\n\t\t<\/div>\n\t\t\t\t\t\t<\/div>\n\t\t\t\t<\/div>\n\t\t\t\t\t<\/div>\n\t\t<\/div>\n\t\t\t\t\t<\/div>\n\t\t<\/section>\n\t\t\t\t<section class=\"elementor-section elementor-top-section elementor-element elementor-element-bee7058 elementor-section-boxed elementor-section-height-default elementor-section-height-default\" data-id=\"bee7058\" data-element_type=\"section\" data-e-type=\"section\">\n\t\t\t\t\t\t<div class=\"elementor-container elementor-column-gap-default\">\n\t\t\t\t\t<div class=\"elementor-column elementor-col-50 elementor-top-column elementor-element elementor-element-5ca836b\" data-id=\"5ca836b\" data-element_type=\"column\" data-e-type=\"column\">\n\t\t\t<div class=\"elementor-widget-wrap elementor-element-populated\">\n\t\t\t\t\t\t<div class=\"elementor-element elementor-element-54634b6 elementor-widget elementor-widget-heading\" data-id=\"54634b6\" data-element_type=\"widget\" data-e-type=\"widget\" data-widget_type=\"heading.default\">\n\t\t\t\t<div class=\"elementor-widget-container\">\n\t\t\t\t\t<h5 class=\"elementor-heading-title elementor-size-default\">ART AND COMMUNITY<\/h5>\t\t\t\t<\/div>\n\t\t\t\t<\/div>\n\t\t\t\t<div class=\"elementor-element elementor-element-b87f5f6 elementor-widget elementor-widget-text-editor\" data-id=\"b87f5f6\" data-element_type=\"widget\" data-e-type=\"widget\" data-widget_type=\"text-editor.default\">\n\t\t\t\t<div class=\"elementor-widget-container\">\n\t\t\t\t\t\t\t\t\t<p>Each and every action we take is determined by the bonds we form voluntarily with other people: they are directed at them, come from them and are reinforced by them. Life in a community, whatever form it might take, is an organic means of gaining strength, of learning from and with others and of building resilience when circumstances expose how vulnerable we are on our own. Communities vary widely but all are a collective of people who share a common feeling, energy and language that serve to support and enrich our existence.<\/p><p>Since 2016, the Communities team in the Education Department of the Museo Moderno has organized activities with different collectives with the objective of encouraging greater integration in accordance with their needs, desires and challenges. These activities, many of which continue over time as part of a continuous working system, seek not just provide access to exhibition spaces but also to build a channel of communication and interaction with diverse sectors of the population and so connect with universes that may have seemed off-limits. One of the central pillars of #commonsense is the podcast \u2018Collective community glossary\u2019 which will be broadcast during the first two weeks of August to lend greater visibility to artistic projects with a local, communitarian focus that generate emotional and reflexive ties with the museum.<\/p><p>Additionally, the Museo Moderno believes that it is essential to share the space of our virtual platforms with groups of artists and artistic projects that shine a light on the different ways in which communities can be constructed. They all emphasize the power of the collective, be it through working as a group or the construction of a sense of belonging.<\/p><p>Over these two weeks, in addition to the activities run by the Communities Team, the museum will present: a project linked to artistic action, education, feminist activism and social work conceived in 2003 by Fernanda Laguna that today includes a collective of women united by shared emotions and commitment; \u2018Proyecto Yungas\u2019, created by Ra\u00fal Flores and Piero Sogno, an artists residency that seeks to establish temporary communities and formative networks at the federal level; artworks by Liliana Ancalao and Silvia Barrios, who use poetry, music and anthropology respectively to emphasize the importance of maintaining and promoting the cultural output of Mapuche, Andean and Gran Chaco communities; an exchange with the very different culture of a town in the demilitarized zone between the borders of North and South Korea; a pair of films by Adri\u00e1n Villar Rojas; and a cooperative of singers<\/p>\t\t\t\t\t\t\t\t<\/div>\n\t\t\t\t<\/div>\n\t\t\t\t<div class=\"elementor-element elementor-element-f81f77c elementor-widget elementor-widget-image\" data-id=\"f81f77c\" data-element_type=\"widget\" data-e-type=\"widget\" data-widget_type=\"image.default\">\n\t\t\t\t<div class=\"elementor-widget-container\">\n\t\t\t\t\t\t\t\t\t\t\t\t\t\t\t<img fetchpriority=\"high\" decoding=\"async\" width=\"1017\" height=\"671\" src=\"https:\/\/museomoderno.org\/wp-content\/uploads\/2020\/12\/Captura-de-Pantalla-2020-08-03-a-las-14.04.53.png\" class=\"attachment-full size-full wp-image-2414\" alt=\"\" srcset=\"https:\/\/museomoderno.org\/wp-content\/uploads\/2020\/12\/Captura-de-Pantalla-2020-08-03-a-las-14.04.53.png 1017w, https:\/\/museomoderno.org\/wp-content\/uploads\/2020\/12\/Captura-de-Pantalla-2020-08-03-a-las-14.04.53-300x198.png 300w, https:\/\/museomoderno.org\/wp-content\/uploads\/2020\/12\/Captura-de-Pantalla-2020-08-03-a-las-14.04.53-768x507.png 768w\" sizes=\"(max-width: 1017px) 100vw, 1017px\" \/>\t\t\t\t\t\t\t\t\t\t\t\t\t\t\t<\/div>\n\t\t\t\t<\/div>\n\t\t\t\t<div class=\"elementor-element elementor-element-78bbed2 elementor-widget elementor-widget-text-editor\" data-id=\"78bbed2\" data-element_type=\"widget\" data-e-type=\"widget\" data-widget_type=\"text-editor.default\">\n\t\t\t\t<div class=\"elementor-widget-container\">\n\t\t\t\t\t\t\t\t\t<p>A guest performance by Grupo de los Ocho, a group of elderly performers, within the framework of the exhibition A History of the Imagination in Argentina: Visions of the Pampas, the Littoral and the Andes from the 19th century to the present day, Museo de Arte Moderno de Buenos Aires, 2019.<\/p>\t\t\t\t\t\t\t\t<\/div>\n\t\t\t\t<\/div>\n\t\t\t\t\t<\/div>\n\t\t<\/div>\n\t\t\t\t<div class=\"elementor-column elementor-col-50 elementor-top-column elementor-element elementor-element-66cecb4\" data-id=\"66cecb4\" data-element_type=\"column\" data-e-type=\"column\">\n\t\t\t<div class=\"elementor-widget-wrap elementor-element-populated\">\n\t\t\t\t\t\t<div class=\"elementor-element elementor-element-7794cc4 elementor-widget elementor-widget-image\" data-id=\"7794cc4\" data-element_type=\"widget\" data-e-type=\"widget\" data-widget_type=\"image.default\">\n\t\t\t\t<div class=\"elementor-widget-container\">\n\t\t\t\t\t\t\t\t\t\t\t\t\t\t\t<img decoding=\"async\" width=\"1010\" height=\"663\" src=\"https:\/\/museomoderno.org\/wp-content\/uploads\/2020\/12\/Captura-de-Pantalla-2020-08-03-a-las-09.23.48.png\" class=\"attachment-full size-full wp-image-2415\" alt=\"\" srcset=\"https:\/\/museomoderno.org\/wp-content\/uploads\/2020\/12\/Captura-de-Pantalla-2020-08-03-a-las-09.23.48.png 1010w, https:\/\/museomoderno.org\/wp-content\/uploads\/2020\/12\/Captura-de-Pantalla-2020-08-03-a-las-09.23.48-300x197.png 300w, https:\/\/museomoderno.org\/wp-content\/uploads\/2020\/12\/Captura-de-Pantalla-2020-08-03-a-las-09.23.48-768x504.png 768w\" sizes=\"(max-width: 1010px) 100vw, 1010px\" \/>\t\t\t\t\t\t\t\t\t\t\t\t\t\t\t<\/div>\n\t\t\t\t<\/div>\n\t\t\t\t<div class=\"elementor-element elementor-element-574bbdc elementor-widget elementor-widget-text-editor\" data-id=\"574bbdc\" data-element_type=\"widget\" data-e-type=\"widget\" data-widget_type=\"text-editor.default\">\n\t\t\t\t<div class=\"elementor-widget-container\">\n\t\t\t\t\t\t\t\t\t<p>Workshop run by CUJUCA (Congress of Street Games) on the pavement outside CPI Casitas within the Early childhood program run by the Department of Education of the Museo de Arte Moderno de Buenos Aires in collaboration with Arte en Barrios, 2019.<\/p>\t\t\t\t\t\t\t\t<\/div>\n\t\t\t\t<\/div>\n\t\t\t\t<div class=\"elementor-element elementor-element-1b47ac4 elementor-widget elementor-widget-text-editor\" data-id=\"1b47ac4\" data-element_type=\"widget\" data-e-type=\"widget\" data-widget_type=\"text-editor.default\">\n\t\t\t\t<div class=\"elementor-widget-container\">\n\t\t\t\t\t\t\t\t\t<p>of birdsong known as \u2018Asamblea de P\u00e1jaros\u2019 (Bird Assembly) run by Sof\u00eda Bohtlingk, Julieta Garc\u00eda V\u00e1zquez and Florencia Rodr\u00edguez Giles which expands the idea of community into nature and interspecies perspectives. We will also be presenting Safo (Sappho), a recreation of the cult, underground Argentine film in which the filmmaker Goyo Anchou depicted a panorama of the LGBT community in the early 2000s.<\/p><p>These approaches to different modes of seeing and acting as a community would<br \/>seem\u00a0to confirm that on the path to the collective life for which we all yearn art is one<br \/>of the best\u00a0ways of forging lasting bonds based in new sensibilities, profound dialogue<br \/>and fantasies\u00a0about potential new worlds.<\/p>\t\t\t\t\t\t\t\t<\/div>\n\t\t\t\t<\/div>\n\t\t\t\t<div class=\"elementor-element elementor-element-54ea392 elementor-widget elementor-widget-image\" data-id=\"54ea392\" data-element_type=\"widget\" data-e-type=\"widget\" data-widget_type=\"image.default\">\n\t\t\t\t<div class=\"elementor-widget-container\">\n\t\t\t\t\t\t\t\t\t\t\t\t\t\t\t<img decoding=\"async\" width=\"1017\" height=\"671\" src=\"https:\/\/museomoderno.org\/wp-content\/uploads\/2020\/12\/Captura-de-Pantalla-2020-08-03-a-las-14.04.59.png\" class=\"attachment-full size-full wp-image-2416\" alt=\"\" srcset=\"https:\/\/museomoderno.org\/wp-content\/uploads\/2020\/12\/Captura-de-Pantalla-2020-08-03-a-las-14.04.59.png 1017w, https:\/\/museomoderno.org\/wp-content\/uploads\/2020\/12\/Captura-de-Pantalla-2020-08-03-a-las-14.04.59-300x198.png 300w, https:\/\/museomoderno.org\/wp-content\/uploads\/2020\/12\/Captura-de-Pantalla-2020-08-03-a-las-14.04.59-768x507.png 768w\" sizes=\"(max-width: 1017px) 100vw, 1017px\" \/>\t\t\t\t\t\t\t\t\t\t\t\t\t\t\t<\/div>\n\t\t\t\t<\/div>\n\t\t\t\t<div class=\"elementor-element elementor-element-d926dc1 elementor-widget elementor-widget-text-editor\" data-id=\"d926dc1\" data-element_type=\"widget\" data-e-type=\"widget\" data-widget_type=\"text-editor.default\">\n\t\t\t\t<div class=\"elementor-widget-container\">\n\t\t\t\t\t\t\t\t\t<p>Monster Play workshop run by Florencia Rodr\u00edguez Giles, for the Tinkunakuy Art and Mental Health Group at the Hospital General de Agudos Dr. Cosme Argerich within the Mental Health Cultural Inclusion Programme and the Museo de Arte Moderno de Buenos Aires, 2019.<\/p>\t\t\t\t\t\t\t\t<\/div>\n\t\t\t\t<\/div>\n\t\t\t\t\t<\/div>\n\t\t<\/div>\n\t\t\t\t\t<\/div>\n\t\t<\/section>\n\t\t\t\t<section class=\"elementor-section elementor-top-section elementor-element elementor-element-abc922a elementor-section-content-middle elementor-section-boxed elementor-section-height-default elementor-section-height-default\" data-id=\"abc922a\" data-element_type=\"section\" data-e-type=\"section\">\n\t\t\t\t\t\t<div class=\"elementor-container elementor-column-gap-default\">\n\t\t\t\t\t<div class=\"elementor-column elementor-col-100 elementor-top-column elementor-element elementor-element-65e25ca\" data-id=\"65e25ca\" data-element_type=\"column\" data-e-type=\"column\">\n\t\t\t<div class=\"elementor-widget-wrap elementor-element-populated\">\n\t\t\t\t\t\t<section class=\"elementor-section elementor-inner-section elementor-element elementor-element-9c07a8a elementor-section-full_width elementor-section-content-middle elementor-section-height-default elementor-section-height-default\" data-id=\"9c07a8a\" data-element_type=\"section\" data-e-type=\"section\" data-settings=\"{&quot;background_background&quot;:&quot;gradient&quot;}\">\n\t\t\t\t\t\t<div class=\"elementor-container elementor-column-gap-default\">\n\t\t\t\t\t<div class=\"elementor-column elementor-col-50 elementor-inner-column elementor-element elementor-element-b6122a9\" data-id=\"b6122a9\" data-element_type=\"column\" data-e-type=\"column\">\n\t\t\t<div class=\"elementor-widget-wrap elementor-element-populated\">\n\t\t\t\t\t\t<div class=\"elementor-element elementor-element-63ff469 elementor-widget elementor-widget-heading\" data-id=\"63ff469\" data-element_type=\"widget\" data-e-type=\"widget\" data-widget_type=\"heading.default\">\n\t\t\t\t<div class=\"elementor-widget-container\">\n\t\t\t\t\t<h2 class=\"elementor-heading-title elementor-size-default\">Adri\u00e1n Villar Rojas: THE MOST BEAUTIFUL MOMENT OF WAR &amp; THE WAR OF THE STARS<\/h2>\t\t\t\t<\/div>\n\t\t\t\t<\/div>\n\t\t\t\t\t<\/div>\n\t\t<\/div>\n\t\t\t\t<div class=\"elementor-column elementor-col-50 elementor-inner-column elementor-element elementor-element-6326e56\" data-id=\"6326e56\" data-element_type=\"column\" data-e-type=\"column\">\n\t\t\t<div class=\"elementor-widget-wrap elementor-element-populated\">\n\t\t\t\t\t\t<div class=\"elementor-element elementor-element-d8106fb elementor-widget elementor-widget-image\" data-id=\"d8106fb\" data-element_type=\"widget\" data-e-type=\"widget\" data-widget_type=\"image.default\">\n\t\t\t\t<div class=\"elementor-widget-container\">\n\t\t\t\t\t\t\t\t\t\t\t\t\t\t\t<img loading=\"lazy\" decoding=\"async\" width=\"1273\" height=\"667\" src=\"https:\/\/museomoderno.org\/wp-content\/uploads\/2020\/12\/Captura-de-Pantalla-2020-08-12-a-las-15.10.51_0.png\" class=\"attachment-full size-full wp-image-2420\" alt=\"\" srcset=\"https:\/\/museomoderno.org\/wp-content\/uploads\/2020\/12\/Captura-de-Pantalla-2020-08-12-a-las-15.10.51_0.png 1273w, https:\/\/museomoderno.org\/wp-content\/uploads\/2020\/12\/Captura-de-Pantalla-2020-08-12-a-las-15.10.51_0-300x157.png 300w, https:\/\/museomoderno.org\/wp-content\/uploads\/2020\/12\/Captura-de-Pantalla-2020-08-12-a-las-15.10.51_0-1024x537.png 1024w, https:\/\/museomoderno.org\/wp-content\/uploads\/2020\/12\/Captura-de-Pantalla-2020-08-12-a-las-15.10.51_0-768x402.png 768w\" sizes=\"(max-width: 1273px) 100vw, 1273px\" \/>\t\t\t\t\t\t\t\t\t\t\t\t\t\t\t<\/div>\n\t\t\t\t<\/div>\n\t\t\t\t\t<\/div>\n\t\t<\/div>\n\t\t\t\t\t<\/div>\n\t\t<\/section>\n\t\t\t\t\t<\/div>\n\t\t<\/div>\n\t\t\t\t\t<\/div>\n\t\t<\/section>\n\t\t\t\t<section class=\"elementor-section elementor-top-section elementor-element elementor-element-88fb6ff elementor-section-content-middle elementor-section-boxed elementor-section-height-default elementor-section-height-default\" data-id=\"88fb6ff\" data-element_type=\"section\" data-e-type=\"section\">\n\t\t\t\t\t\t<div class=\"elementor-container elementor-column-gap-default\">\n\t\t\t\t\t<div class=\"elementor-column elementor-col-50 elementor-top-column elementor-element elementor-element-f7900b3\" data-id=\"f7900b3\" data-element_type=\"column\" data-e-type=\"column\">\n\t\t\t<div class=\"elementor-widget-wrap elementor-element-populated\">\n\t\t\t\t\t\t<div class=\"elementor-element elementor-element-22c398b elementor-widget elementor-widget-heading\" data-id=\"22c398b\" data-element_type=\"widget\" data-e-type=\"widget\" data-widget_type=\"heading.default\">\n\t\t\t\t<div class=\"elementor-widget-container\">\n\t\t\t\t\t<h5 class=\"elementor-heading-title elementor-size-default\">Moderno + Argerich Art and Mental Health<\/h5>\t\t\t\t<\/div>\n\t\t\t\t<\/div>\n\t\t\t\t<div class=\"elementor-element elementor-element-62a3a76 elementor-widget elementor-widget-video\" data-id=\"62a3a76\" data-element_type=\"widget\" data-e-type=\"widget\" data-settings=\"{&quot;youtube_url&quot;:&quot;https:\\\/\\\/youtu.be\\\/oOGR_LgzNdk&quot;,&quot;video_type&quot;:&quot;youtube&quot;,&quot;controls&quot;:&quot;yes&quot;}\" data-widget_type=\"video.default\">\n\t\t\t\t<div class=\"elementor-widget-container\">\n\t\t\t\t\t\t\t<div class=\"elementor-wrapper elementor-open-inline\">\n\t\t\t<div class=\"elementor-video\"><\/div>\t\t<\/div>\n\t\t\t\t\t\t<\/div>\n\t\t\t\t<\/div>\n\t\t\t\t\t<\/div>\n\t\t<\/div>\n\t\t\t\t<div class=\"elementor-column elementor-col-50 elementor-top-column elementor-element elementor-element-90dd89a\" data-id=\"90dd89a\" data-element_type=\"column\" data-e-type=\"column\">\n\t\t\t<div class=\"elementor-widget-wrap elementor-element-populated\">\n\t\t\t\t\t\t<div class=\"elementor-element elementor-element-3e12db9 elementor-widget elementor-widget-text-editor\" data-id=\"3e12db9\" data-element_type=\"widget\" data-e-type=\"widget\" data-widget_type=\"text-editor.default\">\n\t\t\t\t<div class=\"elementor-widget-container\">\n\t\t\t\t\t\t\t\t\t<p>Since 2016 the Education department at the Museo Moderno has been working with the Cultural Inclusion Programme run by the National Department of Mental Health.<\/p><p>The objective of this partnership is to provide a space for artistic production, encounter and reflection with, for and by a community of artists that make use of the mental health services of the Hospital General de Agudos Dr. Cosme Argerich.<\/p><p>Year after year, the emotional bonds between the hospital and the museum, two essential public spaces, have grown and consolidated themselves to break down stigma and reaffirm the power of horizontal work between artists, mental health professionals and museum educators.<\/p><p>Here, we present a record of the process since 2019.<\/p><p>Special thanks go to Florencia Rodriguez Giles @idiano_anatole<\/p>\t\t\t\t\t\t\t\t<\/div>\n\t\t\t\t<\/div>\n\t\t\t\t\t<\/div>\n\t\t<\/div>\n\t\t\t\t\t<\/div>\n\t\t<\/section>\n\t\t\t\t<section class=\"elementor-section elementor-top-section elementor-element elementor-element-a6c999b elementor-section-content-middle elementor-section-boxed elementor-section-height-default elementor-section-height-default\" data-id=\"a6c999b\" data-element_type=\"section\" data-e-type=\"section\">\n\t\t\t\t\t\t<div class=\"elementor-container elementor-column-gap-default\">\n\t\t\t\t\t<div class=\"elementor-column elementor-col-50 elementor-top-column elementor-element elementor-element-cd30267\" data-id=\"cd30267\" data-element_type=\"column\" data-e-type=\"column\">\n\t\t\t<div class=\"elementor-widget-wrap elementor-element-populated\">\n\t\t\t\t\t\t<div class=\"elementor-element elementor-element-f49a253 elementor-widget elementor-widget-heading\" data-id=\"f49a253\" data-element_type=\"widget\" data-e-type=\"widget\" data-widget_type=\"heading.default\">\n\t\t\t\t<div class=\"elementor-widget-container\">\n\t\t\t\t\t<h5 class=\"elementor-heading-title elementor-size-default\">TUTORIALS<\/h5>\t\t\t\t<\/div>\n\t\t\t\t<\/div>\n\t\t\t\t<div class=\"elementor-element elementor-element-17b215c elementor-widget elementor-widget-heading\" data-id=\"17b215c\" data-element_type=\"widget\" data-e-type=\"widget\" data-widget_type=\"heading.default\">\n\t\t\t\t<div class=\"elementor-widget-container\">\n\t\t\t\t\t<h5 class=\"elementor-heading-title elementor-size-default\">Whipala. Indigenous Brotherhood. Tutorial to learn more about\nand make your own Whipala flag by Mercedes Iriarte.<\/h5>\t\t\t\t<\/div>\n\t\t\t\t<\/div>\n\t\t\t\t<div class=\"elementor-element elementor-element-849de3d elementor-widget elementor-widget-video\" data-id=\"849de3d\" data-element_type=\"widget\" data-e-type=\"widget\" data-settings=\"{&quot;youtube_url&quot;:&quot;https:\\\/\\\/youtu.be\\\/cvRzJ7bg_aY&quot;,&quot;video_type&quot;:&quot;youtube&quot;,&quot;controls&quot;:&quot;yes&quot;}\" data-widget_type=\"video.default\">\n\t\t\t\t<div class=\"elementor-widget-container\">\n\t\t\t\t\t\t\t<div class=\"elementor-wrapper elementor-open-inline\">\n\t\t\t<div class=\"elementor-video\"><\/div>\t\t<\/div>\n\t\t\t\t\t\t<\/div>\n\t\t\t\t<\/div>\n\t\t\t\t<div class=\"elementor-element elementor-element-e034baa elementor-widget elementor-widget-text-editor\" data-id=\"e034baa\" data-element_type=\"widget\" data-e-type=\"widget\" data-widget_type=\"text-editor.default\">\n\t\t\t\t<div class=\"elementor-widget-container\">\n\t\t\t\t\t\t\t\t\t<p>The Wiphala flag represents us and brings us together across the Americas and the world. It represents love and respect for the universe, Pachamama, communities and nature.In this tutorial run by Mercedes Iriarte we will learn more about it, what each of its colours represents and its importance as a symbol of our roots.<\/p>\t\t\t\t\t\t\t\t<\/div>\n\t\t\t\t<\/div>\n\t\t\t\t\t<\/div>\n\t\t<\/div>\n\t\t\t\t<div class=\"elementor-column elementor-col-50 elementor-top-column elementor-element elementor-element-42610b4\" data-id=\"42610b4\" data-element_type=\"column\" data-e-type=\"column\">\n\t\t\t<div class=\"elementor-widget-wrap elementor-element-populated\">\n\t\t\t\t\t\t<div class=\"elementor-element elementor-element-2b903ce elementor-widget elementor-widget-heading\" data-id=\"2b903ce\" data-element_type=\"widget\" data-e-type=\"widget\" data-widget_type=\"heading.default\">\n\t\t\t\t<div class=\"elementor-widget-container\">\n\t\t\t\t\t<h5 class=\"elementor-heading-title elementor-size-default\">Tutorial to draw fantastical characters\nGiven by Emmanuel Franco<\/h5>\t\t\t\t<\/div>\n\t\t\t\t<\/div>\n\t\t\t\t<div class=\"elementor-element elementor-element-2bfc886 elementor-widget elementor-widget-video\" data-id=\"2bfc886\" data-element_type=\"widget\" data-e-type=\"widget\" data-settings=\"{&quot;youtube_url&quot;:&quot;https:\\\/\\\/youtu.be\\\/O4oKsALNquE&quot;,&quot;video_type&quot;:&quot;youtube&quot;,&quot;controls&quot;:&quot;yes&quot;}\" data-widget_type=\"video.default\">\n\t\t\t\t<div class=\"elementor-widget-container\">\n\t\t\t\t\t\t\t<div class=\"elementor-wrapper elementor-open-inline\">\n\t\t\t<div class=\"elementor-video\"><\/div>\t\t<\/div>\n\t\t\t\t\t\t<\/div>\n\t\t\t\t<\/div>\n\t\t\t\t<div class=\"elementor-element elementor-element-1a991b6 elementor-widget elementor-widget-text-editor\" data-id=\"1a991b6\" data-element_type=\"widget\" data-e-type=\"widget\" data-widget_type=\"text-editor.default\">\n\t\t\t\t<div class=\"elementor-widget-container\">\n\t\t\t\t\t\t\t\t\t<p>We invite you to draw fantastical characters through fun steps that encourage<br \/>unrestricted creativity.<\/p>\t\t\t\t\t\t\t\t<\/div>\n\t\t\t\t<\/div>\n\t\t\t\t\t<\/div>\n\t\t<\/div>\n\t\t\t\t\t<\/div>\n\t\t<\/section>\n\t\t\t\t<section class=\"elementor-section elementor-top-section elementor-element elementor-element-90a54fe elementor-section-content-middle elementor-section-boxed elementor-section-height-default elementor-section-height-default\" data-id=\"90a54fe\" data-element_type=\"section\" data-e-type=\"section\">\n\t\t\t\t\t\t<div class=\"elementor-container elementor-column-gap-default\">\n\t\t\t\t\t<div class=\"elementor-column elementor-col-50 elementor-top-column elementor-element elementor-element-a11d68c\" data-id=\"a11d68c\" data-element_type=\"column\" data-e-type=\"column\">\n\t\t\t<div class=\"elementor-widget-wrap elementor-element-populated\">\n\t\t\t\t\t\t<div class=\"elementor-element elementor-element-f950779 elementor-widget elementor-widget-heading\" data-id=\"f950779\" data-element_type=\"widget\" data-e-type=\"widget\" data-widget_type=\"heading.default\">\n\t\t\t\t<div class=\"elementor-widget-container\">\n\t\t\t\t\t<h5 class=\"elementor-heading-title elementor-size-default\">Online launch of the book\nABTE 57 x 30.5mm: Fifteen years of railway culture<\/h5>\t\t\t\t<\/div>\n\t\t\t\t<\/div>\n\t\t\t\t<div class=\"elementor-element elementor-element-b0e9706 elementor-widget elementor-widget-text-editor\" data-id=\"b0e9706\" data-element_type=\"widget\" data-e-type=\"widget\" data-widget_type=\"text-editor.default\">\n\t\t\t\t<div class=\"elementor-widget-container\">\n\t\t\t\t\t\t\t\t\t<p>We share online the book that compiles the work done for the exhibition ABTE 57 x 30.5mm: Fifteen years of railway culture, presented at the Museum of Modern Art of Buenos Aires in 2013. The publication includes an essay curatorial by Javier Villa in conversation with the members of ABTE, as well as essays by Agust\u00edn Diez Fischer and Pablo Gregui.<\/p>\t\t\t\t\t\t\t\t<\/div>\n\t\t\t\t<\/div>\n\t\t\t\t<div class=\"elementor-element elementor-element-79f0acb elementor-widget elementor-widget-text-editor\" data-id=\"79f0acb\" data-element_type=\"widget\" data-e-type=\"widget\" data-widget_type=\"text-editor.default\">\n\t\t\t\t<div class=\"elementor-widget-container\">\n\t\t\t\t\t\t\t\t\t<p>ABTE (Edmondson Type Ticket Grouping) is a moving work of art that carries fifteen years of production dedicated to the investigation of railway graphics, its restoration and the production of works, through actions, interventions, videos, performances, graphics and painting. It was started by Patricio Larrambebere and Javier Mart\u00ednez Jacques, and is currently made up of Javier Barrio, Mart\u00edn Guerrero, Patricio Larrambebere, Gachi Rosati, and Ezequiel Semo. ABTE not only is an archive-collection on the railway system in Argentina, but it also proposes activate numerous enclaves of the historical or current railway space signaling loss and change in the landscape that caused the process of concessions, closure and dismantling of the railway network Argentina.<\/p>\t\t\t\t\t\t\t\t<\/div>\n\t\t\t\t<\/div>\n\t\t\t\t\t<\/div>\n\t\t<\/div>\n\t\t\t\t<div class=\"elementor-column elementor-col-50 elementor-top-column elementor-element elementor-element-9a68bef\" data-id=\"9a68bef\" data-element_type=\"column\" data-e-type=\"column\">\n\t\t\t<div class=\"elementor-widget-wrap elementor-element-populated\">\n\t\t\t\t\t\t<div class=\"elementor-element elementor-element-0eebc57 elementor-widget elementor-widget-image\" data-id=\"0eebc57\" data-element_type=\"widget\" data-e-type=\"widget\" data-widget_type=\"image.default\">\n\t\t\t\t<div class=\"elementor-widget-container\">\n\t\t\t\t\t\t\t\t\t\t\t\t\t\t\t\t<a href=\"https:\/\/issuu.com\/museomoderno\/docs\/abte\" target=\"_blank\" rel=\"nofollow noopener\">\n\t\t\t\t\t\t\t<img loading=\"lazy\" decoding=\"async\" width=\"940\" height=\"546\" src=\"https:\/\/museomoderno.org\/wp-content\/uploads\/2020\/12\/Captura-de-Pantalla-2020-08-12-a-las-17.36.24.png\" class=\"attachment-full size-full wp-image-2433\" alt=\"\" srcset=\"https:\/\/museomoderno.org\/wp-content\/uploads\/2020\/12\/Captura-de-Pantalla-2020-08-12-a-las-17.36.24.png 940w, https:\/\/museomoderno.org\/wp-content\/uploads\/2020\/12\/Captura-de-Pantalla-2020-08-12-a-las-17.36.24-300x174.png 300w, https:\/\/museomoderno.org\/wp-content\/uploads\/2020\/12\/Captura-de-Pantalla-2020-08-12-a-las-17.36.24-768x446.png 768w\" sizes=\"(max-width: 940px) 100vw, 940px\" \/>\t\t\t\t\t\t\t\t<\/a>\n\t\t\t\t\t\t\t\t\t\t\t\t\t\t\t<\/div>\n\t\t\t\t<\/div>\n\t\t\t\t\t<\/div>\n\t\t<\/div>\n\t\t\t\t\t<\/div>\n\t\t<\/section>\n\t\t\t\t<section class=\"elementor-section elementor-top-section elementor-element elementor-element-2a4c9a0 elementor-section-content-middle elementor-section-boxed elementor-section-height-default elementor-section-height-default\" data-id=\"2a4c9a0\" data-element_type=\"section\" data-e-type=\"section\">\n\t\t\t\t\t\t<div class=\"elementor-container elementor-column-gap-default\">\n\t\t\t\t\t<div class=\"elementor-column elementor-col-50 elementor-top-column elementor-element elementor-element-eb77c3b\" data-id=\"eb77c3b\" data-element_type=\"column\" data-e-type=\"column\">\n\t\t\t<div class=\"elementor-widget-wrap elementor-element-populated\">\n\t\t\t\t\t\t<div class=\"elementor-element elementor-element-fd1891c elementor-widget elementor-widget-heading\" data-id=\"fd1891c\" data-element_type=\"widget\" data-e-type=\"widget\" data-widget_type=\"heading.default\">\n\t\t\t\t<div class=\"elementor-widget-container\">\n\t\t\t\t\t<h5 class=\"elementor-heading-title elementor-size-default\">Assembly of birds<\/h5>\t\t\t\t<\/div>\n\t\t\t\t<\/div>\n\t\t\t\t<div class=\"elementor-element elementor-element-d7d94be elementor-widget elementor-widget-text-editor\" data-id=\"d7d94be\" data-element_type=\"widget\" data-e-type=\"widget\" data-widget_type=\"text-editor.default\">\n\t\t\t\t<div class=\"elementor-widget-container\">\n\t\t\t\t\t\t\t\t\t<p>Is it possible to form a community without including other species as members?<\/p><p>Specially commissioned by the #MuseoModernoEnCasa programme, the artists Sof\u00eda Bohtlingk, Julieta Garc\u00eda V\u00e1zquez and Florencia Rodr\u00edguez Giles have organized a cooperative of singers in bird language.<\/p><p>The first act of the new community was to create a choral, audiovisual poem. Without ever getting to meet each other in person, the different members sent in videos in which they chirp into the landscape in front of them. It was their first encounter: they were learning about one another not through facial expressions, names or speech but through chirps, burbles and whistles that portray what they see from their state of isolation.<\/p><p>\u2018Dehumanizing\u2019 language \u2013 or practising an irrational, non-hierarchical, purely formal or intuitive language \u2013 might serve as training for both new dialogues and interactions with other species as well as to modify the kind of relationship we build between each other.<\/p><p>Sof\u00eda Bohtlingk, Julieta Garc\u00eda V\u00e1zquez and Florencia Rodr\u00edguez Giles are visual artists. For several years now, they have been conducting research into different ways of displacing identity. They currently live and work in Buenos Aires.<\/p>\t\t\t\t\t\t\t\t<\/div>\n\t\t\t\t<\/div>\n\t\t\t\t\t<\/div>\n\t\t<\/div>\n\t\t\t\t<div class=\"elementor-column elementor-col-50 elementor-top-column elementor-element elementor-element-375b864\" data-id=\"375b864\" data-element_type=\"column\" data-e-type=\"column\">\n\t\t\t<div class=\"elementor-widget-wrap elementor-element-populated\">\n\t\t\t\t\t\t<div class=\"elementor-element elementor-element-cc2d100 elementor-widget elementor-widget-video\" data-id=\"cc2d100\" data-element_type=\"widget\" data-e-type=\"widget\" data-settings=\"{&quot;youtube_url&quot;:&quot;https:\\\/\\\/youtu.be\\\/h_rGOOK6dfs&quot;,&quot;video_type&quot;:&quot;youtube&quot;,&quot;controls&quot;:&quot;yes&quot;}\" data-widget_type=\"video.default\">\n\t\t\t\t<div class=\"elementor-widget-container\">\n\t\t\t\t\t\t\t<div class=\"elementor-wrapper elementor-open-inline\">\n\t\t\t<div class=\"elementor-video\"><\/div>\t\t<\/div>\n\t\t\t\t\t\t<\/div>\n\t\t\t\t<\/div>\n\t\t\t\t\t<\/div>\n\t\t<\/div>\n\t\t\t\t\t<\/div>\n\t\t<\/section>\n\t\t\t\t<section class=\"elementor-section elementor-top-section elementor-element elementor-element-a349fcd elementor-section-content-middle elementor-section-boxed elementor-section-height-default elementor-section-height-default\" data-id=\"a349fcd\" data-element_type=\"section\" data-e-type=\"section\">\n\t\t\t\t\t\t<div class=\"elementor-container elementor-column-gap-default\">\n\t\t\t\t\t<div class=\"elementor-column elementor-col-50 elementor-top-column elementor-element elementor-element-979b0a3\" data-id=\"979b0a3\" data-element_type=\"column\" data-e-type=\"column\">\n\t\t\t<div class=\"elementor-widget-wrap elementor-element-populated\">\n\t\t\t\t\t\t<div class=\"elementor-element elementor-element-bb924b1 elementor-widget elementor-widget-heading\" data-id=\"bb924b1\" data-element_type=\"widget\" data-e-type=\"widget\" data-widget_type=\"heading.default\">\n\t\t\t\t<div class=\"elementor-widget-container\">\n\t\t\t\t\t<h5 class=\"elementor-heading-title elementor-size-default\">SAFO (2001-2003) A film by Goyo Anchou<\/h5>\t\t\t\t<\/div>\n\t\t\t\t<\/div>\n\t\t\t\t<div class=\"elementor-element elementor-element-c66529d elementor-widget elementor-widget-video\" data-id=\"c66529d\" data-element_type=\"widget\" data-e-type=\"widget\" data-settings=\"{&quot;youtube_url&quot;:&quot;https:\\\/\\\/youtu.be\\\/Y-3E5_LjR2Y&quot;,&quot;video_type&quot;:&quot;youtube&quot;,&quot;controls&quot;:&quot;yes&quot;}\" data-widget_type=\"video.default\">\n\t\t\t\t<div class=\"elementor-widget-container\">\n\t\t\t\t\t\t\t<div class=\"elementor-wrapper elementor-open-inline\">\n\t\t\t<div class=\"elementor-video\"><\/div>\t\t<\/div>\n\t\t\t\t\t\t<\/div>\n\t\t\t\t<\/div>\n\t\t\t\t<div class=\"elementor-element elementor-element-1035ff1 elementor-widget elementor-widget-text-editor\" data-id=\"1035ff1\" data-element_type=\"widget\" data-e-type=\"widget\" data-widget_type=\"text-editor.default\">\n\t\t\t\t<div class=\"elementor-widget-container\">\n\t\t\t\t\t\t\t\t\t<p>Goyo Anchou says: \u2018It was the spring of 2001, the country was a pressure cooker and a group of kids from the poshest film school in the city shed our technological privileges and headed out to deconstruct a classical story during the last gasp of the Buenos Aires night. SAFO, a drag remake of the classic film starring Mecha Ortiz, seems like a crazy idea between friends, but there is much more to it than that. It was the result of quite an intense debate we were having with the FUC, where I was teaching, about the need to reimagine audiovisual language in terms of aesthetic tradition, production and political needs. This couldn\u2019t be done if we didn\u2019t \u201cforswear all<\/p>\t\t\t\t\t\t\t\t<\/div>\n\t\t\t\t<\/div>\n\t\t\t\t\t<\/div>\n\t\t<\/div>\n\t\t\t\t<div class=\"elementor-column elementor-col-50 elementor-top-column elementor-element elementor-element-5c0ca04\" data-id=\"5c0ca04\" data-element_type=\"column\" data-e-type=\"column\">\n\t\t\t<div class=\"elementor-widget-wrap elementor-element-populated\">\n\t\t\t\t\t\t<div class=\"elementor-element elementor-element-6296598 elementor-widget elementor-widget-text-editor\" data-id=\"6296598\" data-element_type=\"widget\" data-e-type=\"widget\" data-widget_type=\"text-editor.default\">\n\t\t\t\t<div class=\"elementor-widget-container\">\n\t\t\t\t\t\t\t\t\t<p>techniques\u201d, an approach I\u2019d embraced enthusiastically when, in my youthful short films, I bathed my early sexual experiences in glamour but that now seemed mere lip service in the face of the discussions we\u2019d started to have about the need to make \u201cguerrilla cinema\u201d. We\u2019d come to the conclusion that the guerilla cineman had been the only original thing our continent had offered to universal cinema. Guerrilla film, which began on the poverty-stricken periphery of the Cuban revolution and in Argentine underground movements, allowed you to make movies without asking capital for permission, after which it was appropriated (stolen) by the American complex, had its meaning inverted and was then returned to us in the form of music videos, or as a cheap way to make genre movies and increase profit margins. How ironic that such an egocentric and technically perfect music video by Madonna had its origins in the very precarious Now by Santiago \u00c1lvarez (made on an extremely low budget from news clips strung together with the noble goal of sparking rebellion among the black population of the USA).<\/p><p>\u201cA perfect technique is immoral in an imperfect world\u2019 was our motto as we went out onto the streets to destroy language with blows of reality. I don\u2019t remember exactly when we decided to make Safo, the temptress, a drag queen or a series of drag queens because back then drag queens and transvestites ruled Buenos Aires, creatures from another world, a natural choice for seducing the innocent protagonist until he gave up his role as a patriarchal kid and surrendered himself to the dissolute embrace of the night.\u2019<\/p>\t\t\t\t\t\t\t\t<\/div>\n\t\t\t\t<\/div>\n\t\t\t\t<div class=\"elementor-element elementor-element-7052676 elementor-widget elementor-widget-text-editor\" data-id=\"7052676\" data-element_type=\"widget\" data-e-type=\"widget\" data-widget_type=\"text-editor.default\">\n\t\t\t\t<div class=\"elementor-widget-container\">\n\t\t\t\t\t\t\t\t\t<p>Goyo Anchou, a historian and Argentine maker of \u2018Guerrilla cinema\u2019. Together with a team directed by Claudio Espa\u00f1a, he wrote Industria y clasicismo (2000) and Modernidad y vanguardias (2004). He directed SAFO, historia de una pasi\u00f3n (2001), La peli de Batato (2011), Heterofobia (2015) and El triunfo de Sodoma (2020).<\/p>\t\t\t\t\t\t\t\t<\/div>\n\t\t\t\t<\/div>\n\t\t\t\t\t<\/div>\n\t\t<\/div>\n\t\t\t\t\t<\/div>\n\t\t<\/section>\n\t\t\t\t<section class=\"elementor-section elementor-top-section elementor-element elementor-element-f660dd4 elementor-section-content-middle elementor-section-boxed elementor-section-height-default elementor-section-height-default\" data-id=\"f660dd4\" data-element_type=\"section\" data-e-type=\"section\">\n\t\t\t\t\t\t<div class=\"elementor-container elementor-column-gap-default\">\n\t\t\t\t\t<div class=\"elementor-column elementor-col-50 elementor-top-column elementor-element elementor-element-93324c3\" data-id=\"93324c3\" data-element_type=\"column\" data-e-type=\"column\">\n\t\t\t<div class=\"elementor-widget-wrap elementor-element-populated\">\n\t\t\t\t\t\t<div class=\"elementor-element elementor-element-61dc220 elementor-widget elementor-widget-heading\" data-id=\"61dc220\" data-element_type=\"widget\" data-e-type=\"widget\" data-widget_type=\"heading.default\">\n\t\t\t\t<div class=\"elementor-widget-container\">\n\t\t\t\t\t<h5 class=\"elementor-heading-title elementor-size-default\">The 26 Project<\/h5>\t\t\t\t<\/div>\n\t\t\t\t<\/div>\n\t\t\t\t<div class=\"elementor-element elementor-element-c447d71 elementor-widget elementor-widget-text-editor\" data-id=\"c447d71\" data-element_type=\"widget\" data-e-type=\"widget\" data-widget_type=\"text-editor.default\">\n\t\t\t\t<div class=\"elementor-widget-container\">\n\t\t\t\t\t\t\t\t\t<p>This video provides coverage of the cultural project undertaken to document the relocation of residents of Villa 26 implemented by the City Housing Department. The slum was cleared on the orders of the Supreme Court in a legal ruling known as the Mendoza Case, which decrees that the shores of the Riachuelo must be cleared. The book La 26 arose out of this initiative featuring photographs by Gian Paolo Minelli and texts by Leonardo Sabbatella, who worked with the community during the process.<\/p><p>Featured in the video are Pablo M\u00e9ndez, Leonardo Sabbatella, Gian Paolo Minelli, Cristian Javier Cardozo, Robert Gabriel Perdomo Dalmao, Gonzalo Aguilar and Juan Carlos Urrutia. Director and screenplay: Gonzalo Aguilar.<\/p>\t\t\t\t\t\t\t\t<\/div>\n\t\t\t\t<\/div>\n\t\t\t\t\t<\/div>\n\t\t<\/div>\n\t\t\t\t<div class=\"elementor-column elementor-col-50 elementor-top-column elementor-element elementor-element-b4b1145\" data-id=\"b4b1145\" data-element_type=\"column\" data-e-type=\"column\">\n\t\t\t<div class=\"elementor-widget-wrap elementor-element-populated\">\n\t\t\t\t\t\t<div class=\"elementor-element elementor-element-f856ae1 elementor-widget elementor-widget-video\" data-id=\"f856ae1\" data-element_type=\"widget\" data-e-type=\"widget\" data-settings=\"{&quot;youtube_url&quot;:&quot;https:\\\/\\\/youtu.be\\\/WWbO9DKLnVQ&quot;,&quot;video_type&quot;:&quot;youtube&quot;,&quot;controls&quot;:&quot;yes&quot;}\" data-widget_type=\"video.default\">\n\t\t\t\t<div class=\"elementor-widget-container\">\n\t\t\t\t\t\t\t<div class=\"elementor-wrapper elementor-open-inline\">\n\t\t\t<div class=\"elementor-video\"><\/div>\t\t<\/div>\n\t\t\t\t\t\t<\/div>\n\t\t\t\t<\/div>\n\t\t\t\t\t<\/div>\n\t\t<\/div>\n\t\t\t\t\t<\/div>\n\t\t<\/section>\n\t\t\t\t<section class=\"elementor-section elementor-top-section elementor-element elementor-element-1b532ad elementor-section-content-middle elementor-section-boxed elementor-section-height-default elementor-section-height-default\" data-id=\"1b532ad\" data-element_type=\"section\" data-e-type=\"section\">\n\t\t\t\t\t\t<div class=\"elementor-container elementor-column-gap-default\">\n\t\t\t\t\t<div class=\"elementor-column elementor-col-50 elementor-top-column elementor-element elementor-element-486e427\" data-id=\"486e427\" data-element_type=\"column\" data-e-type=\"column\">\n\t\t\t<div class=\"elementor-widget-wrap elementor-element-populated\">\n\t\t\t\t\t\t<div class=\"elementor-element elementor-element-b9be1b5 elementor-widget elementor-widget-heading\" data-id=\"b9be1b5\" data-element_type=\"widget\" data-e-type=\"widget\" data-widget_type=\"heading.default\">\n\t\t\t\t<div class=\"elementor-widget-container\">\n\t\t\t\t\t<h5 class=\"elementor-heading-title elementor-size-default\">Katinaj: half a century later<\/h5>\t\t\t\t<\/div>\n\t\t\t\t<\/div>\n\t\t\t\t<div class=\"elementor-element elementor-element-3c90337 elementor-widget elementor-widget-video\" data-id=\"3c90337\" data-element_type=\"widget\" data-e-type=\"widget\" data-settings=\"{&quot;youtube_url&quot;:&quot;https:\\\/\\\/youtu.be\\\/xzaG-OTNHGU&quot;,&quot;video_type&quot;:&quot;youtube&quot;,&quot;controls&quot;:&quot;yes&quot;}\" data-widget_type=\"video.default\">\n\t\t\t\t<div class=\"elementor-widget-container\">\n\t\t\t\t\t\t\t<div class=\"elementor-wrapper elementor-open-inline\">\n\t\t\t<div class=\"elementor-video\"><\/div>\t\t<\/div>\n\t\t\t\t\t\t<\/div>\n\t\t\t\t<\/div>\n\t\t\t\t\t<\/div>\n\t\t<\/div>\n\t\t\t\t<div class=\"elementor-column elementor-col-50 elementor-top-column elementor-element elementor-element-0cde779\" data-id=\"0cde779\" data-element_type=\"column\" data-e-type=\"column\">\n\t\t\t<div class=\"elementor-widget-wrap elementor-element-populated\">\n\t\t\t\t\t\t<div class=\"elementor-element elementor-element-ced89ef elementor-widget elementor-widget-text-editor\" data-id=\"ced89ef\" data-element_type=\"widget\" data-e-type=\"widget\" data-widget_type=\"text-editor.default\">\n\t\t\t\t<div class=\"elementor-widget-container\">\n\t\t\t\t\t\t\t\t\t<p>A 45-minute visual record of an ancestral festival of the Wichi, Chorote, Nivakl\u00e9 Ava Guaran\u00ed and Chan\u00e9 peoples. The ritual had not been performed for fifty years because the music, a fundamental part, was banned at the time and could only be preserved outside of the communities to which it belonged, in the wilderness or on stage in Argentine or European theatres. Directed by Paulo Campano from a script by Federico Aguilar, Paulo Campano and Silvia Barrios (part of the Indigenous Argentina project that has been running for over thirty years by Fundaci\u00f3n Norte under the direction of Silvia Barrios).<\/p>\t\t\t\t\t\t\t\t<\/div>\n\t\t\t\t<\/div>\n\t\t\t\t\t<\/div>\n\t\t<\/div>\n\t\t\t\t\t<\/div>\n\t\t<\/section>\n\t\t\t\t<section class=\"elementor-section elementor-top-section elementor-element elementor-element-e0d6f0b elementor-section-content-middle elementor-section-boxed elementor-section-height-default elementor-section-height-default\" data-id=\"e0d6f0b\" data-element_type=\"section\" data-e-type=\"section\">\n\t\t\t\t\t\t<div class=\"elementor-container elementor-column-gap-default\">\n\t\t\t\t\t<div class=\"elementor-column elementor-col-50 elementor-top-column elementor-element elementor-element-262ba23\" data-id=\"262ba23\" data-element_type=\"column\" data-e-type=\"column\">\n\t\t\t<div class=\"elementor-widget-wrap elementor-element-populated\">\n\t\t\t\t\t\t<div class=\"elementor-element elementor-element-3f213f8 elementor-widget elementor-widget-heading\" data-id=\"3f213f8\" data-element_type=\"widget\" data-e-type=\"widget\" data-widget_type=\"heading.default\">\n\t\t\t\t<div class=\"elementor-widget-container\">\n\t\t\t\t\t<h5 class=\"elementor-heading-title elementor-size-default\">Anka Laufken \/ In the middle of the lake\nThree poems by Liliana Ancalao<\/h5>\t\t\t\t<\/div>\n\t\t\t\t<\/div>\n\t\t\t\t<div class=\"elementor-element elementor-element-31ea1a2 elementor-widget elementor-widget-text-editor\" data-id=\"31ea1a2\" data-element_type=\"widget\" data-e-type=\"widget\" data-widget_type=\"text-editor.default\">\n\t\t\t\t<div class=\"elementor-widget-container\">\n\t\t\t\t\t\t\t\t\t<p>The poet Liliana Ancalao reads her works in two languages that form part of her heritage: Mapuzungun and Spanish. Through her poetry and the revival of the language of her Mapuche ancestors, Ancalao builds a universe that inevitably contains both a personal history and the age-old story of the Mapuche community.<\/p>\t\t\t\t\t\t\t\t<\/div>\n\t\t\t\t<\/div>\n\t\t\t\t\t<\/div>\n\t\t<\/div>\n\t\t\t\t<div class=\"elementor-column elementor-col-50 elementor-top-column elementor-element elementor-element-1c2382b\" data-id=\"1c2382b\" data-element_type=\"column\" data-e-type=\"column\">\n\t\t\t<div class=\"elementor-widget-wrap elementor-element-populated\">\n\t\t\t\t\t\t<div class=\"elementor-element elementor-element-066c264 elementor-widget elementor-widget-video\" data-id=\"066c264\" data-element_type=\"widget\" data-e-type=\"widget\" data-settings=\"{&quot;youtube_url&quot;:&quot;https:\\\/\\\/youtu.be\\\/L4lUR1Tvt2M&quot;,&quot;video_type&quot;:&quot;youtube&quot;,&quot;controls&quot;:&quot;yes&quot;}\" data-widget_type=\"video.default\">\n\t\t\t\t<div class=\"elementor-widget-container\">\n\t\t\t\t\t\t\t<div class=\"elementor-wrapper elementor-open-inline\">\n\t\t\t<div class=\"elementor-video\"><\/div>\t\t<\/div>\n\t\t\t\t\t\t<\/div>\n\t\t\t\t<\/div>\n\t\t\t\t\t<\/div>\n\t\t<\/div>\n\t\t\t\t\t<\/div>\n\t\t<\/section>\n\t\t\t\t<section class=\"elementor-section elementor-top-section elementor-element elementor-element-219d310 elementor-section-content-middle elementor-section-boxed elementor-section-height-default elementor-section-height-default\" data-id=\"219d310\" data-element_type=\"section\" data-e-type=\"section\">\n\t\t\t\t\t\t<div class=\"elementor-container elementor-column-gap-default\">\n\t\t\t\t\t<div class=\"elementor-column elementor-col-50 elementor-top-column elementor-element elementor-element-203cda4\" data-id=\"203cda4\" data-element_type=\"column\" data-e-type=\"column\">\n\t\t\t<div class=\"elementor-widget-wrap elementor-element-populated\">\n\t\t\t\t\t\t<div class=\"elementor-element elementor-element-a5803f4 elementor-widget elementor-widget-heading\" data-id=\"a5803f4\" data-element_type=\"widget\" data-e-type=\"widget\" data-widget_type=\"heading.default\">\n\t\t\t\t<div class=\"elementor-widget-container\">\n\t\t\t\t\t<h5 class=\"elementor-heading-title elementor-size-default\">The Yungas Project<\/h5>\t\t\t\t<\/div>\n\t\t\t\t<\/div>\n\t\t\t\t<div class=\"elementor-element elementor-element-1828c13 elementor-widget elementor-widget-video\" data-id=\"1828c13\" data-element_type=\"widget\" data-e-type=\"widget\" data-settings=\"{&quot;youtube_url&quot;:&quot;https:\\\/\\\/youtu.be\\\/F873QomTu-U&quot;,&quot;video_type&quot;:&quot;youtube&quot;,&quot;controls&quot;:&quot;yes&quot;}\" data-widget_type=\"video.default\">\n\t\t\t\t<div class=\"elementor-widget-container\">\n\t\t\t\t\t\t\t<div class=\"elementor-wrapper elementor-open-inline\">\n\t\t\t<div class=\"elementor-video\"><\/div>\t\t<\/div>\n\t\t\t\t\t\t<\/div>\n\t\t\t\t<\/div>\n\t\t\t\t\t<\/div>\n\t\t<\/div>\n\t\t\t\t<div class=\"elementor-column elementor-col-50 elementor-top-column elementor-element elementor-element-d4a322d\" data-id=\"d4a322d\" data-element_type=\"column\" data-e-type=\"column\">\n\t\t\t<div class=\"elementor-widget-wrap elementor-element-populated\">\n\t\t\t\t\t\t<div class=\"elementor-element elementor-element-4e1d230 elementor-widget elementor-widget-text-editor\" data-id=\"4e1d230\" data-element_type=\"widget\" data-e-type=\"widget\" data-widget_type=\"text-editor.default\">\n\t\t\t\t<div class=\"elementor-widget-container\">\n\t\t\t\t\t\t\t\t\t<p>We pay homage to the Yungas Project, a space of residencies that for almost a decade has been encouraging creativity among communities of artists as part of a federal, inclusive outlook. Yungas is a workshop where creative processes are shared to offer training and raise visibility.<\/p>\t\t\t\t\t\t\t\t<\/div>\n\t\t\t\t<\/div>\n\t\t\t\t<div class=\"elementor-element elementor-element-a663a61 elementor-widget elementor-widget-text-editor\" data-id=\"a663a61\" data-element_type=\"widget\" data-e-type=\"widget\" data-widget_type=\"text-editor.default\">\n\t\t\t\t<div class=\"elementor-widget-container\">\n\t\t\t\t\t\t\t\t\t<p>The Yungas Project is a nomadic platform that provides grants for training, production and thinking by young artists from across the country. The intention is to stimulate, inspire and encourage not just artists at the beginning of their careers, but also the spaces and collectives where they come together. It was created by Piero Sogno and Ra\u00fal Flores nine years ago and has taken place across six editions in Mendoza, Tucum\u00e1n, Corrientes, C\u00f3rdoba, Tigre and Buenos Aires as well as organizing events, residences and festivals. For the past two years, it has also run the Yungas Haus, a centre in Villa Nougu\u00e9s, Tucum\u00e1n.<\/p>\t\t\t\t\t\t\t\t<\/div>\n\t\t\t\t<\/div>\n\t\t\t\t\t<\/div>\n\t\t<\/div>\n\t\t\t\t\t<\/div>\n\t\t<\/section>\n\t\t\t\t<section class=\"elementor-section elementor-top-section elementor-element elementor-element-4c5767b elementor-section-content-middle elementor-section-boxed elementor-section-height-default elementor-section-height-default\" data-id=\"4c5767b\" data-element_type=\"section\" data-e-type=\"section\">\n\t\t\t\t\t\t<div class=\"elementor-container elementor-column-gap-default\">\n\t\t\t\t\t<div class=\"elementor-column elementor-col-50 elementor-top-column elementor-element elementor-element-3eed428\" data-id=\"3eed428\" data-element_type=\"column\" data-e-type=\"column\">\n\t\t\t<div class=\"elementor-widget-wrap elementor-element-populated\">\n\t\t\t\t\t\t<div class=\"elementor-element elementor-element-611096a elementor-widget elementor-widget-heading\" data-id=\"611096a\" data-element_type=\"widget\" data-e-type=\"widget\" data-widget_type=\"heading.default\">\n\t\t\t\t<div class=\"elementor-widget-container\">\n\t\t\t\t\t<h5 class=\"elementor-heading-title elementor-size-default\">Imago Mural Workshop run by Juan Puerto\nfor the PAMI Balcarce Residence<\/h5>\t\t\t\t<\/div>\n\t\t\t\t<\/div>\n\t\t\t\t<div class=\"elementor-element elementor-element-666e048 elementor-widget elementor-widget-text-editor\" data-id=\"666e048\" data-element_type=\"widget\" data-e-type=\"widget\" data-widget_type=\"text-editor.default\">\n\t\t\t\t<div class=\"elementor-widget-container\">\n\t\t\t\t\t\t\t\t\t<p>The +60 Moderno Programme develops projects for and with elderly people in accordance with the philosophy of an active old age. The activities are aimed at undermining stereotypes associated with old age and rethinking this stage of life as one of activity and creativity. In September 2019, the Imago Mural workshop was held (run by the teacher, graphic designer and illustrator Juan Puerto) with a group of elderly people at the PAMI Balcarce Residence in the streets around the museum. We present documentation of the experience.<\/p>\t\t\t\t\t\t\t\t<\/div>\n\t\t\t\t<\/div>\n\t\t\t\t\t<\/div>\n\t\t<\/div>\n\t\t\t\t<div class=\"elementor-column elementor-col-50 elementor-top-column elementor-element elementor-element-7935020\" data-id=\"7935020\" data-element_type=\"column\" data-e-type=\"column\">\n\t\t\t<div class=\"elementor-widget-wrap elementor-element-populated\">\n\t\t\t\t\t\t<div class=\"elementor-element elementor-element-18a4240 elementor-widget elementor-widget-video\" data-id=\"18a4240\" data-element_type=\"widget\" data-e-type=\"widget\" data-settings=\"{&quot;youtube_url&quot;:&quot;https:\\\/\\\/youtu.be\\\/Hmkx-55gK-c&quot;,&quot;video_type&quot;:&quot;youtube&quot;,&quot;controls&quot;:&quot;yes&quot;}\" data-widget_type=\"video.default\">\n\t\t\t\t<div class=\"elementor-widget-container\">\n\t\t\t\t\t\t\t<div class=\"elementor-wrapper elementor-open-inline\">\n\t\t\t<div class=\"elementor-video\"><\/div>\t\t<\/div>\n\t\t\t\t\t\t<\/div>\n\t\t\t\t<\/div>\n\t\t\t\t\t<\/div>\n\t\t<\/div>\n\t\t\t\t\t<\/div>\n\t\t<\/section>\n\t\t\t\t<section class=\"elementor-section elementor-top-section elementor-element elementor-element-e3c9849 elementor-section-content-middle elementor-section-boxed elementor-section-height-default elementor-section-height-default\" data-id=\"e3c9849\" data-element_type=\"section\" data-e-type=\"section\">\n\t\t\t\t\t\t<div class=\"elementor-container elementor-column-gap-default\">\n\t\t\t\t\t<div class=\"elementor-column elementor-col-50 elementor-top-column elementor-element elementor-element-03e21f9\" data-id=\"03e21f9\" data-element_type=\"column\" data-e-type=\"column\">\n\t\t\t<div class=\"elementor-widget-wrap elementor-element-populated\">\n\t\t\t\t\t\t<div class=\"elementor-element elementor-element-61edf70 elementor-widget elementor-widget-heading\" data-id=\"61edf70\" data-element_type=\"widget\" data-e-type=\"widget\" data-widget_type=\"heading.default\">\n\t\t\t\t<div class=\"elementor-widget-container\">\n\t\t\t\t\t<h5 class=\"elementor-heading-title elementor-size-default\">No One\u2019s in Charge Here\nA conversation with Belleza y Felicidad Fiorito<\/h5>\t\t\t\t<\/div>\n\t\t\t\t<\/div>\n\t\t\t\t<div class=\"elementor-element elementor-element-f97a153 elementor-widget elementor-widget-video\" data-id=\"f97a153\" data-element_type=\"widget\" data-e-type=\"widget\" data-settings=\"{&quot;youtube_url&quot;:&quot;https:\\\/\\\/youtu.be\\\/RfHQmVQUTUk&quot;,&quot;video_type&quot;:&quot;youtube&quot;,&quot;controls&quot;:&quot;yes&quot;}\" data-widget_type=\"video.default\">\n\t\t\t\t<div class=\"elementor-widget-container\">\n\t\t\t\t\t\t\t<div class=\"elementor-wrapper elementor-open-inline\">\n\t\t\t<div class=\"elementor-video\"><\/div>\t\t<\/div>\n\t\t\t\t\t\t<\/div>\n\t\t\t\t<\/div>\n\t\t\t\t\t<\/div>\n\t\t<\/div>\n\t\t\t\t<div class=\"elementor-column elementor-col-50 elementor-top-column elementor-element elementor-element-a203ac7\" data-id=\"a203ac7\" data-element_type=\"column\" data-e-type=\"column\">\n\t\t\t<div class=\"elementor-widget-wrap elementor-element-populated\">\n\t\t\t\t\t\t<div class=\"elementor-element elementor-element-41421a3 elementor-widget elementor-widget-text-editor\" data-id=\"41421a3\" data-element_type=\"widget\" data-e-type=\"widget\" data-widget_type=\"text-editor.default\">\n\t\t\t\t<div class=\"elementor-widget-container\">\n\t\t\t\t\t\t\t\t\t<p>Belleza y Felicidad Fiorito is a cultural and educational project that uses art and feminist activism to improve life in the Villa Fiorito neighbourhood. In this video, some of its members explain how their community was built with an emphasis on learning, a lack of hierarchy and emotional togetherness.<\/p><p>Belleza y Felicidad Fiorito is made up of: Gisella Rivas, Victoria Musotto, Luc\u00eda Reissig, Larisa Zmud, Daniela Iwaniuk, Claudia Gim\u00e9nez, Franco Mehlhose, Julia D\u00edaz, Micaela Iribarren, Maru Pensa, and Fernanda Laguna.<\/p>\t\t\t\t\t\t\t\t<\/div>\n\t\t\t\t<\/div>\n\t\t\t\t<div class=\"elementor-element elementor-element-ee60741 elementor-widget elementor-widget-text-editor\" data-id=\"ee60741\" data-element_type=\"widget\" data-e-type=\"widget\" data-widget_type=\"text-editor.default\">\n\t\t\t\t<div class=\"elementor-widget-container\">\n\t\t\t\t\t\t\t\t\t<p>Belleza y Felicidad Fiorito is a cultural and educational project that started in 2003 on the initiative of the artist Fernanda Laguna in Villa Fiorito, in the Lomas de Zamora district. It was initially organized to support a community kitchen through the creation of an art gallery and promote workshops for children. Today its activities are based around three central themes: culture, work and activism; the cultural side includes workshops, events and festivals, publication of magazines and albums and running the art gallery. The work aspect involves a women\u2019s cooperative that produces t-shirts and silk-screened products. The activism involves activities organized as part of the Comedor Gourmet and Ni una menos Fiorito, a women\u2019s collective organized in 2008.<\/p>\t\t\t\t\t\t\t\t<\/div>\n\t\t\t\t<\/div>\n\t\t\t\t\t<\/div>\n\t\t<\/div>\n\t\t\t\t\t<\/div>\n\t\t<\/section>\n\t\t\t\t<section class=\"elementor-section elementor-top-section elementor-element elementor-element-ded0861 elementor-section-content-middle elementor-section-boxed elementor-section-height-default elementor-section-height-default\" data-id=\"ded0861\" data-element_type=\"section\" data-e-type=\"section\">\n\t\t\t\t\t\t<div class=\"elementor-container elementor-column-gap-default\">\n\t\t\t\t\t<div class=\"elementor-column elementor-col-50 elementor-top-column elementor-element elementor-element-f2661f7\" data-id=\"f2661f7\" data-element_type=\"column\" data-e-type=\"column\">\n\t\t\t<div class=\"elementor-widget-wrap elementor-element-populated\">\n\t\t\t\t\t\t<div class=\"elementor-element elementor-element-d36a69f elementor-widget elementor-widget-heading\" data-id=\"d36a69f\" data-element_type=\"widget\" data-e-type=\"widget\" data-widget_type=\"heading.default\">\n\t\t\t\t<div class=\"elementor-widget-container\">\n\t\t\t\t\t<h5 class=\"elementor-heading-title elementor-size-default\">Paper Stories\nStorytelling with Vera Veiga<\/h5>\t\t\t\t<\/div>\n\t\t\t\t<\/div>\n\t\t\t\t<div class=\"elementor-element elementor-element-0059cc4 elementor-widget elementor-widget-text-editor\" data-id=\"0059cc4\" data-element_type=\"widget\" data-e-type=\"widget\" data-widget_type=\"text-editor.default\">\n\t\t\t\t<div class=\"elementor-widget-container\">\n\t\t\t\t\t\t\t\t\t<p>Vera Veiga tells us the Guaran\u00ed legend of yerba mate, with illustrations by the Membrilla craft publisher, which employs the Japanese Kamishibai (paper theatre) technique.<\/p><p>Vera Veiga is a storyteller, kindergarten teacher and puppeteer. She currently works at the Vocational Art Institute. She is a member of the group Valijas en cuento, with whom she travels to rural and urban schools giving literature and kamishibai workshops.<\/p><p>Her work can be seen on facebook.com\/labocareciclante\/<\/p>\t\t\t\t\t\t\t\t<\/div>\n\t\t\t\t<\/div>\n\t\t\t\t\t<\/div>\n\t\t<\/div>\n\t\t\t\t<div class=\"elementor-column elementor-col-50 elementor-top-column elementor-element elementor-element-d8d5301\" data-id=\"d8d5301\" data-element_type=\"column\" data-e-type=\"column\">\n\t\t\t<div class=\"elementor-widget-wrap elementor-element-populated\">\n\t\t\t\t\t\t<div class=\"elementor-element elementor-element-49bd292 elementor-widget elementor-widget-video\" data-id=\"49bd292\" data-element_type=\"widget\" data-e-type=\"widget\" data-settings=\"{&quot;youtube_url&quot;:&quot;https:\\\/\\\/youtu.be\\\/hHj4ZtF9B-w&quot;,&quot;video_type&quot;:&quot;youtube&quot;,&quot;controls&quot;:&quot;yes&quot;}\" data-widget_type=\"video.default\">\n\t\t\t\t<div class=\"elementor-widget-container\">\n\t\t\t\t\t\t\t<div class=\"elementor-wrapper elementor-open-inline\">\n\t\t\t<div class=\"elementor-video\"><\/div>\t\t<\/div>\n\t\t\t\t\t\t<\/div>\n\t\t\t\t<\/div>\n\t\t\t\t\t<\/div>\n\t\t<\/div>\n\t\t\t\t\t<\/div>\n\t\t<\/section>\n\t\t\t\t<section class=\"elementor-section elementor-top-section elementor-element elementor-element-091a3f3 elementor-section-content-middle elementor-section-boxed elementor-section-height-default elementor-section-height-default\" data-id=\"091a3f3\" data-element_type=\"section\" data-e-type=\"section\">\n\t\t\t\t\t\t<div class=\"elementor-container elementor-column-gap-default\">\n\t\t\t\t\t<div class=\"elementor-column elementor-col-100 elementor-top-column elementor-element elementor-element-d83cdad\" data-id=\"d83cdad\" data-element_type=\"column\" data-e-type=\"column\">\n\t\t\t<div class=\"elementor-widget-wrap elementor-element-populated\">\n\t\t\t\t\t\t<section class=\"elementor-section elementor-inner-section elementor-element elementor-element-09af29b elementor-section-full_width elementor-section-content-middle elementor-section-height-default elementor-section-height-default\" data-id=\"09af29b\" data-element_type=\"section\" data-e-type=\"section\" data-settings=\"{&quot;background_background&quot;:&quot;gradient&quot;}\">\n\t\t\t\t\t\t<div class=\"elementor-container elementor-column-gap-default\">\n\t\t\t\t\t<div class=\"elementor-column elementor-col-50 elementor-inner-column elementor-element elementor-element-f0dc304\" data-id=\"f0dc304\" data-element_type=\"column\" data-e-type=\"column\">\n\t\t\t<div class=\"elementor-widget-wrap elementor-element-populated\">\n\t\t\t\t\t\t<div class=\"elementor-element elementor-element-0dff71e elementor-widget elementor-widget-heading\" data-id=\"0dff71e\" data-element_type=\"widget\" data-e-type=\"widget\" data-widget_type=\"heading.default\">\n\t\t\t\t<div class=\"elementor-widget-container\">\n\t\t\t\t\t<h2 class=\"elementor-heading-title elementor-size-default\">Fantastic readings How do the books get to each place?<\/h2>\t\t\t\t<\/div>\n\t\t\t\t<\/div>\n\t\t\t\t\t<\/div>\n\t\t<\/div>\n\t\t\t\t<div class=\"elementor-column elementor-col-50 elementor-inner-column elementor-element elementor-element-edebe02\" data-id=\"edebe02\" data-element_type=\"column\" data-e-type=\"column\">\n\t\t\t<div class=\"elementor-widget-wrap elementor-element-populated\">\n\t\t\t\t\t\t<div class=\"elementor-element elementor-element-ed4de81 elementor-widget elementor-widget-image\" data-id=\"ed4de81\" data-element_type=\"widget\" data-e-type=\"widget\" data-widget_type=\"image.default\">\n\t\t\t\t<div class=\"elementor-widget-container\">\n\t\t\t\t\t\t\t\t\t\t\t\t\t\t\t<img loading=\"lazy\" decoding=\"async\" width=\"707\" height=\"336\" src=\"https:\/\/museomoderno.org\/wp-content\/uploads\/2020\/12\/Captura-de-Pantalla-2020-08-14-a-las-12.45.51.png\" class=\"attachment-full size-full wp-image-2470\" alt=\"\" srcset=\"https:\/\/museomoderno.org\/wp-content\/uploads\/2020\/12\/Captura-de-Pantalla-2020-08-14-a-las-12.45.51.png 707w, https:\/\/museomoderno.org\/wp-content\/uploads\/2020\/12\/Captura-de-Pantalla-2020-08-14-a-las-12.45.51-300x143.png 300w\" sizes=\"(max-width: 707px) 100vw, 707px\" \/>\t\t\t\t\t\t\t\t\t\t\t\t\t\t\t<\/div>\n\t\t\t\t<\/div>\n\t\t\t\t\t<\/div>\n\t\t<\/div>\n\t\t\t\t\t<\/div>\n\t\t<\/section>\n\t\t\t\t\t<\/div>\n\t\t<\/div>\n\t\t\t\t\t<\/div>\n\t\t<\/section>\n\t\t\t\t<section class=\"elementor-section elementor-top-section elementor-element elementor-element-733b8fc elementor-section-boxed elementor-section-height-default elementor-section-height-default\" data-id=\"733b8fc\" data-element_type=\"section\" data-e-type=\"section\">\n\t\t\t\t\t\t<div class=\"elementor-container elementor-column-gap-default\">\n\t\t\t\t\t<div class=\"elementor-column elementor-col-50 elementor-top-column elementor-element elementor-element-6652f99\" data-id=\"6652f99\" data-element_type=\"column\" data-e-type=\"column\">\n\t\t\t<div class=\"elementor-widget-wrap elementor-element-populated\">\n\t\t\t\t\t\t<div class=\"elementor-element elementor-element-9d25411 elementor-widget elementor-widget-heading\" data-id=\"9d25411\" data-element_type=\"widget\" data-e-type=\"widget\" data-widget_type=\"heading.default\">\n\t\t\t\t<div class=\"elementor-widget-container\">\n\t\t\t\t\t<h5 class=\"elementor-heading-title elementor-size-default\">Al rescate de la comunidad experimental<\/h5>\t\t\t\t<\/div>\n\t\t\t\t<\/div>\n\t\t\t\t<div class=\"elementor-element elementor-element-ed2a083 elementor-widget elementor-widget-audio\" data-id=\"ed2a083\" data-element_type=\"widget\" data-e-type=\"widget\" data-widget_type=\"audio.default\">\n\t\t\t\t<div class=\"elementor-widget-container\">\n\t\t\t\t\t\t\t\t<div class=\"elementor-soundcloud-wrapper\">\n\t\t\t\t<iframe width=\"100%\" height=\"352\" frameborder=\"0\" allowfullscreen allow=\"autoplay; clipboard-write; encrypted-media; fullscreen; picture-in-picture\" loading=\"lazy\" src=\"https:\/\/open.spotify.com\/embed\/playlist\/3LntRxaje2P9prJ9AEL5bB?utm_source=oembed&#038;go=1&#038;play=1&#038;nd=1&#038;auto_play=false&#038;buying=true&#038;liking=true&#038;download=true&#038;sharing=true&#038;show_comments=true&#038;show_playcount=true&#038;show_user=true&#038;show_artwork=true&#038;color\"><\/iframe>\t\t\t<\/div>\n\t\t\t\t\t\t\t<\/div>\n\t\t\t\t<\/div>\n\t\t\t\t\t<\/div>\n\t\t<\/div>\n\t\t\t\t<div class=\"elementor-column elementor-col-50 elementor-top-column elementor-element elementor-element-915f9e9\" data-id=\"915f9e9\" data-element_type=\"column\" data-e-type=\"column\">\n\t\t\t<div class=\"elementor-widget-wrap elementor-element-populated\">\n\t\t\t\t\t\t<div class=\"elementor-element elementor-element-4742c77 elementor-widget elementor-widget-text-editor\" data-id=\"4742c77\" data-element_type=\"widget\" data-e-type=\"widget\" data-widget_type=\"text-editor.default\">\n\t\t\t\t<div class=\"elementor-widget-container\">\n\t\t\t\t\t\t\t\t\t<p>From the Listen [Visual Sounds] cycle, curators Jorge Haro and Leandro Fr\u00edas have prepared a playlist with a series of albums published on Spotify by members of the so-called &#8220;Argentine sound-experimental community&#8221;. A body asset of aesthetics, outside the spaces legitimized and visualized by the industry cultural, that have an innovative spirit, generator of &#8220;sound novelties&#8221; and that, For more than twenty years, they have been the staple of programming in the Museum of Modern Art. In the list you will find from materials of the eighties to sounds produced today.<\/p>\t\t\t\t\t\t\t\t<\/div>\n\t\t\t\t<\/div>\n\t\t\t\t\t<\/div>\n\t\t<\/div>\n\t\t\t\t\t<\/div>\n\t\t<\/section>\n\t\t\t\t<section class=\"elementor-section elementor-top-section elementor-element elementor-element-63aa6aa elementor-section-boxed elementor-section-height-default elementor-section-height-default\" data-id=\"63aa6aa\" data-element_type=\"section\" data-e-type=\"section\">\n\t\t\t\t\t\t<div class=\"elementor-container elementor-column-gap-default\">\n\t\t\t\t\t<div class=\"elementor-column elementor-col-50 elementor-top-column elementor-element elementor-element-21010be\" data-id=\"21010be\" data-element_type=\"column\" data-e-type=\"column\">\n\t\t\t<div class=\"elementor-widget-wrap elementor-element-populated\">\n\t\t\t\t\t\t<div class=\"elementor-element elementor-element-0dbcc89 elementor-widget elementor-widget-heading\" data-id=\"0dbcc89\" data-element_type=\"widget\" data-e-type=\"widget\" data-widget_type=\"heading.default\">\n\t\t\t\t<div class=\"elementor-widget-container\">\n\t\t\t\t\t<h5 class=\"elementor-heading-title elementor-size-default\">COLLECTIVE GLOSSARY OF COMMUNITIES<\/h5>\t\t\t\t<\/div>\n\t\t\t\t<\/div>\n\t\t\t\t<div class=\"elementor-element elementor-element-7a64e04 elementor-widget elementor-widget-text-editor\" data-id=\"7a64e04\" data-element_type=\"widget\" data-e-type=\"widget\" data-widget_type=\"text-editor.default\">\n\t\t\t\t<div class=\"elementor-widget-container\">\n\t\t\t\t\t\t\t\t\t<p>Words take on new meanings as their contexts change over time. Sometimes, a dispute over the meaning of a word can be a means of exposing social tensions and the ways in which we build our identity and communities. The Collective Glossary of Communities is a project that works with these meanings in order to imagine potential new worlds.<\/p><p>Therefore, we invited the members of ten collective artistic projects in Argentina to choose a word as a starting point for describing their artistic practice and narrate their creative experience.<\/p>\t\t\t\t\t\t\t\t<\/div>\n\t\t\t\t<\/div>\n\t\t\t\t\t<\/div>\n\t\t<\/div>\n\t\t\t\t<div class=\"elementor-column elementor-col-50 elementor-top-column elementor-element elementor-element-d9f06aa\" data-id=\"d9f06aa\" data-element_type=\"column\" data-e-type=\"column\">\n\t\t\t<div class=\"elementor-widget-wrap\">\n\t\t\t\t\t\t\t<\/div>\n\t\t<\/div>\n\t\t\t\t\t<\/div>\n\t\t<\/section>\n\t\t\t\t<section class=\"elementor-section elementor-top-section elementor-element elementor-element-aa6870a elementor-section-content-middle elementor-section-boxed elementor-section-height-default elementor-section-height-default\" data-id=\"aa6870a\" data-element_type=\"section\" data-e-type=\"section\">\n\t\t\t\t\t\t<div class=\"elementor-container elementor-column-gap-default\">\n\t\t\t\t\t<div class=\"elementor-column elementor-col-50 elementor-top-column elementor-element elementor-element-a11297a\" data-id=\"a11297a\" data-element_type=\"column\" data-e-type=\"column\">\n\t\t\t<div class=\"elementor-widget-wrap elementor-element-populated\">\n\t\t\t\t\t\t<div class=\"elementor-element elementor-element-18508c2 elementor-widget elementor-widget-heading\" data-id=\"18508c2\" data-element_type=\"widget\" data-e-type=\"widget\" data-widget_type=\"heading.default\">\n\t\t\t\t<div class=\"elementor-widget-container\">\n\t\t\t\t\t<h5 class=\"elementor-heading-title elementor-size-default\">Chapter 1 | DESMANICOMIALIZACI\u00d3N (DEASYLUMIZATION) |\nFrente de Artistas del Borda<\/h5>\t\t\t\t<\/div>\n\t\t\t\t<\/div>\n\t\t\t\t<div class=\"elementor-element elementor-element-ce03dce elementor-widget elementor-widget-audio\" data-id=\"ce03dce\" data-element_type=\"widget\" data-e-type=\"widget\" data-widget_type=\"audio.default\">\n\t\t\t\t<div class=\"elementor-widget-container\">\n\t\t\t\t\t\t\t\t<div class=\"elementor-soundcloud-wrapper\">\n\t\t\t\t<iframe width=\"100%\" height=\"152\" frameborder=\"0\" allowfullscreen allow=\"autoplay; clipboard-write; encrypted-media; fullscreen; picture-in-picture\" loading=\"lazy\" src=\"https:\/\/open.spotify.com\/embed\/episode\/1gCuTcbghAJaGQBATM2QBA?go=1&#038;utm_source=oembed&#038;t=0&#038;nd=1&#038;auto_play=false&#038;buying=true&#038;liking=true&#038;download=true&#038;sharing=true&#038;show_comments=true&#038;show_playcount=true&#038;show_user=true&#038;show_artwork=true&#038;color\"><\/iframe>\t\t\t<\/div>\n\t\t\t\t\t\t\t<\/div>\n\t\t\t\t<\/div>\n\t\t\t\t<div class=\"elementor-element elementor-element-02f2cdb elementor-widget elementor-widget-text-editor\" data-id=\"02f2cdb\" data-element_type=\"widget\" data-e-type=\"widget\" data-widget_type=\"text-editor.default\">\n\t\t\t\t<div class=\"elementor-widget-container\">\n\t\t\t\t\t\t\t\t\t<p>Text by: @hombresurreal<br \/>frentedeartistasdelborda@gmail.com<br \/>Facebook: \/frentedeartistas.delborda<\/p>\t\t\t\t\t\t\t\t<\/div>\n\t\t\t\t<\/div>\n\t\t\t\t<div class=\"elementor-element elementor-element-faa926e elementor-widget elementor-widget-text-editor\" data-id=\"faa926e\" data-element_type=\"widget\" data-e-type=\"widget\" data-widget_type=\"text-editor.default\">\n\t\t\t\t<div class=\"elementor-widget-container\">\n\t\t\t\t\t\t\t\t\t<p>The Frente de Artistas del Borda (Borda Artists Front) is an artistic, social, autonomous movement that since 1984, has produced art as tool in the fight for de-asylumization to propose alternatives to incarceration in the Jos\u00e9 T. Borda Psychiatric Hospital. Their practices seek to question society\u2019s perceptions of madness and to encourage the development of a process by which the asylum is replaced by a network of community institutions where people can receive mental health care.<\/p>\t\t\t\t\t\t\t\t<\/div>\n\t\t\t\t<\/div>\n\t\t\t\t<div class=\"elementor-element elementor-element-2e6c654 elementor-widget elementor-widget-image\" data-id=\"2e6c654\" data-element_type=\"widget\" data-e-type=\"widget\" data-widget_type=\"image.default\">\n\t\t\t\t<div class=\"elementor-widget-container\">\n\t\t\t\t\t\t\t\t\t\t\t\t\t\t\t<img loading=\"lazy\" decoding=\"async\" width=\"1280\" height=\"960\" src=\"https:\/\/museomoderno.org\/wp-content\/uploads\/2020\/12\/GLOSARIO-Frente-de-Artistas-del-Borda3.jpg\" class=\"attachment-full size-full wp-image-2474\" alt=\"\" srcset=\"https:\/\/museomoderno.org\/wp-content\/uploads\/2020\/12\/GLOSARIO-Frente-de-Artistas-del-Borda3.jpg 1280w, https:\/\/museomoderno.org\/wp-content\/uploads\/2020\/12\/GLOSARIO-Frente-de-Artistas-del-Borda3-300x225.jpg 300w, https:\/\/museomoderno.org\/wp-content\/uploads\/2020\/12\/GLOSARIO-Frente-de-Artistas-del-Borda3-1024x768.jpg 1024w, https:\/\/museomoderno.org\/wp-content\/uploads\/2020\/12\/GLOSARIO-Frente-de-Artistas-del-Borda3-768x576.jpg 768w\" sizes=\"(max-width: 1280px) 100vw, 1280px\" \/>\t\t\t\t\t\t\t\t\t\t\t\t\t\t\t<\/div>\n\t\t\t\t<\/div>\n\t\t\t\t\t<\/div>\n\t\t<\/div>\n\t\t\t\t<div class=\"elementor-column elementor-col-50 elementor-top-column elementor-element elementor-element-107c418\" data-id=\"107c418\" data-element_type=\"column\" data-e-type=\"column\">\n\t\t\t<div class=\"elementor-widget-wrap elementor-element-populated\">\n\t\t\t\t\t\t<div class=\"elementor-element elementor-element-162bf6f elementor-widget elementor-widget-image\" data-id=\"162bf6f\" data-element_type=\"widget\" data-e-type=\"widget\" data-widget_type=\"image.default\">\n\t\t\t\t<div class=\"elementor-widget-container\">\n\t\t\t\t\t\t\t\t\t\t\t\t\t\t\t<img loading=\"lazy\" decoding=\"async\" width=\"655\" height=\"495\" src=\"https:\/\/museomoderno.org\/wp-content\/uploads\/2020\/12\/GLOSARIO-Frente-de-Artistas-del-Borda.jpg\" class=\"attachment-full size-full wp-image-2475\" alt=\"\" srcset=\"https:\/\/museomoderno.org\/wp-content\/uploads\/2020\/12\/GLOSARIO-Frente-de-Artistas-del-Borda.jpg 655w, https:\/\/museomoderno.org\/wp-content\/uploads\/2020\/12\/GLOSARIO-Frente-de-Artistas-del-Borda-300x227.jpg 300w\" sizes=\"(max-width: 655px) 100vw, 655px\" \/>\t\t\t\t\t\t\t\t\t\t\t\t\t\t\t<\/div>\n\t\t\t\t<\/div>\n\t\t\t\t<div class=\"elementor-element elementor-element-73eac8b elementor-widget elementor-widget-image\" data-id=\"73eac8b\" data-element_type=\"widget\" data-e-type=\"widget\" data-widget_type=\"image.default\">\n\t\t\t\t<div class=\"elementor-widget-container\">\n\t\t\t\t\t\t\t\t\t\t\t\t\t\t\t<img loading=\"lazy\" decoding=\"async\" width=\"1206\" height=\"804\" src=\"https:\/\/museomoderno.org\/wp-content\/uploads\/2020\/12\/GLOSARIO-Frente-de-Artistas-del-Borda1.jpg\" class=\"attachment-full size-full wp-image-2476\" alt=\"\" srcset=\"https:\/\/museomoderno.org\/wp-content\/uploads\/2020\/12\/GLOSARIO-Frente-de-Artistas-del-Borda1.jpg 1206w, https:\/\/museomoderno.org\/wp-content\/uploads\/2020\/12\/GLOSARIO-Frente-de-Artistas-del-Borda1-300x200.jpg 300w, https:\/\/museomoderno.org\/wp-content\/uploads\/2020\/12\/GLOSARIO-Frente-de-Artistas-del-Borda1-1024x683.jpg 1024w, https:\/\/museomoderno.org\/wp-content\/uploads\/2020\/12\/GLOSARIO-Frente-de-Artistas-del-Borda1-768x512.jpg 768w\" sizes=\"(max-width: 1206px) 100vw, 1206px\" \/>\t\t\t\t\t\t\t\t\t\t\t\t\t\t\t<\/div>\n\t\t\t\t<\/div>\n\t\t\t\t<div class=\"elementor-element elementor-element-7634270 elementor-widget elementor-widget-text-editor\" data-id=\"7634270\" data-element_type=\"widget\" data-e-type=\"widget\" data-widget_type=\"text-editor.default\">\n\t\t\t\t<div class=\"elementor-widget-container\">\n\t\t\t\t\t\t\t\t\t<p>Images: documentation of three activities carried out by the Frente de Artistas del Borda in the City of Buenos Aires<\/p>\t\t\t\t\t\t\t\t<\/div>\n\t\t\t\t<\/div>\n\t\t\t\t\t<\/div>\n\t\t<\/div>\n\t\t\t\t\t<\/div>\n\t\t<\/section>\n\t\t\t\t<section class=\"elementor-section elementor-top-section elementor-element elementor-element-09309fc elementor-section-content-middle elementor-section-boxed elementor-section-height-default elementor-section-height-default\" data-id=\"09309fc\" data-element_type=\"section\" data-e-type=\"section\">\n\t\t\t\t\t\t<div class=\"elementor-container elementor-column-gap-default\">\n\t\t\t\t\t<div class=\"elementor-column elementor-col-50 elementor-top-column elementor-element elementor-element-d4252fd\" data-id=\"d4252fd\" data-element_type=\"column\" data-e-type=\"column\">\n\t\t\t<div class=\"elementor-widget-wrap elementor-element-populated\">\n\t\t\t\t\t\t<div class=\"elementor-element elementor-element-8e539ea elementor-widget elementor-widget-heading\" data-id=\"8e539ea\" data-element_type=\"widget\" data-e-type=\"widget\" data-widget_type=\"heading.default\">\n\t\t\t\t<div class=\"elementor-widget-container\">\n\t\t\t\t\t<h5 class=\"elementor-heading-title elementor-size-default\">Chapter 2 | GR\u00c1FICA FEMINISTA (FEMINIST GRAPHICS) |\nVivas nos Queremos<\/h5>\t\t\t\t<\/div>\n\t\t\t\t<\/div>\n\t\t\t\t<div class=\"elementor-element elementor-element-61aa907 elementor-widget elementor-widget-audio\" data-id=\"61aa907\" data-element_type=\"widget\" data-e-type=\"widget\" data-widget_type=\"audio.default\">\n\t\t\t\t<div class=\"elementor-widget-container\">\n\t\t\t\t\t\t\t\t<div class=\"elementor-soundcloud-wrapper\">\n\t\t\t\t<iframe width=\"100%\" height=\"152\" frameborder=\"0\" allowfullscreen allow=\"autoplay; clipboard-write; encrypted-media; fullscreen; picture-in-picture\" loading=\"lazy\" src=\"https:\/\/open.spotify.com\/embed\/episode\/6RynywXSLyVhLDCGXA9qpz?go=1&#038;utm_source=oembed&#038;t=0&#038;nd=1&#038;auto_play=false&#038;buying=true&#038;liking=true&#038;download=true&#038;sharing=true&#038;show_comments=true&#038;show_playcount=true&#038;show_user=true&#038;show_artwork=true&#038;color\"><\/iframe>\t\t\t<\/div>\n\t\t\t\t\t\t\t<\/div>\n\t\t\t\t<\/div>\n\t\t\t\t<div class=\"elementor-element elementor-element-c3e46a5 elementor-widget elementor-widget-text-editor\" data-id=\"c3e46a5\" data-element_type=\"widget\" data-e-type=\"widget\" data-widget_type=\"text-editor.default\">\n\t\t\t\t<div class=\"elementor-widget-container\">\n\t\t\t\t\t\t\t\t\t<p>Text: @hombresurreal<br \/>Find out more about this project at:<br \/>Instagram: @vivasnosqueremos.argentina<\/p>\t\t\t\t\t\t\t\t<\/div>\n\t\t\t\t<\/div>\n\t\t\t\t<div class=\"elementor-element elementor-element-2227b70 elementor-widget elementor-widget-text-editor\" data-id=\"2227b70\" data-element_type=\"widget\" data-e-type=\"widget\" data-widget_type=\"text-editor.default\">\n\t\t\t\t<div class=\"elementor-widget-container\">\n\t\t\t\t\t\t\t\t\t<p>\u2018Vivas nos Queremos\u2019 (We want us alive) is a graphic campaign that calls on women to express themselves through images made using xylographic techniques in order to raise awareness and protest against violence against women. The images made by people answering the call are transformed into engravings and posters that become part of a campaign that defines itself as \u2018autonomous, sisterly, dissident and street graphics\u2019 under the slogan: \u00a1Vivas nos queremos! (We want us alive!)<\/p>\t\t\t\t\t\t\t\t<\/div>\n\t\t\t\t<\/div>\n\t\t\t\t<div class=\"elementor-element elementor-element-d562786 elementor-widget elementor-widget-image\" data-id=\"d562786\" data-element_type=\"widget\" data-e-type=\"widget\" data-widget_type=\"image.default\">\n\t\t\t\t<div class=\"elementor-widget-container\">\n\t\t\t\t\t\t\t\t\t\t\t\t\t\t\t<img loading=\"lazy\" decoding=\"async\" width=\"960\" height=\"720\" src=\"https:\/\/museomoderno.org\/wp-content\/uploads\/2020\/12\/GLOSARIO-Vivas-nos-Queremos2.jpg\" class=\"attachment-full size-full wp-image-2486\" alt=\"\" srcset=\"https:\/\/museomoderno.org\/wp-content\/uploads\/2020\/12\/GLOSARIO-Vivas-nos-Queremos2.jpg 960w, https:\/\/museomoderno.org\/wp-content\/uploads\/2020\/12\/GLOSARIO-Vivas-nos-Queremos2-300x225.jpg 300w, https:\/\/museomoderno.org\/wp-content\/uploads\/2020\/12\/GLOSARIO-Vivas-nos-Queremos2-768x576.jpg 768w\" sizes=\"(max-width: 960px) 100vw, 960px\" \/>\t\t\t\t\t\t\t\t\t\t\t\t\t\t\t<\/div>\n\t\t\t\t<\/div>\n\t\t\t\t\t<\/div>\n\t\t<\/div>\n\t\t\t\t<div class=\"elementor-column elementor-col-50 elementor-top-column elementor-element elementor-element-3cb24d9\" data-id=\"3cb24d9\" data-element_type=\"column\" data-e-type=\"column\">\n\t\t\t<div class=\"elementor-widget-wrap elementor-element-populated\">\n\t\t\t\t\t\t<div class=\"elementor-element elementor-element-d0f2627 elementor-widget elementor-widget-image\" data-id=\"d0f2627\" data-element_type=\"widget\" data-e-type=\"widget\" data-widget_type=\"image.default\">\n\t\t\t\t<div class=\"elementor-widget-container\">\n\t\t\t\t\t\t\t\t\t\t\t\t\t\t\t<img loading=\"lazy\" decoding=\"async\" width=\"187\" height=\"300\" src=\"https:\/\/museomoderno.org\/wp-content\/uploads\/2020\/12\/GLOSARIO-Vivas-nos-Queremos1-187x300.jpg\" class=\"attachment-medium size-medium wp-image-2487\" alt=\"\" srcset=\"https:\/\/museomoderno.org\/wp-content\/uploads\/2020\/12\/GLOSARIO-Vivas-nos-Queremos1-187x300.jpg 187w, https:\/\/museomoderno.org\/wp-content\/uploads\/2020\/12\/GLOSARIO-Vivas-nos-Queremos1-638x1024.jpg 638w, https:\/\/museomoderno.org\/wp-content\/uploads\/2020\/12\/GLOSARIO-Vivas-nos-Queremos1-768x1232.jpg 768w, https:\/\/museomoderno.org\/wp-content\/uploads\/2020\/12\/GLOSARIO-Vivas-nos-Queremos1-957x1536.jpg 957w, https:\/\/museomoderno.org\/wp-content\/uploads\/2020\/12\/GLOSARIO-Vivas-nos-Queremos1-1276x2048.jpg 1276w, https:\/\/museomoderno.org\/wp-content\/uploads\/2020\/12\/GLOSARIO-Vivas-nos-Queremos1-scaled.jpg 1595w\" sizes=\"(max-width: 187px) 100vw, 187px\" \/>\t\t\t\t\t\t\t\t\t\t\t\t\t\t\t<\/div>\n\t\t\t\t<\/div>\n\t\t\t\t<div class=\"elementor-element elementor-element-05cf33d elementor-widget elementor-widget-image\" data-id=\"05cf33d\" data-element_type=\"widget\" data-e-type=\"widget\" data-widget_type=\"image.default\">\n\t\t\t\t<div class=\"elementor-widget-container\">\n\t\t\t\t\t\t\t\t\t\t\t\t\t\t\t<img loading=\"lazy\" decoding=\"async\" width=\"678\" height=\"561\" src=\"https:\/\/museomoderno.org\/wp-content\/uploads\/2020\/12\/Captura-de-Pantalla-2020-08-04-a-las-17.14.29.png\" class=\"attachment-full size-full wp-image-2488\" alt=\"\" srcset=\"https:\/\/museomoderno.org\/wp-content\/uploads\/2020\/12\/Captura-de-Pantalla-2020-08-04-a-las-17.14.29.png 678w, https:\/\/museomoderno.org\/wp-content\/uploads\/2020\/12\/Captura-de-Pantalla-2020-08-04-a-las-17.14.29-300x248.png 300w\" sizes=\"(max-width: 678px) 100vw, 678px\" \/>\t\t\t\t\t\t\t\t\t\t\t\t\t\t\t<\/div>\n\t\t\t\t<\/div>\n\t\t\t\t<div class=\"elementor-element elementor-element-056e1ba elementor-widget elementor-widget-text-editor\" data-id=\"056e1ba\" data-element_type=\"widget\" data-e-type=\"widget\" data-widget_type=\"text-editor.default\">\n\t\t\t\t<div class=\"elementor-widget-container\">\n\t\t\t\t\t\t\t\t\t<p>Images: The campaign in action. A record of work carried out in the public sphere and collective workshops.<\/p>\t\t\t\t\t\t\t\t<\/div>\n\t\t\t\t<\/div>\n\t\t\t\t\t<\/div>\n\t\t<\/div>\n\t\t\t\t\t<\/div>\n\t\t<\/section>\n\t\t\t\t<section class=\"elementor-section elementor-top-section elementor-element elementor-element-0740169 elementor-section-content-middle elementor-section-boxed elementor-section-height-default elementor-section-height-default\" data-id=\"0740169\" data-element_type=\"section\" data-e-type=\"section\">\n\t\t\t\t\t\t<div class=\"elementor-container elementor-column-gap-default\">\n\t\t\t\t\t<div class=\"elementor-column elementor-col-50 elementor-top-column elementor-element elementor-element-e720a5c\" data-id=\"e720a5c\" data-element_type=\"column\" data-e-type=\"column\">\n\t\t\t<div class=\"elementor-widget-wrap elementor-element-populated\">\n\t\t\t\t\t\t<div class=\"elementor-element elementor-element-7567cb2 elementor-widget elementor-widget-heading\" data-id=\"7567cb2\" data-element_type=\"widget\" data-e-type=\"widget\" data-widget_type=\"heading.default\">\n\t\t\t\t<div class=\"elementor-widget-container\">\n\t\t\t\t\t<h5 class=\"elementor-heading-title elementor-size-default\">Chapter 3 | HERMOSURA (BEAUTY) | Orembiapo Maepora<\/h5>\t\t\t\t<\/div>\n\t\t\t\t<\/div>\n\t\t\t\t<div class=\"elementor-element elementor-element-ac9a2a7 elementor-widget elementor-widget-audio\" data-id=\"ac9a2a7\" data-element_type=\"widget\" data-e-type=\"widget\" data-widget_type=\"audio.default\">\n\t\t\t\t<div class=\"elementor-widget-container\">\n\t\t\t\t\t\t\t\t<div class=\"elementor-soundcloud-wrapper\">\n\t\t\t\t<iframe width=\"100%\" height=\"152\" frameborder=\"0\" allowfullscreen allow=\"autoplay; clipboard-write; encrypted-media; fullscreen; picture-in-picture\" loading=\"lazy\" src=\"https:\/\/open.spotify.com\/embed\/episode\/1IsXlQvbm22BavAtg77Xme?go=1&#038;utm_source=oembed&#038;t=0&#038;nd=1&#038;auto_play=false&#038;buying=true&#038;liking=true&#038;download=true&#038;sharing=true&#038;show_comments=true&#038;show_playcount=true&#038;show_user=true&#038;show_artwork=true&#038;color\"><\/iframe>\t\t\t<\/div>\n\t\t\t\t\t\t\t<\/div>\n\t\t\t\t<\/div>\n\t\t\t\t<div class=\"elementor-element elementor-element-18a36d8 elementor-widget elementor-widget-text-editor\" data-id=\"18a36d8\" data-element_type=\"widget\" data-e-type=\"widget\" data-widget_type=\"text-editor.default\">\n\t\t\t\t<div class=\"elementor-widget-container\">\n\t\t\t\t\t\t\t\t\t<p>Text: @hombresurreal<br \/>Find out more about the project at:<br \/>Instagram: @orembiapomaepora<\/p>\t\t\t\t\t\t\t\t<\/div>\n\t\t\t\t<\/div>\n\t\t\t\t<div class=\"elementor-element elementor-element-ff62a49 elementor-widget elementor-widget-text-editor\" data-id=\"ff62a49\" data-element_type=\"widget\" data-e-type=\"widget\" data-widget_type=\"text-editor.default\">\n\t\t\t\t<div class=\"elementor-widget-container\">\n\t\t\t\t\t\t\t\t\t<p>Orembiapo Maepora is a group of female Chan\u00e9 ceramicists and painters that form part of the Tutiat\u00ed Community in Campo Dur\u00e1n, Municipality of Aguaray, Salta Province. In Chan\u00e9, the name of the group means \u2018our work is beautiful\u2019. Today its members are Lilia L\u00f3pez, Felisa Ruiz, Claudia S\u00e1nchez, Gabriela Orio, Eli L\u00f3pez, Vicenta Ovando, Alicia Saravia and Ester L\u00f3pez. One of their projects is to build a community ceramics workshop in order to share their knowledge with young people from the town and elsewhere.<\/p>\t\t\t\t\t\t\t\t<\/div>\n\t\t\t\t<\/div>\n\t\t\t\t<div class=\"elementor-element elementor-element-133d05e elementor-widget elementor-widget-image\" data-id=\"133d05e\" data-element_type=\"widget\" data-e-type=\"widget\" data-widget_type=\"image.default\">\n\t\t\t\t<div class=\"elementor-widget-container\">\n\t\t\t\t\t\t\t\t\t\t\t\t\t\t\t<img loading=\"lazy\" decoding=\"async\" width=\"705\" height=\"707\" src=\"https:\/\/museomoderno.org\/wp-content\/uploads\/2020\/12\/Captura-de-Pantalla-2020-08-04-a-las-18.20.15.png\" class=\"attachment-full size-full wp-image-2495\" alt=\"\" srcset=\"https:\/\/museomoderno.org\/wp-content\/uploads\/2020\/12\/Captura-de-Pantalla-2020-08-04-a-las-18.20.15.png 705w, https:\/\/museomoderno.org\/wp-content\/uploads\/2020\/12\/Captura-de-Pantalla-2020-08-04-a-las-18.20.15-300x300.png 300w, https:\/\/museomoderno.org\/wp-content\/uploads\/2020\/12\/Captura-de-Pantalla-2020-08-04-a-las-18.20.15-150x150.png 150w\" sizes=\"(max-width: 705px) 100vw, 705px\" \/>\t\t\t\t\t\t\t\t\t\t\t\t\t\t\t<\/div>\n\t\t\t\t<\/div>\n\t\t\t\t\t<\/div>\n\t\t<\/div>\n\t\t\t\t<div class=\"elementor-column elementor-col-50 elementor-top-column elementor-element elementor-element-bd59a4a\" data-id=\"bd59a4a\" data-element_type=\"column\" data-e-type=\"column\">\n\t\t\t<div class=\"elementor-widget-wrap elementor-element-populated\">\n\t\t\t\t\t\t<div class=\"elementor-element elementor-element-7e7b1ba elementor-widget elementor-widget-image\" data-id=\"7e7b1ba\" data-element_type=\"widget\" data-e-type=\"widget\" data-widget_type=\"image.default\">\n\t\t\t\t<div class=\"elementor-widget-container\">\n\t\t\t\t\t\t\t\t\t\t\t\t\t\t\t<img loading=\"lazy\" decoding=\"async\" width=\"998\" height=\"703\" src=\"https:\/\/museomoderno.org\/wp-content\/uploads\/2020\/12\/Captura-de-Pantalla-2020-08-04-a-las-18.05.09.png\" class=\"attachment-full size-full wp-image-2496\" alt=\"\" srcset=\"https:\/\/museomoderno.org\/wp-content\/uploads\/2020\/12\/Captura-de-Pantalla-2020-08-04-a-las-18.05.09.png 998w, https:\/\/museomoderno.org\/wp-content\/uploads\/2020\/12\/Captura-de-Pantalla-2020-08-04-a-las-18.05.09-300x211.png 300w, https:\/\/museomoderno.org\/wp-content\/uploads\/2020\/12\/Captura-de-Pantalla-2020-08-04-a-las-18.05.09-768x541.png 768w\" sizes=\"(max-width: 998px) 100vw, 998px\" \/>\t\t\t\t\t\t\t\t\t\t\t\t\t\t\t<\/div>\n\t\t\t\t<\/div>\n\t\t\t\t<div class=\"elementor-element elementor-element-dbc08b8 elementor-widget elementor-widget-image\" data-id=\"dbc08b8\" data-element_type=\"widget\" data-e-type=\"widget\" data-widget_type=\"image.default\">\n\t\t\t\t<div class=\"elementor-widget-container\">\n\t\t\t\t\t\t\t\t\t\t\t\t\t\t\t<img loading=\"lazy\" decoding=\"async\" width=\"393\" height=\"708\" src=\"https:\/\/museomoderno.org\/wp-content\/uploads\/2020\/12\/Captura-de-Pantalla-2020-08-04-a-las-18.19.09.png\" class=\"attachment-full size-full wp-image-2497\" alt=\"\" srcset=\"https:\/\/museomoderno.org\/wp-content\/uploads\/2020\/12\/Captura-de-Pantalla-2020-08-04-a-las-18.19.09.png 393w, https:\/\/museomoderno.org\/wp-content\/uploads\/2020\/12\/Captura-de-Pantalla-2020-08-04-a-las-18.19.09-167x300.png 167w\" sizes=\"(max-width: 393px) 100vw, 393px\" \/>\t\t\t\t\t\t\t\t\t\t\t\t\t\t\t<\/div>\n\t\t\t\t<\/div>\n\t\t\t\t<div class=\"elementor-element elementor-element-20664f7 elementor-widget elementor-widget-text-editor\" data-id=\"20664f7\" data-element_type=\"widget\" data-e-type=\"widget\" data-widget_type=\"text-editor.default\">\n\t\t\t\t<div class=\"elementor-widget-container\">\n\t\t\t\t\t\t\t\t\t<p>Images: The working methods of the women of Orembiapo Maepora (Photography: Andrea Fern\u00e1ndez, Florencia Califano, Pablo Curuchet, Milagro Tejerina, Claudia Reinoso and Berny Garay Pringles)<\/p>\t\t\t\t\t\t\t\t<\/div>\n\t\t\t\t<\/div>\n\t\t\t\t\t<\/div>\n\t\t<\/div>\n\t\t\t\t\t<\/div>\n\t\t<\/section>\n\t\t\t\t<section class=\"elementor-section elementor-top-section elementor-element elementor-element-d171eb4 elementor-section-boxed elementor-section-height-default elementor-section-height-default\" data-id=\"d171eb4\" data-element_type=\"section\" data-e-type=\"section\">\n\t\t\t\t\t\t<div class=\"elementor-container elementor-column-gap-default\">\n\t\t\t\t\t<div class=\"elementor-column elementor-col-50 elementor-top-column elementor-element elementor-element-e77c564\" data-id=\"e77c564\" data-element_type=\"column\" data-e-type=\"column\">\n\t\t\t<div class=\"elementor-widget-wrap elementor-element-populated\">\n\t\t\t\t\t\t<div class=\"elementor-element elementor-element-789faa9 elementor-widget elementor-widget-heading\" data-id=\"789faa9\" data-element_type=\"widget\" data-e-type=\"widget\" data-widget_type=\"heading.default\">\n\t\t\t\t<div class=\"elementor-widget-container\">\n\t\t\t\t\t<h5 class=\"elementor-heading-title elementor-size-default\">Chapter 4 | INCLUSI\u00d3N (INCLUSION)| Viva Estampa<\/h5>\t\t\t\t<\/div>\n\t\t\t\t<\/div>\n\t\t\t\t<div class=\"elementor-element elementor-element-2f37476 elementor-widget elementor-widget-audio\" data-id=\"2f37476\" data-element_type=\"widget\" data-e-type=\"widget\" data-widget_type=\"audio.default\">\n\t\t\t\t<div class=\"elementor-widget-container\">\n\t\t\t\t\t\t\t\t<div class=\"elementor-soundcloud-wrapper\">\n\t\t\t\t<iframe width=\"100%\" height=\"152\" frameborder=\"0\" allowfullscreen allow=\"autoplay; clipboard-write; encrypted-media; fullscreen; picture-in-picture\" loading=\"lazy\" src=\"https:\/\/open.spotify.com\/embed\/episode\/5pDfbdcFXVFxf7ncSqw5UI?go=1&#038;utm_source=oembed&#038;t=0&#038;nd=1&#038;auto_play=false&#038;buying=true&#038;liking=true&#038;download=true&#038;sharing=true&#038;show_comments=true&#038;show_playcount=true&#038;show_user=true&#038;show_artwork=true&#038;color\"><\/iframe>\t\t\t<\/div>\n\t\t\t\t\t\t\t<\/div>\n\t\t\t\t<\/div>\n\t\t\t\t<div class=\"elementor-element elementor-element-2a85def elementor-widget elementor-widget-text-editor\" data-id=\"2a85def\" data-element_type=\"widget\" data-e-type=\"widget\" data-widget_type=\"text-editor.default\">\n\t\t\t\t<div class=\"elementor-widget-container\">\n\t\t\t\t\t\t\t\t\t<p>Text: @hombresurreal<br \/>Find out more about this project at: uraurdaneta.art.blog<\/p><p>Viva Estampa, The Moyano Hospital\u2019s cultural collective, carries out<br \/>relationship-based activities and artistic practices that challenge stigmas<br \/>and seek to build a more inclusive community. It is part of the Mental Health<br \/>Social Inclusion Programme.<\/p>\t\t\t\t\t\t\t\t<\/div>\n\t\t\t\t<\/div>\n\t\t\t\t<div class=\"elementor-element elementor-element-082e1e1 elementor-widget elementor-widget-text-editor\" data-id=\"082e1e1\" data-element_type=\"widget\" data-e-type=\"widget\" data-widget_type=\"text-editor.default\">\n\t\t\t\t<div class=\"elementor-widget-container\">\n\t\t\t\t\t\t\t\t\t<p>Viva Estampa is a cultural collective in the Events Department at the Hospital Moyano run by the Museo S\u00edvori. The goal is to develop artistic, social, emotional and communicative skills and to encourage citizenship in addition to challenging prejudices and stigma, especially those related to mental health issues. With the objective of building an inclusive community, it develops relationship-based artistic practices such as the Experimental Art Workshop and the Object Memory Workshop. It is part of the Cultural Inclusion Programme run by the General Department of Mental Health of the City of Buenos Aires which encourages ties between museums and mental health spaces through practices that promote new relationships.<\/p>\t\t\t\t\t\t\t\t<\/div>\n\t\t\t\t<\/div>\n\t\t\t\t<div class=\"elementor-element elementor-element-0d7b225 elementor-widget elementor-widget-image\" data-id=\"0d7b225\" data-element_type=\"widget\" data-e-type=\"widget\" data-widget_type=\"image.default\">\n\t\t\t\t<div class=\"elementor-widget-container\">\n\t\t\t\t\t\t\t\t\t\t\t\t\t\t\t<img loading=\"lazy\" decoding=\"async\" width=\"683\" height=\"652\" src=\"https:\/\/museomoderno.org\/wp-content\/uploads\/2020\/12\/Captura-de-Pantalla-2020-08-04-a-las-18.46.53.png\" class=\"attachment-full size-full wp-image-2501\" alt=\"\" srcset=\"https:\/\/museomoderno.org\/wp-content\/uploads\/2020\/12\/Captura-de-Pantalla-2020-08-04-a-las-18.46.53.png 683w, https:\/\/museomoderno.org\/wp-content\/uploads\/2020\/12\/Captura-de-Pantalla-2020-08-04-a-las-18.46.53-300x286.png 300w\" sizes=\"(max-width: 683px) 100vw, 683px\" \/>\t\t\t\t\t\t\t\t\t\t\t\t\t\t\t<\/div>\n\t\t\t\t<\/div>\n\t\t\t\t<section class=\"elementor-section elementor-inner-section elementor-element elementor-element-dac16fd elementor-section-boxed elementor-section-height-default elementor-section-height-default\" data-id=\"dac16fd\" data-element_type=\"section\" data-e-type=\"section\">\n\t\t\t\t\t\t<div class=\"elementor-container elementor-column-gap-default\">\n\t\t\t\t\t<div class=\"elementor-column elementor-col-50 elementor-inner-column elementor-element elementor-element-cdec7a3\" data-id=\"cdec7a3\" data-element_type=\"column\" data-e-type=\"column\">\n\t\t\t<div class=\"elementor-widget-wrap elementor-element-populated\">\n\t\t\t\t\t\t<div class=\"elementor-element elementor-element-3a9b8ec elementor-widget elementor-widget-image\" data-id=\"3a9b8ec\" data-element_type=\"widget\" data-e-type=\"widget\" data-widget_type=\"image.default\">\n\t\t\t\t<div class=\"elementor-widget-container\">\n\t\t\t\t\t\t\t\t\t\t\t\t\t\t\t<img loading=\"lazy\" decoding=\"async\" width=\"150\" height=\"150\" src=\"https:\/\/museomoderno.org\/wp-content\/uploads\/2020\/12\/LOGO-VE-colectivo-cult-150x150.jpg\" class=\"attachment-thumbnail size-thumbnail wp-image-2502\" alt=\"\" \/>\t\t\t\t\t\t\t\t\t\t\t\t\t\t\t<\/div>\n\t\t\t\t<\/div>\n\t\t\t\t\t<\/div>\n\t\t<\/div>\n\t\t\t\t<div class=\"elementor-column elementor-col-50 elementor-inner-column elementor-element elementor-element-e4c2c3e\" data-id=\"e4c2c3e\" data-element_type=\"column\" data-e-type=\"column\">\n\t\t\t<div class=\"elementor-widget-wrap elementor-element-populated\">\n\t\t\t\t\t\t<div class=\"elementor-element elementor-element-e7ad579 elementor-widget elementor-widget-image\" data-id=\"e7ad579\" data-element_type=\"widget\" data-e-type=\"widget\" data-widget_type=\"image.default\">\n\t\t\t\t<div class=\"elementor-widget-container\">\n\t\t\t\t\t\t\t\t\t\t\t\t\t\t\t<img loading=\"lazy\" decoding=\"async\" width=\"150\" height=\"150\" src=\"https:\/\/museomoderno.org\/wp-content\/uploads\/2020\/12\/Logo-ISM-inclusion-cult-150x150.jpg\" class=\"attachment-thumbnail size-thumbnail wp-image-2503\" alt=\"\" \/>\t\t\t\t\t\t\t\t\t\t\t\t\t\t\t<\/div>\n\t\t\t\t<\/div>\n\t\t\t\t\t<\/div>\n\t\t<\/div>\n\t\t\t\t\t<\/div>\n\t\t<\/section>\n\t\t\t\t\t<\/div>\n\t\t<\/div>\n\t\t\t\t<div class=\"elementor-column elementor-col-50 elementor-top-column elementor-element elementor-element-a02a174\" data-id=\"a02a174\" data-element_type=\"column\" data-e-type=\"column\">\n\t\t\t<div class=\"elementor-widget-wrap elementor-element-populated\">\n\t\t\t\t\t\t<div class=\"elementor-element elementor-element-88d0de4 elementor-widget elementor-widget-image\" data-id=\"88d0de4\" data-element_type=\"widget\" data-e-type=\"widget\" data-widget_type=\"image.default\">\n\t\t\t\t<div class=\"elementor-widget-container\">\n\t\t\t\t\t\t\t\t\t\t\t\t\t\t\t<img loading=\"lazy\" decoding=\"async\" width=\"768\" height=\"686\" src=\"https:\/\/museomoderno.org\/wp-content\/uploads\/2020\/12\/Captura-de-Pantalla-2020-08-04-a-las-18.45.51.png\" class=\"attachment-full size-full wp-image-2507\" alt=\"\" srcset=\"https:\/\/museomoderno.org\/wp-content\/uploads\/2020\/12\/Captura-de-Pantalla-2020-08-04-a-las-18.45.51.png 768w, https:\/\/museomoderno.org\/wp-content\/uploads\/2020\/12\/Captura-de-Pantalla-2020-08-04-a-las-18.45.51-300x268.png 300w\" sizes=\"(max-width: 768px) 100vw, 768px\" \/>\t\t\t\t\t\t\t\t\t\t\t\t\t\t\t<\/div>\n\t\t\t\t<\/div>\n\t\t\t\t<div class=\"elementor-element elementor-element-8b4f454 elementor-widget elementor-widget-image\" data-id=\"8b4f454\" data-element_type=\"widget\" data-e-type=\"widget\" data-widget_type=\"image.default\">\n\t\t\t\t<div class=\"elementor-widget-container\">\n\t\t\t\t\t\t\t\t\t\t\t\t\t\t\t<img loading=\"lazy\" decoding=\"async\" width=\"685\" height=\"686\" src=\"https:\/\/museomoderno.org\/wp-content\/uploads\/2020\/12\/Captura-de-Pantalla-2020-08-04-a-las-18.45.33.png\" class=\"attachment-full size-full wp-image-2508\" alt=\"\" srcset=\"https:\/\/museomoderno.org\/wp-content\/uploads\/2020\/12\/Captura-de-Pantalla-2020-08-04-a-las-18.45.33.png 685w, https:\/\/museomoderno.org\/wp-content\/uploads\/2020\/12\/Captura-de-Pantalla-2020-08-04-a-las-18.45.33-300x300.png 300w, https:\/\/museomoderno.org\/wp-content\/uploads\/2020\/12\/Captura-de-Pantalla-2020-08-04-a-las-18.45.33-150x150.png 150w\" sizes=\"(max-width: 685px) 100vw, 685px\" \/>\t\t\t\t\t\t\t\t\t\t\t\t\t\t\t<\/div>\n\t\t\t\t<\/div>\n\t\t\t\t<div class=\"elementor-element elementor-element-ea1aafd elementor-widget elementor-widget-text-editor\" data-id=\"ea1aafd\" data-element_type=\"widget\" data-e-type=\"widget\" data-widget_type=\"text-editor.default\">\n\t\t\t\t<div class=\"elementor-widget-container\">\n\t\t\t\t\t\t\t\t\t<p>Images: Viva Estampa Collective Workshop<\/p>\t\t\t\t\t\t\t\t<\/div>\n\t\t\t\t<\/div>\n\t\t\t\t\t<\/div>\n\t\t<\/div>\n\t\t\t\t\t<\/div>\n\t\t<\/section>\n\t\t\t\t<section class=\"elementor-section elementor-top-section elementor-element elementor-element-95936c5 elementor-section-boxed elementor-section-height-default elementor-section-height-default\" data-id=\"95936c5\" data-element_type=\"section\" data-e-type=\"section\">\n\t\t\t\t\t\t<div class=\"elementor-container elementor-column-gap-default\">\n\t\t\t\t\t<div class=\"elementor-column elementor-col-50 elementor-top-column elementor-element elementor-element-dc5db69\" data-id=\"dc5db69\" data-element_type=\"column\" data-e-type=\"column\">\n\t\t\t<div class=\"elementor-widget-wrap elementor-element-populated\">\n\t\t\t\t\t\t<div class=\"elementor-element elementor-element-b91075e elementor-widget elementor-widget-heading\" data-id=\"b91075e\" data-element_type=\"widget\" data-e-type=\"widget\" data-widget_type=\"heading.default\">\n\t\t\t\t<div class=\"elementor-widget-container\">\n\t\t\t\t\t<h5 class=\"elementor-heading-title elementor-size-default\">Chapter 5 | ISLA (ISLAND) | Proyecto Mart\u00edn Garc\u00eda<\/h5>\t\t\t\t<\/div>\n\t\t\t\t<\/div>\n\t\t\t\t<div class=\"elementor-element elementor-element-81e7e3c elementor-widget elementor-widget-audio\" data-id=\"81e7e3c\" data-element_type=\"widget\" data-e-type=\"widget\" data-widget_type=\"audio.default\">\n\t\t\t\t<div class=\"elementor-widget-container\">\n\t\t\t\t\t\t\t\t<div class=\"elementor-soundcloud-wrapper\">\n\t\t\t\t<iframe width=\"100%\" height=\"152\" frameborder=\"0\" allowfullscreen allow=\"autoplay; clipboard-write; encrypted-media; fullscreen; picture-in-picture\" loading=\"lazy\" src=\"https:\/\/open.spotify.com\/embed\/episode\/6yQRvloLqj0xtjSD9KuLzV?go=1&#038;utm_source=oembed&#038;t=0&#038;nd=1&#038;auto_play=false&#038;buying=true&#038;liking=true&#038;download=true&#038;sharing=true&#038;show_comments=true&#038;show_playcount=true&#038;show_user=true&#038;show_artwork=true&#038;color\"><\/iframe>\t\t\t<\/div>\n\t\t\t\t\t\t\t<\/div>\n\t\t\t\t<\/div>\n\t\t\t\t<div class=\"elementor-element elementor-element-b681331 elementor-widget elementor-widget-text-editor\" data-id=\"b681331\" data-element_type=\"widget\" data-e-type=\"widget\" data-widget_type=\"text-editor.default\">\n\t\t\t\t<div class=\"elementor-widget-container\">\n\t\t\t\t\t\t\t\t\t<p>Text by @hombresurreal<br \/><br \/><a href=\"https:\/\/proyectomartingarcia.tumblr.com\/\" target=\"_blank\" rel=\"noopener\">proyectomartingarcia.tumblr.com\/<\/a><br \/><a href=\"https:\/\/www.youtube.com\/channel\/UCDAWpvX1S3w8AywjzxxkeXQ\" target=\"_blank\" rel=\"noopener\">www.youtube.com\/channel<\/a><br \/>proyectomartingarcia@gmail.com<\/p>\t\t\t\t\t\t\t\t<\/div>\n\t\t\t\t<\/div>\n\t\t\t\t<div class=\"elementor-element elementor-element-653154a elementor-widget elementor-widget-text-editor\" data-id=\"653154a\" data-element_type=\"widget\" data-e-type=\"widget\" data-widget_type=\"text-editor.default\">\n\t\t\t\t<div class=\"elementor-widget-container\">\n\t\t\t\t\t\t\t\t\t<p>Proyecto Mart\u00edn Garc\u00eda, run since November 2017, is a platform that brings together artists and thinkers to reconsider the symbolic value of Mart\u00edn Garc\u00eda Island through artistic practice workshops and participative community and reflexive actions in close collaboration with the teaching team at Escuela Secundaria N\u00b07 Cacique Pinc\u00e9n. Together with the Community Museum of Maciel Island and the Puerto Piojo Museum it also saw the formation of the Centro de Investigaciones Ribere\u00f1as (Riverscape Research Centre, CIR), with the support of the Fundaci\u00f3n Williams. The Project currently coordinates remote activities, virtual workshops, videoconferences and collaborative audiovisual workshops.<\/p>\t\t\t\t\t\t\t\t<\/div>\n\t\t\t\t<\/div>\n\t\t\t\t<div class=\"elementor-element elementor-element-c46f5c2 elementor-widget elementor-widget-image\" data-id=\"c46f5c2\" data-element_type=\"widget\" data-e-type=\"widget\" data-widget_type=\"image.default\">\n\t\t\t\t<div class=\"elementor-widget-container\">\n\t\t\t\t\t\t\t\t\t\t\t\t\t\t\t<img loading=\"lazy\" decoding=\"async\" width=\"940\" height=\"631\" src=\"https:\/\/museomoderno.org\/wp-content\/uploads\/2020\/12\/Captura-de-Pantalla-2020-08-04-a-las-18.51.39.png\" class=\"attachment-full size-full wp-image-2515\" alt=\"\" srcset=\"https:\/\/museomoderno.org\/wp-content\/uploads\/2020\/12\/Captura-de-Pantalla-2020-08-04-a-las-18.51.39.png 940w, https:\/\/museomoderno.org\/wp-content\/uploads\/2020\/12\/Captura-de-Pantalla-2020-08-04-a-las-18.51.39-300x201.png 300w, https:\/\/museomoderno.org\/wp-content\/uploads\/2020\/12\/Captura-de-Pantalla-2020-08-04-a-las-18.51.39-768x516.png 768w\" sizes=\"(max-width: 940px) 100vw, 940px\" \/>\t\t\t\t\t\t\t\t\t\t\t\t\t\t\t<\/div>\n\t\t\t\t<\/div>\n\t\t\t\t<div class=\"elementor-element elementor-element-230d0cf elementor-widget elementor-widget-text-editor\" data-id=\"230d0cf\" data-element_type=\"widget\" data-e-type=\"widget\" data-widget_type=\"text-editor.default\">\n\t\t\t\t<div class=\"elementor-widget-container\">\n\t\t\t\t\t\t\t\t\t<p>A Mural of Cacique Pincen coordinated by Diego Pogonza. Photos: Javier Barrio<\/p>\t\t\t\t\t\t\t\t<\/div>\n\t\t\t\t<\/div>\n\t\t\t\t\t<\/div>\n\t\t<\/div>\n\t\t\t\t<div class=\"elementor-column elementor-col-50 elementor-top-column elementor-element elementor-element-3ac60ce\" data-id=\"3ac60ce\" data-element_type=\"column\" data-e-type=\"column\">\n\t\t\t<div class=\"elementor-widget-wrap elementor-element-populated\">\n\t\t\t\t\t\t<div class=\"elementor-element elementor-element-31338ca elementor-widget elementor-widget-image\" data-id=\"31338ca\" data-element_type=\"widget\" data-e-type=\"widget\" data-widget_type=\"image.default\">\n\t\t\t\t<div class=\"elementor-widget-container\">\n\t\t\t\t\t\t\t\t\t\t\t\t\t\t\t<img loading=\"lazy\" decoding=\"async\" width=\"757\" height=\"675\" src=\"https:\/\/museomoderno.org\/wp-content\/uploads\/2020\/12\/Captura-de-Pantalla-2020-08-04-a-las-18.51.11.png\" class=\"attachment-full size-full wp-image-2519\" alt=\"\" srcset=\"https:\/\/museomoderno.org\/wp-content\/uploads\/2020\/12\/Captura-de-Pantalla-2020-08-04-a-las-18.51.11.png 757w, https:\/\/museomoderno.org\/wp-content\/uploads\/2020\/12\/Captura-de-Pantalla-2020-08-04-a-las-18.51.11-300x268.png 300w\" sizes=\"(max-width: 757px) 100vw, 757px\" \/>\t\t\t\t\t\t\t\t\t\t\t\t\t\t\t<\/div>\n\t\t\t\t<\/div>\n\t\t\t\t<div class=\"elementor-element elementor-element-0316201 elementor-widget elementor-widget-text-editor\" data-id=\"0316201\" data-element_type=\"widget\" data-e-type=\"widget\" data-widget_type=\"text-editor.default\">\n\t\t\t\t<div class=\"elementor-widget-container\">\n\t\t\t\t\t\t\t\t\t<p>Argiropolis, action by Javier Barrio from the specific site of Mart\u00edn<br \/>Garc\u00eda Island. Photos: Javier Barrio<\/p>\t\t\t\t\t\t\t\t<\/div>\n\t\t\t\t<\/div>\n\t\t\t\t<div class=\"elementor-element elementor-element-ec7465c elementor-widget elementor-widget-image\" data-id=\"ec7465c\" data-element_type=\"widget\" data-e-type=\"widget\" data-widget_type=\"image.default\">\n\t\t\t\t<div class=\"elementor-widget-container\">\n\t\t\t\t\t\t\t\t\t\t\t\t\t\t\t<img loading=\"lazy\" decoding=\"async\" width=\"853\" height=\"693\" src=\"https:\/\/museomoderno.org\/wp-content\/uploads\/2020\/12\/Captura-de-Pantalla-2020-08-04-a-las-18.51.21.png\" class=\"attachment-full size-full wp-image-2520\" alt=\"\" srcset=\"https:\/\/museomoderno.org\/wp-content\/uploads\/2020\/12\/Captura-de-Pantalla-2020-08-04-a-las-18.51.21.png 853w, https:\/\/museomoderno.org\/wp-content\/uploads\/2020\/12\/Captura-de-Pantalla-2020-08-04-a-las-18.51.21-300x244.png 300w, https:\/\/museomoderno.org\/wp-content\/uploads\/2020\/12\/Captura-de-Pantalla-2020-08-04-a-las-18.51.21-768x624.png 768w\" sizes=\"(max-width: 853px) 100vw, 853px\" \/>\t\t\t\t\t\t\t\t\t\t\t\t\t\t\t<\/div>\n\t\t\t\t<\/div>\n\t\t\t\t<div class=\"elementor-element elementor-element-e300847 elementor-widget elementor-widget-text-editor\" data-id=\"e300847\" data-element_type=\"widget\" data-e-type=\"widget\" data-widget_type=\"text-editor.default\">\n\t\t\t\t<div class=\"elementor-widget-container\">\n\t\t\t\t\t\t\t\t\t<p>Astrophotography Workshop coordinated by Rodrigo Alcon Quintanilha.<br \/>Photography: Javier Barrio<\/p>\t\t\t\t\t\t\t\t<\/div>\n\t\t\t\t<\/div>\n\t\t\t\t\t<\/div>\n\t\t<\/div>\n\t\t\t\t\t<\/div>\n\t\t<\/section>\n\t\t\t\t<section class=\"elementor-section elementor-top-section elementor-element elementor-element-113db03 elementor-section-boxed elementor-section-height-default elementor-section-height-default\" data-id=\"113db03\" data-element_type=\"section\" data-e-type=\"section\">\n\t\t\t\t\t\t<div class=\"elementor-container elementor-column-gap-default\">\n\t\t\t\t\t<div class=\"elementor-column elementor-col-50 elementor-top-column elementor-element elementor-element-588029b\" data-id=\"588029b\" data-element_type=\"column\" data-e-type=\"column\">\n\t\t\t<div class=\"elementor-widget-wrap elementor-element-populated\">\n\t\t\t\t\t\t<div class=\"elementor-element elementor-element-5c51822 elementor-widget elementor-widget-heading\" data-id=\"5c51822\" data-element_type=\"widget\" data-e-type=\"widget\" data-widget_type=\"heading.default\">\n\t\t\t\t<div class=\"elementor-widget-container\">\n\t\t\t\t\t<h5 class=\"elementor-heading-title elementor-size-default\">Chapter 6 | MEMORIA POPULAR (POPULAR MEMORY)|\nArchivo de la Memoria Popular Villa 20<\/h5>\t\t\t\t<\/div>\n\t\t\t\t<\/div>\n\t\t\t\t<div class=\"elementor-element elementor-element-756182e elementor-widget elementor-widget-audio\" data-id=\"756182e\" data-element_type=\"widget\" data-e-type=\"widget\" data-widget_type=\"audio.default\">\n\t\t\t\t<div class=\"elementor-widget-container\">\n\t\t\t\t\t\t\t\t<div class=\"elementor-soundcloud-wrapper\">\n\t\t\t\t<iframe width=\"100%\" height=\"152\" frameborder=\"0\" allowfullscreen allow=\"autoplay; clipboard-write; encrypted-media; fullscreen; picture-in-picture\" loading=\"lazy\" src=\"https:\/\/open.spotify.com\/embed\/episode\/1jLBcfhipkaCCLNv6u3PqN?go=1&#038;utm_source=oembed&#038;t=0&#038;nd=1&#038;auto_play=false&#038;buying=true&#038;liking=true&#038;download=true&#038;sharing=true&#038;show_comments=true&#038;show_playcount=true&#038;show_user=true&#038;show_artwork=true&#038;color\"><\/iframe>\t\t\t<\/div>\n\t\t\t\t\t\t\t<\/div>\n\t\t\t\t<\/div>\n\t\t\t\t<div class=\"elementor-element elementor-element-ac9c630 elementor-widget elementor-widget-text-editor\" data-id=\"ac9c630\" data-element_type=\"widget\" data-e-type=\"widget\" data-widget_type=\"text-editor.default\">\n\t\t\t\t<div class=\"elementor-widget-container\">\n\t\t\t\t\t\t\t\t\t<p>Conoc\u00e9 m\u00e1s sobre el proyecto en:<br \/>Youtube:\u00a0<a href=\"https:\/\/www.youtube.com\/channel\/UCWa-Y2YV5uazw38D7MrhSWQ\" target=\"_blank\" rel=\"noopener\">www.youtube.com\/channel\/<\/a><br \/>Web:\u00a0<a href=\"http:\/\/archivovilla20.com.ar\/\" target=\"_blank\" rel=\"noopener\">archivovilla20.com.ar\/<\/a><\/p>\t\t\t\t\t\t\t\t<\/div>\n\t\t\t\t<\/div>\n\t\t\t\t<div class=\"elementor-element elementor-element-e8a9526 elementor-widget elementor-widget-text-editor\" data-id=\"e8a9526\" data-element_type=\"widget\" data-e-type=\"widget\" data-widget_type=\"text-editor.default\">\n\t\t\t\t<div class=\"elementor-widget-container\">\n\t\t\t\t\t\t\t\t\t<p>The Archivo de la Memoria Popular Villa 20 (Villa 20 Popular Memory Archive) generates spaces of exchange between residents with the objective of producing historical narratives from the past and present and to preserve memory as an active, collective act. It arose out of the Workshop of Cinema and Memory, run in the neighbourhood since 2018. They currently perform different activities: gathering and digitizing materials, organizing shared tables of memory and exhibitions at neighbourhood schools as well as audiovisual exercises in which a joint gaze is developed about the present status of the community.<\/p>\t\t\t\t\t\t\t\t<\/div>\n\t\t\t\t<\/div>\n\t\t\t\t<div class=\"elementor-element elementor-element-e003c34 elementor-widget elementor-widget-image\" data-id=\"e003c34\" data-element_type=\"widget\" data-e-type=\"widget\" data-widget_type=\"image.default\">\n\t\t\t\t<div class=\"elementor-widget-container\">\n\t\t\t\t\t\t\t\t\t\t\t\t\t\t\t<img loading=\"lazy\" decoding=\"async\" width=\"930\" height=\"643\" src=\"https:\/\/museomoderno.org\/wp-content\/uploads\/2020\/12\/Captura-de-Pantalla-2020-08-05-a-las-13.38.57.png\" class=\"attachment-full size-full wp-image-2524\" alt=\"\" srcset=\"https:\/\/museomoderno.org\/wp-content\/uploads\/2020\/12\/Captura-de-Pantalla-2020-08-05-a-las-13.38.57.png 930w, https:\/\/museomoderno.org\/wp-content\/uploads\/2020\/12\/Captura-de-Pantalla-2020-08-05-a-las-13.38.57-300x207.png 300w, https:\/\/museomoderno.org\/wp-content\/uploads\/2020\/12\/Captura-de-Pantalla-2020-08-05-a-las-13.38.57-768x531.png 768w\" sizes=\"(max-width: 930px) 100vw, 930px\" \/>\t\t\t\t\t\t\t\t\t\t\t\t\t\t\t<\/div>\n\t\t\t\t<\/div>\n\t\t\t\t<div class=\"elementor-element elementor-element-c105339 elementor-widget elementor-widget-text-editor\" data-id=\"c105339\" data-element_type=\"widget\" data-e-type=\"widget\" data-widget_type=\"text-editor.default\">\n\t\t\t\t<div class=\"elementor-widget-container\">\n\t\t\t\t\t\t\t\t\t<p>Mural del Cacique Pincen coordinado por Diego Pogonza.\u00a0Fotos: Javier Barrio<\/p>\t\t\t\t\t\t\t\t<\/div>\n\t\t\t\t<\/div>\n\t\t\t\t\t<\/div>\n\t\t<\/div>\n\t\t\t\t<div class=\"elementor-column elementor-col-50 elementor-top-column elementor-element elementor-element-46b76ac\" data-id=\"46b76ac\" data-element_type=\"column\" data-e-type=\"column\">\n\t\t\t<div class=\"elementor-widget-wrap elementor-element-populated\">\n\t\t\t\t\t\t<div class=\"elementor-element elementor-element-cb4bbe9 elementor-widget elementor-widget-image\" data-id=\"cb4bbe9\" data-element_type=\"widget\" data-e-type=\"widget\" data-widget_type=\"image.default\">\n\t\t\t\t<div class=\"elementor-widget-container\">\n\t\t\t\t\t\t\t\t\t\t\t\t\t\t\t<img loading=\"lazy\" decoding=\"async\" width=\"969\" height=\"643\" src=\"https:\/\/museomoderno.org\/wp-content\/uploads\/2020\/12\/Captura-de-Pantalla-2020-08-05-a-las-13.38.37.png\" class=\"attachment-full size-full wp-image-2525\" alt=\"\" srcset=\"https:\/\/museomoderno.org\/wp-content\/uploads\/2020\/12\/Captura-de-Pantalla-2020-08-05-a-las-13.38.37.png 969w, https:\/\/museomoderno.org\/wp-content\/uploads\/2020\/12\/Captura-de-Pantalla-2020-08-05-a-las-13.38.37-300x199.png 300w, https:\/\/museomoderno.org\/wp-content\/uploads\/2020\/12\/Captura-de-Pantalla-2020-08-05-a-las-13.38.37-768x510.png 768w\" sizes=\"(max-width: 969px) 100vw, 969px\" \/>\t\t\t\t\t\t\t\t\t\t\t\t\t\t\t<\/div>\n\t\t\t\t<\/div>\n\t\t\t\t<div class=\"elementor-element elementor-element-056181e elementor-widget elementor-widget-image\" data-id=\"056181e\" data-element_type=\"widget\" data-e-type=\"widget\" data-widget_type=\"image.default\">\n\t\t\t\t<div class=\"elementor-widget-container\">\n\t\t\t\t\t\t\t\t\t\t\t\t\t\t\t<img loading=\"lazy\" decoding=\"async\" width=\"546\" height=\"465\" src=\"https:\/\/museomoderno.org\/wp-content\/uploads\/2020\/12\/Captura-de-Pantalla-2020-08-05-a-las-13.38.21.png\" class=\"attachment-full size-full wp-image-2526\" alt=\"\" srcset=\"https:\/\/museomoderno.org\/wp-content\/uploads\/2020\/12\/Captura-de-Pantalla-2020-08-05-a-las-13.38.21.png 546w, https:\/\/museomoderno.org\/wp-content\/uploads\/2020\/12\/Captura-de-Pantalla-2020-08-05-a-las-13.38.21-300x255.png 300w\" sizes=\"(max-width: 546px) 100vw, 546px\" \/>\t\t\t\t\t\t\t\t\t\t\t\t\t\t\t<\/div>\n\t\t\t\t<\/div>\n\t\t\t\t<div class=\"elementor-element elementor-element-3f2c380 elementor-widget elementor-widget-text-editor\" data-id=\"3f2c380\" data-element_type=\"widget\" data-e-type=\"widget\" data-widget_type=\"text-editor.default\">\n\t\t\t\t<div class=\"elementor-widget-container\">\n\t\t\t\t\t\t\t\t\t<p>Publications and activities carried out by Villa 20<br \/>(Photography: Archivo de la Memoria Popular Villa 20)<\/p>\t\t\t\t\t\t\t\t<\/div>\n\t\t\t\t<\/div>\n\t\t\t\t\t<\/div>\n\t\t<\/div>\n\t\t\t\t\t<\/div>\n\t\t<\/section>\n\t\t\t\t<section class=\"elementor-section elementor-top-section elementor-element elementor-element-a55994d elementor-section-boxed elementor-section-height-default elementor-section-height-default\" data-id=\"a55994d\" data-element_type=\"section\" data-e-type=\"section\">\n\t\t\t\t\t\t<div class=\"elementor-container elementor-column-gap-default\">\n\t\t\t\t\t<div class=\"elementor-column elementor-col-50 elementor-top-column elementor-element elementor-element-7c7bb52\" data-id=\"7c7bb52\" data-element_type=\"column\" data-e-type=\"column\">\n\t\t\t<div class=\"elementor-widget-wrap elementor-element-populated\">\n\t\t\t\t\t\t<div class=\"elementor-element elementor-element-4c33632 elementor-widget elementor-widget-heading\" data-id=\"4c33632\" data-element_type=\"widget\" data-e-type=\"widget\" data-widget_type=\"heading.default\">\n\t\t\t\t<div class=\"elementor-widget-container\">\n\t\t\t\t\t<h5 class=\"elementor-heading-title elementor-size-default\">Chapter 7 | OBJETO (OBJECT) | Museo del Objeto Contempor\u00e1neo<\/h5>\t\t\t\t<\/div>\n\t\t\t\t<\/div>\n\t\t\t\t<div class=\"elementor-element elementor-element-c15adde elementor-widget elementor-widget-audio\" data-id=\"c15adde\" data-element_type=\"widget\" data-e-type=\"widget\" data-widget_type=\"audio.default\">\n\t\t\t\t<div class=\"elementor-widget-container\">\n\t\t\t\t\t\t\t\t<div class=\"elementor-soundcloud-wrapper\">\n\t\t\t\t<iframe width=\"100%\" height=\"152\" frameborder=\"0\" allowfullscreen allow=\"autoplay; clipboard-write; encrypted-media; fullscreen; picture-in-picture\" loading=\"lazy\" src=\"https:\/\/open.spotify.com\/embed\/episode\/0eCxC2LeJdjEndLKB1isqG?go=1&#038;utm_source=oembed&#038;t=0&#038;nd=1&#038;auto_play=false&#038;buying=true&#038;liking=true&#038;download=true&#038;sharing=true&#038;show_comments=true&#038;show_playcount=true&#038;show_user=true&#038;show_artwork=true&#038;color\"><\/iframe>\t\t\t<\/div>\n\t\t\t\t\t\t\t<\/div>\n\t\t\t\t<\/div>\n\t\t\t\t<div class=\"elementor-element elementor-element-27498d5 elementor-widget elementor-widget-text-editor\" data-id=\"27498d5\" data-element_type=\"widget\" data-e-type=\"widget\" data-widget_type=\"text-editor.default\">\n\t\t\t\t<div class=\"elementor-widget-container\">\n\t\t\t\t\t\t\t\t\t<p>Text by: @hombresurreal<br \/><br \/>Find out more about this project:<br \/>Facebook:\u00a0<a href=\"https:\/\/www.facebook.com\/MuseoDelObjetoContemporaneoMoc\" target=\"_blank\" rel=\"noopener\">\/MuseoDelObjetoContemporaneoMoc<\/a><br \/>Instagram:\u00a0@mocmuseodelobjetocontemporaneo<\/p>\t\t\t\t\t\t\t\t<\/div>\n\t\t\t\t<\/div>\n\t\t\t\t<div class=\"elementor-element elementor-element-4d59995 elementor-widget elementor-widget-text-editor\" data-id=\"4d59995\" data-element_type=\"widget\" data-e-type=\"widget\" data-widget_type=\"text-editor.default\">\n\t\t\t\t<div class=\"elementor-widget-container\">\n\t\t\t\t\t\t\t\t\t<p>Laura Andreoni, Virginia Corda, Paula Doberti, Luis Espinosa, Luj\u00e1n Funes and Juan Carlos Romero, artists at the Museo del Objeto Contempor\u00e1neo (Museum of the Contemporary Object, MOC), generate collections of objects in different ways. The MOC researches and exhibits works by artists that register, collect and archive very different materials. Born in 2009, this is a museum lacking a headquarters, legal status, certification or staff. According to its members, it can be conceived as a conceptual artwork: a fictional museum where a distinctive way of understanding the world of objects is developed.<\/p>\t\t\t\t\t\t\t\t<\/div>\n\t\t\t\t<\/div>\n\t\t\t\t<div class=\"elementor-element elementor-element-bdf15ba elementor-widget elementor-widget-image\" data-id=\"bdf15ba\" data-element_type=\"widget\" data-e-type=\"widget\" data-widget_type=\"image.default\">\n\t\t\t\t<div class=\"elementor-widget-container\">\n\t\t\t\t\t\t\t\t\t\t\t\t\t\t\t<img loading=\"lazy\" decoding=\"async\" width=\"419\" height=\"549\" src=\"https:\/\/museomoderno.org\/wp-content\/uploads\/2020\/12\/Captura-de-Pantalla-2020-08-05-a-las-14.01.24.png\" class=\"attachment-full size-full wp-image-2530\" alt=\"\" srcset=\"https:\/\/museomoderno.org\/wp-content\/uploads\/2020\/12\/Captura-de-Pantalla-2020-08-05-a-las-14.01.24.png 419w, https:\/\/museomoderno.org\/wp-content\/uploads\/2020\/12\/Captura-de-Pantalla-2020-08-05-a-las-14.01.24-229x300.png 229w\" sizes=\"(max-width: 419px) 100vw, 419px\" \/>\t\t\t\t\t\t\t\t\t\t\t\t\t\t\t<\/div>\n\t\t\t\t<\/div>\n\t\t\t\t\t<\/div>\n\t\t<\/div>\n\t\t\t\t<div class=\"elementor-column elementor-col-50 elementor-top-column elementor-element elementor-element-e0d216b\" data-id=\"e0d216b\" data-element_type=\"column\" data-e-type=\"column\">\n\t\t\t<div class=\"elementor-widget-wrap elementor-element-populated\">\n\t\t\t\t\t\t<div class=\"elementor-element elementor-element-a70fa60 elementor-widget elementor-widget-image\" data-id=\"a70fa60\" data-element_type=\"widget\" data-e-type=\"widget\" data-widget_type=\"image.default\">\n\t\t\t\t<div class=\"elementor-widget-container\">\n\t\t\t\t\t\t\t\t\t\t\t\t\t\t\t<img loading=\"lazy\" decoding=\"async\" width=\"453\" height=\"643\" src=\"https:\/\/museomoderno.org\/wp-content\/uploads\/2020\/12\/Captura-de-Pantalla-2020-08-05-a-las-14.01.04.png\" class=\"attachment-full size-full wp-image-2531\" alt=\"\" srcset=\"https:\/\/museomoderno.org\/wp-content\/uploads\/2020\/12\/Captura-de-Pantalla-2020-08-05-a-las-14.01.04.png 453w, https:\/\/museomoderno.org\/wp-content\/uploads\/2020\/12\/Captura-de-Pantalla-2020-08-05-a-las-14.01.04-211x300.png 211w\" sizes=\"(max-width: 453px) 100vw, 453px\" \/>\t\t\t\t\t\t\t\t\t\t\t\t\t\t\t<\/div>\n\t\t\t\t<\/div>\n\t\t\t\t<div class=\"elementor-element elementor-element-d800693 elementor-widget elementor-widget-image\" data-id=\"d800693\" data-element_type=\"widget\" data-e-type=\"widget\" data-widget_type=\"image.default\">\n\t\t\t\t<div class=\"elementor-widget-container\">\n\t\t\t\t\t\t\t\t\t\t\t\t\t\t\t<img loading=\"lazy\" decoding=\"async\" width=\"849\" height=\"510\" src=\"https:\/\/museomoderno.org\/wp-content\/uploads\/2020\/12\/Captura-de-Pantalla-2020-08-05-a-las-14.00.29.png\" class=\"attachment-full size-full wp-image-2532\" alt=\"\" srcset=\"https:\/\/museomoderno.org\/wp-content\/uploads\/2020\/12\/Captura-de-Pantalla-2020-08-05-a-las-14.00.29.png 849w, https:\/\/museomoderno.org\/wp-content\/uploads\/2020\/12\/Captura-de-Pantalla-2020-08-05-a-las-14.00.29-300x180.png 300w, https:\/\/museomoderno.org\/wp-content\/uploads\/2020\/12\/Captura-de-Pantalla-2020-08-05-a-las-14.00.29-768x461.png 768w\" sizes=\"(max-width: 849px) 100vw, 849px\" \/>\t\t\t\t\t\t\t\t\t\t\t\t\t\t\t<\/div>\n\t\t\t\t<\/div>\n\t\t\t\t<div class=\"elementor-element elementor-element-43202e7 elementor-widget elementor-widget-text-editor\" data-id=\"43202e7\" data-element_type=\"widget\" data-e-type=\"widget\" data-widget_type=\"text-editor.default\">\n\t\t\t\t<div class=\"elementor-widget-container\">\n\t\t\t\t\t\t\t\t\t<p>Images: Imaged from the archive of the Museo del Objeto Contempor\u00e1neo<\/p>\t\t\t\t\t\t\t\t<\/div>\n\t\t\t\t<\/div>\n\t\t\t\t\t<\/div>\n\t\t<\/div>\n\t\t\t\t\t<\/div>\n\t\t<\/section>\n\t\t\t\t<section class=\"elementor-section elementor-top-section elementor-element elementor-element-a0dcb0b elementor-section-boxed elementor-section-height-default elementor-section-height-default\" data-id=\"a0dcb0b\" data-element_type=\"section\" data-e-type=\"section\">\n\t\t\t\t\t\t<div class=\"elementor-container elementor-column-gap-default\">\n\t\t\t\t\t<div class=\"elementor-column elementor-col-50 elementor-top-column elementor-element elementor-element-70db4fc\" data-id=\"70db4fc\" data-element_type=\"column\" data-e-type=\"column\">\n\t\t\t<div class=\"elementor-widget-wrap elementor-element-populated\">\n\t\t\t\t\t\t<div class=\"elementor-element elementor-element-0905abb elementor-widget elementor-widget-heading\" data-id=\"0905abb\" data-element_type=\"widget\" data-e-type=\"widget\" data-widget_type=\"heading.default\">\n\t\t\t\t<div class=\"elementor-widget-container\">\n\t\t\t\t\t<h5 class=\"elementor-heading-title elementor-size-default\">Chapter 8 | ORILLA (SHORE) | Orilleres<\/h5>\t\t\t\t<\/div>\n\t\t\t\t<\/div>\n\t\t\t\t<div class=\"elementor-element elementor-element-34513c9 elementor-widget elementor-widget-audio\" data-id=\"34513c9\" data-element_type=\"widget\" data-e-type=\"widget\" data-widget_type=\"audio.default\">\n\t\t\t\t<div class=\"elementor-widget-container\">\n\t\t\t\t\t\t\t\t<div class=\"elementor-soundcloud-wrapper\">\n\t\t\t\t<iframe width=\"100%\" height=\"152\" frameborder=\"0\" allowfullscreen allow=\"autoplay; clipboard-write; encrypted-media; fullscreen; picture-in-picture\" loading=\"lazy\" src=\"https:\/\/open.spotify.com\/embed\/episode\/5MnBzFBo6qFn9CKAgUvCu7?go=1&#038;utm_source=oembed&#038;t=0&#038;nd=1&#038;auto_play=false&#038;buying=true&#038;liking=true&#038;download=true&#038;sharing=true&#038;show_comments=true&#038;show_playcount=true&#038;show_user=true&#038;show_artwork=true&#038;color\"><\/iframe>\t\t\t<\/div>\n\t\t\t\t\t\t\t<\/div>\n\t\t\t\t<\/div>\n\t\t\t\t<div class=\"elementor-element elementor-element-91e0955 elementor-widget elementor-widget-text-editor\" data-id=\"91e0955\" data-element_type=\"widget\" data-e-type=\"widget\" data-widget_type=\"text-editor.default\">\n\t\t\t\t<div class=\"elementor-widget-container\">\n\t\t\t\t\t\t\t\t\t<p>Text by: @hombresurreal<br \/><br \/>Find out more about this project:<br \/>Facebook:\u00a0<a href=\"https:\/\/www.facebook.com\/Orilleres\/?ref=settings\" target=\"_blank\" rel=\"noopener\">\/Orilleres\/<\/a><br \/>Instagram: @orilleras_feminismopopular\u00a0<\/p>\t\t\t\t\t\t\t\t<\/div>\n\t\t\t\t<\/div>\n\t\t\t\t<div class=\"elementor-element elementor-element-d8c75ef elementor-widget elementor-widget-text-editor\" data-id=\"d8c75ef\" data-element_type=\"widget\" data-e-type=\"widget\" data-widget_type=\"text-editor.default\">\n\t\t\t\t<div class=\"elementor-widget-container\">\n\t\t\t\t\t\t\t\t\t<p>Orilleres is a cultural group dedicated to advocacy and social organization through artistic work. Made up of artists from Villa 21\/24, from the Buenos Aires neighbourhood of Barracas, it is an autonomous, working class group that practices feminist serigraphy that creates its own designs to communicate its cause and organization in addition to raising awareness of social problems. It also develops the space \u2018J\u00f3venes y memoria\u2019 (Young People and Memory) working with socially vulnerable children from the neighbourhood.<\/p>\t\t\t\t\t\t\t\t<\/div>\n\t\t\t\t<\/div>\n\t\t\t\t<div class=\"elementor-element elementor-element-64527c5 elementor-widget elementor-widget-image\" data-id=\"64527c5\" data-element_type=\"widget\" data-e-type=\"widget\" data-widget_type=\"image.default\">\n\t\t\t\t<div class=\"elementor-widget-container\">\n\t\t\t\t\t\t\t\t\t\t\t\t\t\t\t<img loading=\"lazy\" decoding=\"async\" width=\"715\" height=\"549\" src=\"https:\/\/museomoderno.org\/wp-content\/uploads\/2020\/12\/Captura-de-Pantalla-2020-08-05-a-las-14.15.41.png\" class=\"attachment-full size-full wp-image-2536\" alt=\"\" srcset=\"https:\/\/museomoderno.org\/wp-content\/uploads\/2020\/12\/Captura-de-Pantalla-2020-08-05-a-las-14.15.41.png 715w, https:\/\/museomoderno.org\/wp-content\/uploads\/2020\/12\/Captura-de-Pantalla-2020-08-05-a-las-14.15.41-300x230.png 300w\" sizes=\"(max-width: 715px) 100vw, 715px\" \/>\t\t\t\t\t\t\t\t\t\t\t\t\t\t\t<\/div>\n\t\t\t\t<\/div>\n\t\t\t\t\t<\/div>\n\t\t<\/div>\n\t\t\t\t<div class=\"elementor-column elementor-col-50 elementor-top-column elementor-element elementor-element-3927790\" data-id=\"3927790\" data-element_type=\"column\" data-e-type=\"column\">\n\t\t\t<div class=\"elementor-widget-wrap elementor-element-populated\">\n\t\t\t\t\t\t<div class=\"elementor-element elementor-element-c73aab3 elementor-widget elementor-widget-image\" data-id=\"c73aab3\" data-element_type=\"widget\" data-e-type=\"widget\" data-widget_type=\"image.default\">\n\t\t\t\t<div class=\"elementor-widget-container\">\n\t\t\t\t\t\t\t\t\t\t\t\t\t\t\t<img loading=\"lazy\" decoding=\"async\" width=\"937\" height=\"630\" src=\"https:\/\/museomoderno.org\/wp-content\/uploads\/2020\/12\/Captura-de-Pantalla-2020-08-05-a-las-14.16.13.png\" class=\"attachment-full size-full wp-image-2537\" alt=\"\" srcset=\"https:\/\/museomoderno.org\/wp-content\/uploads\/2020\/12\/Captura-de-Pantalla-2020-08-05-a-las-14.16.13.png 937w, https:\/\/museomoderno.org\/wp-content\/uploads\/2020\/12\/Captura-de-Pantalla-2020-08-05-a-las-14.16.13-300x202.png 300w, https:\/\/museomoderno.org\/wp-content\/uploads\/2020\/12\/Captura-de-Pantalla-2020-08-05-a-las-14.16.13-768x516.png 768w\" sizes=\"(max-width: 937px) 100vw, 937px\" \/>\t\t\t\t\t\t\t\t\t\t\t\t\t\t\t<\/div>\n\t\t\t\t<\/div>\n\t\t\t\t<div class=\"elementor-element elementor-element-45c3bd7 elementor-widget elementor-widget-image\" data-id=\"45c3bd7\" data-element_type=\"widget\" data-e-type=\"widget\" data-widget_type=\"image.default\">\n\t\t\t\t<div class=\"elementor-widget-container\">\n\t\t\t\t\t\t\t\t\t\t\t\t\t\t\t<img loading=\"lazy\" decoding=\"async\" width=\"692\" height=\"515\" src=\"https:\/\/museomoderno.org\/wp-content\/uploads\/2020\/12\/Captura-de-Pantalla-2020-08-05-a-las-14.16.00.png\" class=\"attachment-full size-full wp-image-2538\" alt=\"\" srcset=\"https:\/\/museomoderno.org\/wp-content\/uploads\/2020\/12\/Captura-de-Pantalla-2020-08-05-a-las-14.16.00.png 692w, https:\/\/museomoderno.org\/wp-content\/uploads\/2020\/12\/Captura-de-Pantalla-2020-08-05-a-las-14.16.00-300x223.png 300w\" sizes=\"(max-width: 692px) 100vw, 692px\" \/>\t\t\t\t\t\t\t\t\t\t\t\t\t\t\t<\/div>\n\t\t\t\t<\/div>\n\t\t\t\t<div class=\"elementor-element elementor-element-4ebc3b9 elementor-widget elementor-widget-text-editor\" data-id=\"4ebc3b9\" data-element_type=\"widget\" data-e-type=\"widget\" data-widget_type=\"text-editor.default\">\n\t\t\t\t<div class=\"elementor-widget-container\">\n\t\t\t\t\t\t\t\t\t<p>Im\u00e1genes: Im\u00e1genes pertenecientes al archivo del Museo del Objeto<br \/>Contempor\u00e1neo<\/p>\t\t\t\t\t\t\t\t<\/div>\n\t\t\t\t<\/div>\n\t\t\t\t\t<\/div>\n\t\t<\/div>\n\t\t\t\t\t<\/div>\n\t\t<\/section>\n\t\t\t\t<section class=\"elementor-section elementor-top-section elementor-element elementor-element-708b98e elementor-section-boxed elementor-section-height-default elementor-section-height-default\" data-id=\"708b98e\" data-element_type=\"section\" data-e-type=\"section\">\n\t\t\t\t\t\t<div class=\"elementor-container elementor-column-gap-default\">\n\t\t\t\t\t<div class=\"elementor-column elementor-col-50 elementor-top-column elementor-element elementor-element-8f1bfa7\" data-id=\"8f1bfa7\" data-element_type=\"column\" data-e-type=\"column\">\n\t\t\t<div class=\"elementor-widget-wrap elementor-element-populated\">\n\t\t\t\t\t\t<div class=\"elementor-element elementor-element-20dae1b elementor-widget elementor-widget-heading\" data-id=\"20dae1b\" data-element_type=\"widget\" data-e-type=\"widget\" data-widget_type=\"heading.default\">\n\t\t\t\t<div class=\"elementor-widget-container\">\n\t\t\t\t\t<h5 class=\"elementor-heading-title elementor-size-default\">Chapter 9 | RANCHAR (WANDERING)| Barrio sin Plaza<\/h5>\t\t\t\t<\/div>\n\t\t\t\t<\/div>\n\t\t\t\t<div class=\"elementor-element elementor-element-94e3207 elementor-widget elementor-widget-audio\" data-id=\"94e3207\" data-element_type=\"widget\" data-e-type=\"widget\" data-widget_type=\"audio.default\">\n\t\t\t\t<div class=\"elementor-widget-container\">\n\t\t\t\t\t\t\t\t<div class=\"elementor-soundcloud-wrapper\">\n\t\t\t\t<iframe width=\"100%\" height=\"152\" frameborder=\"0\" allowfullscreen allow=\"autoplay; clipboard-write; encrypted-media; fullscreen; picture-in-picture\" loading=\"lazy\" src=\"https:\/\/open.spotify.com\/embed\/episode\/3nPnd1wED6POPQbUbGWBgu?go=1&#038;utm_source=oembed&#038;t=0&#038;nd=1&#038;auto_play=false&#038;buying=true&#038;liking=true&#038;download=true&#038;sharing=true&#038;show_comments=true&#038;show_playcount=true&#038;show_user=true&#038;show_artwork=true&#038;color\"><\/iframe>\t\t\t<\/div>\n\t\t\t\t\t\t\t<\/div>\n\t\t\t\t<\/div>\n\t\t\t\t<div class=\"elementor-element elementor-element-2239932 elementor-widget elementor-widget-text-editor\" data-id=\"2239932\" data-element_type=\"widget\" data-e-type=\"widget\" data-widget_type=\"text-editor.default\">\n\t\t\t\t<div class=\"elementor-widget-container\">\n\t\t\t\t\t\t\t\t\t<p>Edici\u00f3n: @hombresurreal<\/p>\t\t\t\t\t\t\t\t<\/div>\n\t\t\t\t<\/div>\n\t\t\t\t<div class=\"elementor-element elementor-element-2aff713 elementor-widget elementor-widget-text-editor\" data-id=\"2aff713\" data-element_type=\"widget\" data-e-type=\"widget\" data-widget_type=\"text-editor.default\">\n\t\t\t\t<div class=\"elementor-widget-container\">\n\t\t\t\t\t\t\t\t\t<p>Barrio sin Plaza is a contemporary art collective founded by Ariana Beilis and Malcon D\u2019Stefano. It works with public spaces in the Villa del Parque neighbourhood of the City of Santa Fe. Their artworks arise out of collaborative work between artists, cultural managers, neighbours and local institutions. Since 2017 it has run \u2018A la Cal\u2019, a nomadic exhibition space run in public spaces. The collective was declared to be of Interest by the local Council and the House of Representatives of the Province of Santa Fe, for its non-profit regional work and cultural administration. It has also received numerous distinctions and grants from provincial and national institutions.<\/p>\t\t\t\t\t\t\t\t<\/div>\n\t\t\t\t<\/div>\n\t\t\t\t<div class=\"elementor-element elementor-element-781146e elementor-widget elementor-widget-image\" data-id=\"781146e\" data-element_type=\"widget\" data-e-type=\"widget\" data-widget_type=\"image.default\">\n\t\t\t\t<div class=\"elementor-widget-container\">\n\t\t\t\t\t\t\t\t\t\t\t\t\t\t\t<img loading=\"lazy\" decoding=\"async\" width=\"1319\" height=\"630\" src=\"https:\/\/museomoderno.org\/wp-content\/uploads\/2020\/12\/Captura-de-Pantalla-2020-08-05-a-las-14.30.49.png\" class=\"attachment-full size-full wp-image-2542\" alt=\"\" srcset=\"https:\/\/museomoderno.org\/wp-content\/uploads\/2020\/12\/Captura-de-Pantalla-2020-08-05-a-las-14.30.49.png 1319w, https:\/\/museomoderno.org\/wp-content\/uploads\/2020\/12\/Captura-de-Pantalla-2020-08-05-a-las-14.30.49-300x143.png 300w, https:\/\/museomoderno.org\/wp-content\/uploads\/2020\/12\/Captura-de-Pantalla-2020-08-05-a-las-14.30.49-1024x489.png 1024w, https:\/\/museomoderno.org\/wp-content\/uploads\/2020\/12\/Captura-de-Pantalla-2020-08-05-a-las-14.30.49-768x367.png 768w\" sizes=\"(max-width: 1319px) 100vw, 1319px\" \/>\t\t\t\t\t\t\t\t\t\t\t\t\t\t\t<\/div>\n\t\t\t\t<\/div>\n\t\t\t\t<div class=\"elementor-element elementor-element-3b8101c elementor-widget elementor-widget-text-editor\" data-id=\"3b8101c\" data-element_type=\"widget\" data-e-type=\"widget\" data-widget_type=\"text-editor.default\">\n\t\t\t\t<div class=\"elementor-widget-container\">\n\t\t\t\t\t\t\t\t\t<p>Opening of Sound Emplacement. Day Centre in the Villa del Parque<br \/>neighbourhood, September 2017. Photography: Colectivo Barrio sin<br \/>Plaza archive.<\/p>\t\t\t\t\t\t\t\t<\/div>\n\t\t\t\t<\/div>\n\t\t\t\t\t<\/div>\n\t\t<\/div>\n\t\t\t\t<div class=\"elementor-column elementor-col-50 elementor-top-column elementor-element elementor-element-b482a3c\" data-id=\"b482a3c\" data-element_type=\"column\" data-e-type=\"column\">\n\t\t\t<div class=\"elementor-widget-wrap elementor-element-populated\">\n\t\t\t\t\t\t<div class=\"elementor-element elementor-element-967c18b elementor-widget elementor-widget-image\" data-id=\"967c18b\" data-element_type=\"widget\" data-e-type=\"widget\" data-widget_type=\"image.default\">\n\t\t\t\t<div class=\"elementor-widget-container\">\n\t\t\t\t\t\t\t\t\t\t\t\t\t\t\t<img loading=\"lazy\" decoding=\"async\" width=\"937\" height=\"630\" src=\"https:\/\/museomoderno.org\/wp-content\/uploads\/2020\/12\/Captura-de-Pantalla-2020-08-05-a-las-14.30.29.png\" class=\"attachment-full size-full wp-image-2543\" alt=\"\" srcset=\"https:\/\/museomoderno.org\/wp-content\/uploads\/2020\/12\/Captura-de-Pantalla-2020-08-05-a-las-14.30.29.png 937w, https:\/\/museomoderno.org\/wp-content\/uploads\/2020\/12\/Captura-de-Pantalla-2020-08-05-a-las-14.30.29-300x202.png 300w, https:\/\/museomoderno.org\/wp-content\/uploads\/2020\/12\/Captura-de-Pantalla-2020-08-05-a-las-14.30.29-768x516.png 768w\" sizes=\"(max-width: 937px) 100vw, 937px\" \/>\t\t\t\t\t\t\t\t\t\t\t\t\t\t\t<\/div>\n\t\t\t\t<\/div>\n\t\t\t\t<div class=\"elementor-element elementor-element-837e872 elementor-widget elementor-widget-text-editor\" data-id=\"837e872\" data-element_type=\"widget\" data-e-type=\"widget\" data-widget_type=\"text-editor.default\">\n\t\t\t\t<div class=\"elementor-widget-container\">\n\t\t\t\t\t\t\t\t\t<p>Exercises to acknowledge absences, an exhibition by Mauricio Pobletecon<br \/>curated by Cintia Clara Romero, April 2018. Photography: Mailen Bargerter.<\/p>\t\t\t\t\t\t\t\t<\/div>\n\t\t\t\t<\/div>\n\t\t\t\t<div class=\"elementor-element elementor-element-81f1074 elementor-widget elementor-widget-image\" data-id=\"81f1074\" data-element_type=\"widget\" data-e-type=\"widget\" data-widget_type=\"image.default\">\n\t\t\t\t<div class=\"elementor-widget-container\">\n\t\t\t\t\t\t\t\t\t\t\t\t\t\t\t<img loading=\"lazy\" decoding=\"async\" width=\"937\" height=\"630\" src=\"https:\/\/museomoderno.org\/wp-content\/uploads\/2020\/12\/Captura-de-Pantalla-2020-08-05-a-las-14.30.21.png\" class=\"attachment-full size-full wp-image-2544\" alt=\"\" srcset=\"https:\/\/museomoderno.org\/wp-content\/uploads\/2020\/12\/Captura-de-Pantalla-2020-08-05-a-las-14.30.21.png 937w, https:\/\/museomoderno.org\/wp-content\/uploads\/2020\/12\/Captura-de-Pantalla-2020-08-05-a-las-14.30.21-300x202.png 300w, https:\/\/museomoderno.org\/wp-content\/uploads\/2020\/12\/Captura-de-Pantalla-2020-08-05-a-las-14.30.21-768x516.png 768w\" sizes=\"(max-width: 937px) 100vw, 937px\" \/>\t\t\t\t\t\t\t\t\t\t\t\t\t\t\t<\/div>\n\t\t\t\t<\/div>\n\t\t\t\t<div class=\"elementor-element elementor-element-e609464 elementor-widget elementor-widget-text-editor\" data-id=\"e609464\" data-element_type=\"widget\" data-e-type=\"widget\" data-widget_type=\"text-editor.default\">\n\t\t\t\t<div class=\"elementor-widget-container\">\n\t\t\t\t\t\t\t\t\t<p>Exhibition of Heritage by MPBA Rosa Galisteo de Rodr\u00edguez in the<br \/>Neighbourhood Association of Villa del Parque as part of the Trueque artwork,<br \/>October 2018. Photography: Colectivo Barrio sin Plaza Archive.<\/p>\t\t\t\t\t\t\t\t<\/div>\n\t\t\t\t<\/div>\n\t\t\t\t\t<\/div>\n\t\t<\/div>\n\t\t\t\t\t<\/div>\n\t\t<\/section>\n\t\t\t\t<section class=\"elementor-section elementor-top-section elementor-element elementor-element-a60d650 elementor-section-boxed elementor-section-height-default elementor-section-height-default\" data-id=\"a60d650\" data-element_type=\"section\" data-e-type=\"section\">\n\t\t\t\t\t\t<div class=\"elementor-container elementor-column-gap-default\">\n\t\t\t\t\t<div class=\"elementor-column elementor-col-50 elementor-top-column elementor-element elementor-element-7ed7970\" data-id=\"7ed7970\" data-element_type=\"column\" data-e-type=\"column\">\n\t\t\t<div class=\"elementor-widget-wrap elementor-element-populated\">\n\t\t\t\t\t\t<div class=\"elementor-element elementor-element-317e97d elementor-widget elementor-widget-heading\" data-id=\"317e97d\" data-element_type=\"widget\" data-e-type=\"widget\" data-widget_type=\"heading.default\">\n\t\t\t\t<div class=\"elementor-widget-container\">\n\t\t\t\t\t<h5 class=\"elementor-heading-title elementor-size-default\">Chapter 10 | SENTIDO (SENSE) | Taller de Pintura de\nla Residencia Balcarce de PAMI<\/h5>\t\t\t\t<\/div>\n\t\t\t\t<\/div>\n\t\t\t\t<div class=\"elementor-element elementor-element-7813c26 elementor-widget elementor-widget-audio\" data-id=\"7813c26\" data-element_type=\"widget\" data-e-type=\"widget\" data-widget_type=\"audio.default\">\n\t\t\t\t<div class=\"elementor-widget-container\">\n\t\t\t\t\t\t\t\t<div class=\"elementor-soundcloud-wrapper\">\n\t\t\t\t<iframe width=\"100%\" height=\"152\" frameborder=\"0\" allowfullscreen allow=\"autoplay; clipboard-write; encrypted-media; fullscreen; picture-in-picture\" loading=\"lazy\" src=\"https:\/\/open.spotify.com\/embed\/episode\/3HeHfAzroriEi1ahWZirmg?go=1&#038;utm_source=oembed&#038;t=0&#038;nd=1&#038;auto_play=false&#038;buying=true&#038;liking=true&#038;download=true&#038;sharing=true&#038;show_comments=true&#038;show_playcount=true&#038;show_user=true&#038;show_artwork=true&#038;color\"><\/iframe>\t\t\t<\/div>\n\t\t\t\t\t\t\t<\/div>\n\t\t\t\t<\/div>\n\t\t\t\t<div class=\"elementor-element elementor-element-17cae0b elementor-widget elementor-widget-text-editor\" data-id=\"17cae0b\" data-element_type=\"widget\" data-e-type=\"widget\" data-widget_type=\"text-editor.default\">\n\t\t\t\t<div class=\"elementor-widget-container\">\n\t\t\t\t\t\t\t\t\t<p>Edici\u00f3n: @hombresurreal<\/p>\t\t\t\t\t\t\t\t<\/div>\n\t\t\t\t<\/div>\n\t\t\t\t<div class=\"elementor-element elementor-element-f581333 elementor-widget elementor-widget-text-editor\" data-id=\"f581333\" data-element_type=\"widget\" data-e-type=\"widget\" data-widget_type=\"text-editor.default\">\n\t\t\t\t<div class=\"elementor-widget-container\">\n\t\t\t\t\t\t\t\t\t<p>This community project is a collective creative space created and shared by Anita, one of the residents, who took part in \u2018Caleidoscopio\u2019, a workshop given at the Museo de Arte Moderno. Following this experience, Anita began her own at the PAMI Balcarce Residence, to share her practices with her fellow residents. Since then, the museum has run an Artists\u2019 Programme developed specifically by the Communities Section in the Education Department run within the Residence consisting of monthly meetings where a contemporary artist is invited to offer new perspectives and exchanges between different disciplines.<\/p>\t\t\t\t\t\t\t\t<\/div>\n\t\t\t\t<\/div>\n\t\t\t\t<div class=\"elementor-element elementor-element-6374d70 elementor-widget elementor-widget-image\" data-id=\"6374d70\" data-element_type=\"widget\" data-e-type=\"widget\" data-widget_type=\"image.default\">\n\t\t\t\t<div class=\"elementor-widget-container\">\n\t\t\t\t\t\t\t\t\t\t\t\t\t\t\t<img loading=\"lazy\" decoding=\"async\" width=\"418\" height=\"580\" src=\"https:\/\/museomoderno.org\/wp-content\/uploads\/2020\/12\/Captura-de-Pantalla-2020-08-05-a-las-14.34.32.png\" class=\"attachment-full size-full wp-image-2548\" alt=\"\" srcset=\"https:\/\/museomoderno.org\/wp-content\/uploads\/2020\/12\/Captura-de-Pantalla-2020-08-05-a-las-14.34.32.png 418w, https:\/\/museomoderno.org\/wp-content\/uploads\/2020\/12\/Captura-de-Pantalla-2020-08-05-a-las-14.34.32-216x300.png 216w\" sizes=\"(max-width: 418px) 100vw, 418px\" \/>\t\t\t\t\t\t\t\t\t\t\t\t\t\t\t<\/div>\n\t\t\t\t<\/div>\n\t\t\t\t\t<\/div>\n\t\t<\/div>\n\t\t\t\t<div class=\"elementor-column elementor-col-50 elementor-top-column elementor-element elementor-element-7d8e1c0\" data-id=\"7d8e1c0\" data-element_type=\"column\" data-e-type=\"column\">\n\t\t\t<div class=\"elementor-widget-wrap elementor-element-populated\">\n\t\t\t\t\t\t<div class=\"elementor-element elementor-element-d891bf7 elementor-widget elementor-widget-image\" data-id=\"d891bf7\" data-element_type=\"widget\" data-e-type=\"widget\" data-widget_type=\"image.default\">\n\t\t\t\t<div class=\"elementor-widget-container\">\n\t\t\t\t\t\t\t\t\t\t\t\t\t\t\t<img loading=\"lazy\" decoding=\"async\" width=\"418\" height=\"637\" src=\"https:\/\/museomoderno.org\/wp-content\/uploads\/2020\/12\/Captura-de-Pantalla-2020-08-05-a-las-14.34.16.png\" class=\"attachment-full size-full wp-image-2549\" alt=\"\" srcset=\"https:\/\/museomoderno.org\/wp-content\/uploads\/2020\/12\/Captura-de-Pantalla-2020-08-05-a-las-14.34.16.png 418w, https:\/\/museomoderno.org\/wp-content\/uploads\/2020\/12\/Captura-de-Pantalla-2020-08-05-a-las-14.34.16-197x300.png 197w\" sizes=\"(max-width: 418px) 100vw, 418px\" \/>\t\t\t\t\t\t\t\t\t\t\t\t\t\t\t<\/div>\n\t\t\t\t<\/div>\n\t\t\t\t<div class=\"elementor-element elementor-element-6bf9c29 elementor-widget elementor-widget-image\" data-id=\"6bf9c29\" data-element_type=\"widget\" data-e-type=\"widget\" data-widget_type=\"image.default\">\n\t\t\t\t<div class=\"elementor-widget-container\">\n\t\t\t\t\t\t\t\t\t\t\t\t\t\t\t<img loading=\"lazy\" decoding=\"async\" width=\"676\" height=\"580\" src=\"https:\/\/museomoderno.org\/wp-content\/uploads\/2020\/12\/Captura-de-Pantalla-2020-08-05-a-las-14.34.49.png\" class=\"attachment-full size-full wp-image-2550\" alt=\"\" srcset=\"https:\/\/museomoderno.org\/wp-content\/uploads\/2020\/12\/Captura-de-Pantalla-2020-08-05-a-las-14.34.49.png 676w, https:\/\/museomoderno.org\/wp-content\/uploads\/2020\/12\/Captura-de-Pantalla-2020-08-05-a-las-14.34.49-300x257.png 300w\" sizes=\"(max-width: 676px) 100vw, 676px\" \/>\t\t\t\t\t\t\t\t\t\t\t\t\t\t\t<\/div>\n\t\t\t\t<\/div>\n\t\t\t\t<div class=\"elementor-element elementor-element-b4122e4 elementor-widget elementor-widget-text-editor\" data-id=\"b4122e4\" data-element_type=\"widget\" data-e-type=\"widget\" data-widget_type=\"text-editor.default\">\n\t\t\t\t<div class=\"elementor-widget-container\">\n\t\t\t\t\t\t\t\t\t<p>Documentation of workshops run by the Artists\u2019 Programme at the PAMI<br \/>Balcarce Residence organized by Catalina Bartolom\u00e9 and Juan Puerto.<br \/>Photography by Guido Limardo.<\/p>\t\t\t\t\t\t\t\t<\/div>\n\t\t\t\t<\/div>\n\t\t\t\t\t<\/div>\n\t\t<\/div>\n\t\t\t\t\t<\/div>\n\t\t<\/section>\n\t\t\t\t<section class=\"elementor-section elementor-top-section elementor-element elementor-element-4272679 elementor-section-content-middle elementor-section-boxed elementor-section-height-default elementor-section-height-default\" data-id=\"4272679\" data-element_type=\"section\" data-e-type=\"section\">\n\t\t\t\t\t\t<div class=\"elementor-container elementor-column-gap-default\">\n\t\t\t\t\t<div class=\"elementor-column elementor-col-100 elementor-top-column elementor-element elementor-element-74f91ae\" data-id=\"74f91ae\" data-element_type=\"column\" data-e-type=\"column\">\n\t\t\t<div class=\"elementor-widget-wrap elementor-element-populated\">\n\t\t\t\t\t\t<section class=\"elementor-section elementor-inner-section elementor-element elementor-element-21e4102 elementor-section-full_width elementor-section-content-middle elementor-section-height-default elementor-section-height-default\" data-id=\"21e4102\" data-element_type=\"section\" data-e-type=\"section\" data-settings=\"{&quot;background_background&quot;:&quot;gradient&quot;}\">\n\t\t\t\t\t\t<div class=\"elementor-container elementor-column-gap-default\">\n\t\t\t\t\t<div class=\"elementor-column elementor-col-50 elementor-inner-column elementor-element elementor-element-909a9d8\" data-id=\"909a9d8\" data-element_type=\"column\" data-e-type=\"column\">\n\t\t\t<div class=\"elementor-widget-wrap elementor-element-populated\">\n\t\t\t\t\t\t<div class=\"elementor-element elementor-element-c25842e elementor-widget elementor-widget-heading\" data-id=\"c25842e\" data-element_type=\"widget\" data-e-type=\"widget\" data-widget_type=\"heading.default\">\n\t\t\t\t<div class=\"elementor-widget-container\">\n\t\t\t\t\t<h2 class=\"elementor-heading-title elementor-size-default\">TEACHERS' HANDLEBOOK\n<\/h2>\t\t\t\t<\/div>\n\t\t\t\t<\/div>\n\t\t\t\t\t<\/div>\n\t\t<\/div>\n\t\t\t\t<div class=\"elementor-column elementor-col-50 elementor-inner-column elementor-element elementor-element-fe319b5\" data-id=\"fe319b5\" data-element_type=\"column\" data-e-type=\"column\">\n\t\t\t<div class=\"elementor-widget-wrap elementor-element-populated\">\n\t\t\t\t\t\t<div class=\"elementor-element elementor-element-95d0235 elementor-widget elementor-widget-image\" data-id=\"95d0235\" data-element_type=\"widget\" data-e-type=\"widget\" data-widget_type=\"image.default\">\n\t\t\t\t<div class=\"elementor-widget-container\">\n\t\t\t\t\t\t\t\t\t\t\t\t\t\t\t<img loading=\"lazy\" decoding=\"async\" width=\"641\" height=\"338\" src=\"https:\/\/museomoderno.org\/wp-content\/uploads\/2020\/12\/Captura-de-Pantalla-2020-08-10-a-las-18.11.36_1.png\" class=\"attachment-full size-full wp-image-2554\" alt=\"\" srcset=\"https:\/\/museomoderno.org\/wp-content\/uploads\/2020\/12\/Captura-de-Pantalla-2020-08-10-a-las-18.11.36_1.png 641w, https:\/\/museomoderno.org\/wp-content\/uploads\/2020\/12\/Captura-de-Pantalla-2020-08-10-a-las-18.11.36_1-300x158.png 300w\" sizes=\"(max-width: 641px) 100vw, 641px\" \/>\t\t\t\t\t\t\t\t\t\t\t\t\t\t\t<\/div>\n\t\t\t\t<\/div>\n\t\t\t\t\t<\/div>\n\t\t<\/div>\n\t\t\t\t\t<\/div>\n\t\t<\/section>\n\t\t\t\t\t<\/div>\n\t\t<\/div>\n\t\t\t\t\t<\/div>\n\t\t<\/section>\n\t\t\t\t<section class=\"elementor-section elementor-top-section elementor-element elementor-element-27f6e324 elementor-section-boxed elementor-section-height-default elementor-section-height-default\" data-id=\"27f6e324\" data-element_type=\"section\" data-e-type=\"section\">\n\t\t\t\t\t\t<div class=\"elementor-container elementor-column-gap-default\">\n\t\t\t\t\t<div class=\"elementor-column elementor-col-100 elementor-top-column elementor-element elementor-element-4e2bbfdb\" data-id=\"4e2bbfdb\" data-element_type=\"column\" data-e-type=\"column\">\n\t\t\t<div class=\"elementor-widget-wrap elementor-element-populated\">\n\t\t\t\t\t\t<div class=\"elementor-element elementor-element-3daca70b elementor-widget elementor-widget-heading\" data-id=\"3daca70b\" data-element_type=\"widget\" data-e-type=\"widget\" data-widget_type=\"heading.default\">\n\t\t\t\t<div class=\"elementor-widget-container\">\n\t\t\t\t\t<h4 class=\"elementor-heading-title elementor-size-default\">FOR MORE CONTENT FOLLOW THE MODERNO\u2019S DIGITAL PLATFORMS<\/h4>\t\t\t\t<\/div>\n\t\t\t\t<\/div>\n\t\t\t\t<section class=\"elementor-section elementor-inner-section elementor-element elementor-element-38eb01d8 elementor-section-boxed elementor-section-height-default elementor-section-height-default\" data-id=\"38eb01d8\" data-element_type=\"section\" data-e-type=\"section\">\n\t\t\t\t\t\t<div class=\"elementor-container elementor-column-gap-default\">\n\t\t\t\t\t<div class=\"elementor-column elementor-col-25 elementor-inner-column elementor-element elementor-element-559b943e\" data-id=\"559b943e\" data-element_type=\"column\" data-e-type=\"column\">\n\t\t\t<div class=\"elementor-widget-wrap elementor-element-populated\">\n\t\t\t\t\t\t<div class=\"elementor-element elementor-element-1e4d027 elementor-widget elementor-widget-image\" data-id=\"1e4d027\" data-element_type=\"widget\" data-e-type=\"widget\" data-widget_type=\"image.default\">\n\t\t\t\t<div class=\"elementor-widget-container\">\n\t\t\t\t\t\t\t\t\t\t\t\t<figure class=\"wp-caption\">\n\t\t\t\t\t\t\t\t\t\t\t<a href=\"https:\/\/www.youtube.com\/channel\/UCaOs2nP3pdekN89NDEAWPng\" target=\"_blank\" rel=\"nofollow noopener\">\n\t\t\t\t\t\t\t<img loading=\"lazy\" decoding=\"async\" width=\"270\" height=\"180\" src=\"https:\/\/museomoderno.org\/wp-content\/uploads\/2020\/12\/YOUTUBE2_0.jpg\" class=\"attachment-full size-full wp-image-2067\" alt=\"\" \/>\t\t\t\t\t\t\t\t<\/a>\n\t\t\t\t\t\t\t\t\t\t\t<figcaption class=\"widget-image-caption wp-caption-text\">Youtube<\/figcaption>\n\t\t\t\t\t\t\t\t\t\t<\/figure>\n\t\t\t\t\t\t\t\t\t<\/div>\n\t\t\t\t<\/div>\n\t\t\t\t\t<\/div>\n\t\t<\/div>\n\t\t\t\t<div class=\"elementor-column elementor-col-25 elementor-inner-column elementor-element elementor-element-2ddbccc4\" data-id=\"2ddbccc4\" data-element_type=\"column\" data-e-type=\"column\">\n\t\t\t<div class=\"elementor-widget-wrap elementor-element-populated\">\n\t\t\t\t\t\t<div class=\"elementor-element elementor-element-7893c0fe elementor-widget elementor-widget-image\" data-id=\"7893c0fe\" data-element_type=\"widget\" data-e-type=\"widget\" data-widget_type=\"image.default\">\n\t\t\t\t<div class=\"elementor-widget-container\">\n\t\t\t\t\t\t\t\t\t\t\t\t<figure class=\"wp-caption\">\n\t\t\t\t\t\t\t\t\t\t\t<a href=\"https:\/\/www.instagram.com\/modernoba\/\" target=\"_blank\" rel=\"nofollow noopener\">\n\t\t\t\t\t\t\t<img loading=\"lazy\" decoding=\"async\" width=\"270\" height=\"180\" src=\"https:\/\/museomoderno.org\/wp-content\/uploads\/2020\/12\/INSTAGRAM2_0.jpg\" class=\"attachment-full size-full wp-image-2068\" alt=\"\" \/>\t\t\t\t\t\t\t\t<\/a>\n\t\t\t\t\t\t\t\t\t\t\t<figcaption class=\"widget-image-caption wp-caption-text\">Instagram<\/figcaption>\n\t\t\t\t\t\t\t\t\t\t<\/figure>\n\t\t\t\t\t\t\t\t\t<\/div>\n\t\t\t\t<\/div>\n\t\t\t\t\t<\/div>\n\t\t<\/div>\n\t\t\t\t<div class=\"elementor-column elementor-col-25 elementor-inner-column elementor-element elementor-element-6085958d\" data-id=\"6085958d\" data-element_type=\"column\" data-e-type=\"column\">\n\t\t\t<div class=\"elementor-widget-wrap elementor-element-populated\">\n\t\t\t\t\t\t<div class=\"elementor-element elementor-element-1841152c elementor-widget elementor-widget-image\" data-id=\"1841152c\" data-element_type=\"widget\" data-e-type=\"widget\" data-widget_type=\"image.default\">\n\t\t\t\t<div class=\"elementor-widget-container\">\n\t\t\t\t\t\t\t\t\t\t\t\t<figure class=\"wp-caption\">\n\t\t\t\t\t\t\t\t\t\t\t<a href=\"https:\/\/open.spotify.com\/user\/dqnqsnfdbpalfkrz39z8umv4k\" target=\"_blank\" rel=\"nofollow noopener\">\n\t\t\t\t\t\t\t<img loading=\"lazy\" decoding=\"async\" width=\"270\" height=\"180\" src=\"https:\/\/museomoderno.org\/wp-content\/uploads\/2020\/12\/SPOTIFY2_0.jpg\" class=\"attachment-full size-full wp-image-2069\" alt=\"\" \/>\t\t\t\t\t\t\t\t<\/a>\n\t\t\t\t\t\t\t\t\t\t\t<figcaption class=\"widget-image-caption wp-caption-text\">Spotify<\/figcaption>\n\t\t\t\t\t\t\t\t\t\t<\/figure>\n\t\t\t\t\t\t\t\t\t<\/div>\n\t\t\t\t<\/div>\n\t\t\t\t\t<\/div>\n\t\t<\/div>\n\t\t\t\t<div class=\"elementor-column elementor-col-25 elementor-inner-column elementor-element elementor-element-3a341b0e\" data-id=\"3a341b0e\" data-element_type=\"column\" data-e-type=\"column\">\n\t\t\t<div class=\"elementor-widget-wrap elementor-element-populated\">\n\t\t\t\t\t\t<div class=\"elementor-element elementor-element-fbf011c elementor-widget elementor-widget-image\" data-id=\"fbf011c\" data-element_type=\"widget\" data-e-type=\"widget\" data-widget_type=\"image.default\">\n\t\t\t\t<div class=\"elementor-widget-container\">\n\t\t\t\t\t\t\t\t\t\t\t\t<figure class=\"wp-caption\">\n\t\t\t\t\t\t\t\t\t\t\t<a href=\"https:\/\/artsandculture.google.com\/partner\/museo-de-arte-moderno-de-buenos-aires-museo-moderno\" target=\"_blank\" rel=\"nofollow noopener\">\n\t\t\t\t\t\t\t<img loading=\"lazy\" decoding=\"async\" width=\"270\" height=\"180\" src=\"https:\/\/museomoderno.org\/wp-content\/uploads\/2020\/12\/GOOGLEART2_0.jpg\" class=\"attachment-full size-full wp-image-2070\" alt=\"\" \/>\t\t\t\t\t\t\t\t<\/a>\n\t\t\t\t\t\t\t\t\t\t\t<figcaption class=\"widget-image-caption wp-caption-text\">Google Art Project<\/figcaption>\n\t\t\t\t\t\t\t\t\t\t<\/figure>\n\t\t\t\t\t\t\t\t\t<\/div>\n\t\t\t\t<\/div>\n\t\t\t\t\t<\/div>\n\t\t<\/div>\n\t\t\t\t\t<\/div>\n\t\t<\/section>\n\t\t\t\t\t<\/div>\n\t\t<\/div>\n\t\t\t\t\t<\/div>\n\t\t<\/section>\n\t\t\t\t<\/div>\n\t\t","protected":false},"excerpt":{"rendered":"<p>ART AND COMMUNITY Each and every action we take is determined by the bonds we form voluntarily with other people: they are directed at them, come from them and are reinforced by them. Life in a community, whatever form it might take, is an organic means of gaining strength, of learning from and with others [&hellip;]<\/p>\n","protected":false},"author":7,"featured_media":33169,"comment_status":"open","ping_status":"open","sticky":false,"template":"elementor_header_footer","format":"standard","meta":{"footnotes":""},"categories":[38],"tags":[],"class_list":["post-8944","post","type-post","status-publish","format-standard","has-post-thumbnail","hentry","category-museo-moderno-en-casa-en"],"_links":{"self":[{"href":"https:\/\/museomoderno.org\/en\/wp-json\/wp\/v2\/posts\/8944","targetHints":{"allow":["GET"]}}],"collection":[{"href":"https:\/\/museomoderno.org\/en\/wp-json\/wp\/v2\/posts"}],"about":[{"href":"https:\/\/museomoderno.org\/en\/wp-json\/wp\/v2\/types\/post"}],"author":[{"embeddable":true,"href":"https:\/\/museomoderno.org\/en\/wp-json\/wp\/v2\/users\/7"}],"replies":[{"embeddable":true,"href":"https:\/\/museomoderno.org\/en\/wp-json\/wp\/v2\/comments?post=8944"}],"version-history":[{"count":0,"href":"https:\/\/museomoderno.org\/en\/wp-json\/wp\/v2\/posts\/8944\/revisions"}],"wp:featuredmedia":[{"embeddable":true,"href":"https:\/\/museomoderno.org\/en\/wp-json\/wp\/v2\/media\/33169"}],"wp:attachment":[{"href":"https:\/\/museomoderno.org\/en\/wp-json\/wp\/v2\/media?parent=8944"}],"wp:term":[{"taxonomy":"category","embeddable":true,"href":"https:\/\/museomoderno.org\/en\/wp-json\/wp\/v2\/categories?post=8944"},{"taxonomy":"post_tag","embeddable":true,"href":"https:\/\/museomoderno.org\/en\/wp-json\/wp\/v2\/tags?post=8944"}],"curies":[{"name":"wp","href":"https:\/\/api.w.org\/{rel}","templated":true}]}}