{"id":55726,"date":"2025-10-23T11:13:32","date_gmt":"2025-10-23T14:13:32","guid":{"rendered":"https:\/\/museomoderno.org\/celina-eceiza-ofrenda-en-halle-fur-kunst-steiermark\/"},"modified":"2025-10-31T15:51:27","modified_gmt":"2025-10-31T18:51:27","slug":"celina-eceiza-ofrenda-en-halle-fur-kunst-steiermark","status":"publish","type":"post","link":"https:\/\/museomoderno.org\/en\/celina-eceiza-ofrenda-en-halle-fur-kunst-steiermark\/","title":{"rendered":"Celina Eceiza: Ofrenda en HALLE F\u00dcR KUNST Steiermark"},"content":{"rendered":"\t\t<div data-elementor-type=\"wp-post\" data-elementor-id=\"55726\" class=\"elementor elementor-55726 elementor-55583\" data-elementor-post-type=\"post\">\n\t\t\t\t\t\t<section class=\"elementor-section elementor-top-section elementor-element elementor-element-7ab036ee elementor-section-boxed elementor-section-height-default elementor-section-height-default\" data-id=\"7ab036ee\" data-element_type=\"section\" data-e-type=\"section\">\n\t\t\t\t\t\t<div class=\"elementor-container elementor-column-gap-default\">\n\t\t\t\t\t<div class=\"elementor-column elementor-col-100 elementor-top-column elementor-element elementor-element-31143f8d\" data-id=\"31143f8d\" data-element_type=\"column\" data-e-type=\"column\">\n\t\t\t<div class=\"elementor-widget-wrap elementor-element-populated\">\n\t\t\t\t\t\t<div class=\"elementor-element elementor-element-bd7d7b2 elementor-widget elementor-widget-heading\" data-id=\"bd7d7b2\" data-element_type=\"widget\" data-e-type=\"widget\" data-widget_type=\"heading.default\">\n\t\t\t\t<div class=\"elementor-widget-container\">\n\t\t\t\t\t<h1 class=\"elementor-heading-title elementor-size-default\"><i>CELINA ECEIZA: OFRENDA [CELINA ECEIZA: OFFERING]<\/i><\/h1>\t\t\t\t<\/div>\n\t\t\t\t<\/div>\n\t\t\t\t<div class=\"elementor-element elementor-element-a419ee2 elementor-widget elementor-widget-heading\" data-id=\"a419ee2\" data-element_type=\"widget\" data-e-type=\"widget\" data-widget_type=\"heading.default\">\n\t\t\t\t<div class=\"elementor-widget-container\">\n\t\t\t\t\t<h2 class=\"elementor-heading-title elementor-size-default\">AT THE HALLE F\u00dcR KUNST STEIERMARK, AUSTRIA<\/h2>\t\t\t\t<\/div>\n\t\t\t\t<\/div>\n\t\t\t\t<div class=\"elementor-element elementor-element-6c148e7d elementor-widget-divider--view-line elementor-widget elementor-widget-divider\" data-id=\"6c148e7d\" data-element_type=\"widget\" data-e-type=\"widget\" data-widget_type=\"divider.default\">\n\t\t\t\t<div class=\"elementor-widget-container\">\n\t\t\t\t\t\t\t<div class=\"elementor-divider\">\n\t\t\t<span class=\"elementor-divider-separator\">\n\t\t\t\t\t\t<\/span>\n\t\t<\/div>\n\t\t\t\t\t\t<\/div>\n\t\t\t\t<\/div>\n\t\t\t\t\t<\/div>\n\t\t<\/div>\n\t\t\t\t\t<\/div>\n\t\t<\/section>\n\t\t\t\t<section class=\"elementor-section elementor-top-section elementor-element elementor-element-04e7861 elementor-section-boxed elementor-section-height-default elementor-section-height-default\" data-id=\"04e7861\" data-element_type=\"section\" data-e-type=\"section\">\n\t\t\t\t\t\t<div class=\"elementor-container elementor-column-gap-default\">\n\t\t\t\t\t<div class=\"elementor-column elementor-col-100 elementor-top-column elementor-element elementor-element-a82ef56\" data-id=\"a82ef56\" data-element_type=\"column\" data-e-type=\"column\">\n\t\t\t<div class=\"elementor-widget-wrap elementor-element-populated\">\n\t\t\t\t\t\t<div class=\"elementor-element elementor-element-b35c4a4 elementor-widget elementor-widget-image\" data-id=\"b35c4a4\" data-element_type=\"widget\" data-e-type=\"widget\" data-widget_type=\"image.default\">\n\t\t\t\t<div class=\"elementor-widget-container\">\n\t\t\t\t\t\t\t\t\t\t\t\t\t\t\t<img fetchpriority=\"high\" decoding=\"async\" width=\"1600\" height=\"300\" src=\"https:\/\/museomoderno.org\/wp-content\/uploads\/2025\/10\/Opcion1.jpg\" class=\"attachment-full size-full wp-image-55718\" alt=\"\" srcset=\"https:\/\/museomoderno.org\/wp-content\/uploads\/2025\/10\/Opcion1.jpg 1600w, https:\/\/museomoderno.org\/wp-content\/uploads\/2025\/10\/Opcion1-300x56.jpg 300w, https:\/\/museomoderno.org\/wp-content\/uploads\/2025\/10\/Opcion1-1024x192.jpg 1024w, https:\/\/museomoderno.org\/wp-content\/uploads\/2025\/10\/Opcion1-768x144.jpg 768w, https:\/\/museomoderno.org\/wp-content\/uploads\/2025\/10\/Opcion1-1536x288.jpg 1536w\" sizes=\"(max-width: 1600px) 100vw, 1600px\" \/>\t\t\t\t\t\t\t\t\t\t\t\t\t\t\t<\/div>\n\t\t\t\t<\/div>\n\t\t\t\t<div class=\"elementor-element elementor-element-73fb1d4 elementor-widget elementor-widget-text-editor\" data-id=\"73fb1d4\" data-element_type=\"widget\" data-e-type=\"widget\" data-widget_type=\"text-editor.default\">\n\t\t\t\t<div class=\"elementor-widget-container\">\n\t\t\t\t\t\t\t\t\t<p><span style=\"font-weight: 400;\">The opening of the exhibition <\/span><b><i>Celina Eceiza: Ofrenda<\/i><\/b><b> [<\/b><b><i>Celina Eceiza: Offering<\/i><\/b><b>]<\/b><span style=\"font-weight: 400;\"> in the city of Graz, Austria, marks an important step onto the international scene for this Argentinian artist. The exhibition was produced in its entirety by the Museo Moderno, where it was on display between September 2024 and March 2025. Now, on 24 October 2025, the <\/span><b>HALLE F\u00dcR KUNST Steiermark<\/b><span style=\"font-weight: 400;\">, <\/span><b>in cooperation with the Museo Moderno<\/b><span style=\"font-weight: 400;\">, will open <\/span><b><i>Ofrenda<\/i><\/b><span style=\"font-weight: 400;\">, the first solo exhibition in a museum in Europe of the work of Celina Eceiza (Tandil, 1988). The exhibition is curated by <\/span><b>Sandro Droschl, director of the HALLE F\u00dcR KUNST Steiermark<\/b><span style=\"font-weight: 400;\">,<\/span><b> in collaboration with Agustina Vizcarra<\/b><span style=\"font-weight: 400;\">,<\/span><b> head of Exhibitions at the Museo Moderno.\u00a0<\/b><\/p>\t\t\t\t\t\t\t\t<\/div>\n\t\t\t\t<\/div>\n\t\t\t\t<div class=\"elementor-element elementor-element-75b4048 elementor-widget elementor-widget-heading\" data-id=\"75b4048\" data-element_type=\"widget\" data-e-type=\"widget\" data-widget_type=\"heading.default\">\n\t\t\t\t<div class=\"elementor-widget-container\">\n\t\t\t\t\t<h2 class=\"elementor-heading-title elementor-size-default\"><i>Celina Eceiza: Ofrenda<\/i> (2024) an immersive project at the Museo Moderno\n<\/h2>\t\t\t\t<\/div>\n\t\t\t\t<\/div>\n\t\t\t\t<div class=\"elementor-element elementor-element-de0216e elementor-widget elementor-widget-text-editor\" data-id=\"de0216e\" data-element_type=\"widget\" data-e-type=\"widget\" data-widget_type=\"text-editor.default\">\n\t\t\t\t<div class=\"elementor-widget-container\">\n\t\t\t\t\t\t\t\t\t<p><b><i>Ofrenda<\/i><\/b><span style=\"font-weight: 400;\"> transforms the architecture of the museum into a living, breathing body that changes state as you pass from one room to the next. The walls, ceilings and floors are draped with thousands of metres of hand-dyed fabrics, stitched together using that collective and timeless act of sewing, to form a single surface, soft and sensitive to the slightest movement.<\/span><span style=\"font-weight: 400;\"><br \/><\/span><span style=\"font-weight: 400;\"><br \/><\/span><span style=\"font-weight: 400;\">A metabolic force drives the growth of Eceiza\u2019s work, which involves paintings, drawings, and sculptures \u2013 both tiny and colossal in scale \u2013 as laborious as they are elementary. In them, the artist combines handcrafted textile techniques with processes such as patchwork, found object collages and, more recently, chalk pastels, giving her images a new sense of fluidity.\u00a0<\/span><\/p><p><span style=\"font-weight: 400;\">Her compositions are filled with bodies undergoing transformations and depictions of flowers and fruits in the best still life tradition. However, they also weave together references to 20th century art movements and include several layers of cultural history, from Greco-Roman antiquity to the hippy movement of the 1960s.<\/span><span style=\"font-weight: 400;\"><br \/><\/span><span style=\"font-weight: 400;\"><br \/><\/span><b>Curated by:<\/b><span style=\"font-weight: 400;\"> Jimena Ferreiro<\/span><span style=\"font-weight: 400;\"><br \/><\/span><b>Production manager: <\/b><span style=\"font-weight: 400;\">Iv\u00e1n R\u00f6sler<\/span><span style=\"font-weight: 400;\"><br \/><\/span><b>Production: <\/b><span style=\"font-weight: 400;\">Julieta Potenze<\/span><span style=\"font-weight: 400;\"><br \/><\/span><b>Special thanks to:<\/b><span style=\"font-weight: 400;\"> Florencia Ferrari Milano, Rom\u00e1n Ram\u00edrez, Melina Chald\u00fa, Aurea Chiarle Meissinger, Roc\u00edo Englender, Germ\u00e1n G\u00e1spari, Soledad Manrique Goldsack, Paula Pellejero, Alejandro Rossetti, Germ\u00e1n Sandoval, Juan Valenti, Amparo Vi\u00f1ales and Nicol\u00e1s Z\u00fa\u00f1iga<\/span><span style=\"font-weight: 400;\"><br \/><\/span><\/p>\t\t\t\t\t\t\t\t<\/div>\n\t\t\t\t<\/div>\n\t\t\t\t<div class=\"elementor-element elementor-element-e95527b elementor-widget elementor-widget-button\" data-id=\"e95527b\" data-element_type=\"widget\" data-e-type=\"widget\" data-widget_type=\"button.default\">\n\t\t\t\t<div class=\"elementor-widget-container\">\n\t\t\t\t\t\t\t\t\t<div class=\"elementor-button-wrapper\">\n\t\t\t\t\t<a class=\"elementor-button elementor-button-link elementor-size-sm\" href=\"https:\/\/museomoderno.org\/en\/exhibitions\/celina-eceiza\/\">\n\t\t\t\t\t\t<span class=\"elementor-button-content-wrapper\">\n\t\t\t\t\t\t\t\t\t<span class=\"elementor-button-text\">Celina Eceiza: Ofrenda [Celina Eceiza: Offering] (2024) at the Museo Moderno<\/span>\n\t\t\t\t\t<\/span>\n\t\t\t\t\t<\/a>\n\t\t\t\t<\/div>\n\t\t\t\t\t\t\t\t<\/div>\n\t\t\t\t<\/div>\n\t\t\t\t\t<\/div>\n\t\t<\/div>\n\t\t\t\t\t<\/div>\n\t\t<\/section>\n\t\t\t\t<section class=\"elementor-section elementor-top-section elementor-element elementor-element-f21349b elementor-section-boxed elementor-section-height-default elementor-section-height-default\" data-id=\"f21349b\" data-element_type=\"section\" data-e-type=\"section\">\n\t\t\t\t\t\t<div class=\"elementor-container elementor-column-gap-default\">\n\t\t\t\t\t<div class=\"elementor-column elementor-col-100 elementor-top-column elementor-element elementor-element-e894f25\" data-id=\"e894f25\" data-element_type=\"column\" data-e-type=\"column\">\n\t\t\t<div class=\"elementor-widget-wrap elementor-element-populated\">\n\t\t\t\t\t\t<div class=\"elementor-element elementor-element-306ed2e elementor-widget elementor-widget-gallery\" data-id=\"306ed2e\" data-element_type=\"widget\" data-e-type=\"widget\" data-settings=\"{&quot;columns&quot;:3,&quot;lazyload&quot;:&quot;yes&quot;,&quot;gallery_layout&quot;:&quot;grid&quot;,&quot;columns_tablet&quot;:2,&quot;columns_mobile&quot;:1,&quot;gap&quot;:{&quot;unit&quot;:&quot;px&quot;,&quot;size&quot;:10,&quot;sizes&quot;:[]},&quot;gap_tablet&quot;:{&quot;unit&quot;:&quot;px&quot;,&quot;size&quot;:10,&quot;sizes&quot;:[]},&quot;gap_mobile&quot;:{&quot;unit&quot;:&quot;px&quot;,&quot;size&quot;:10,&quot;sizes&quot;:[]},&quot;link_to&quot;:&quot;file&quot;,&quot;aspect_ratio&quot;:&quot;3:2&quot;,&quot;overlay_background&quot;:&quot;yes&quot;,&quot;content_hover_animation&quot;:&quot;fade-in&quot;}\" data-widget_type=\"gallery.default\">\n\t\t\t\t<div class=\"elementor-widget-container\">\n\t\t\t\t\t\t\t<div class=\"elementor-gallery__container\">\n\t\t\t\t\t\t\t<a class=\"e-gallery-item elementor-gallery-item elementor-animated-content\" href=\"https:\/\/museomoderno.org\/wp-content\/uploads\/2024\/10\/1-Celina-Ezeiza_-scaled.jpg\" data-elementor-open-lightbox=\"yes\" data-elementor-lightbox-slideshow=\"306ed2e\" data-elementor-lightbox-title=\"1 - Celina Ezeiza_\" data-e-action-hash=\"#elementor-action%3Aaction%3Dlightbox%26settings%3DeyJpZCI6NDc4MzAsInVybCI6Imh0dHBzOlwvXC9tdXNlb21vZGVybm8ub3JnXC93cC1jb250ZW50XC91cGxvYWRzXC8yMDI0XC8xMFwvMS1DZWxpbmEtRXplaXphXy1zY2FsZWQuanBnIiwic2xpZGVzaG93IjoiMzA2ZWQyZSJ9\">\n\t\t\t\t\t<div class=\"e-gallery-image elementor-gallery-item__image\" data-thumbnail=\"https:\/\/museomoderno.org\/wp-content\/uploads\/2024\/10\/1-Celina-Ezeiza_-300x200.jpg\" data-width=\"300\" data-height=\"200\" aria-label=\"\" role=\"img\" ><\/div>\n\t\t\t\t\t\t\t\t\t\t\t<div class=\"elementor-gallery-item__overlay\"><\/div>\n\t\t\t\t\t\t\t\t\t\t\t\t\t\t<\/a>\n\t\t\t\t\t\t\t<a class=\"e-gallery-item elementor-gallery-item elementor-animated-content\" href=\"https:\/\/museomoderno.org\/wp-content\/uploads\/2024\/10\/2-Copia-de-240927-Sala-Celina-Ezeiza-fotos-Guido-Limardo-ALTA-1547-scaled.jpg\" data-elementor-open-lightbox=\"yes\" data-elementor-lightbox-slideshow=\"306ed2e\" data-elementor-lightbox-title=\"2 - Copia de 240927 Sala Celina Ezeiza (fotos Guido Limardo) ALTA-1547\" data-e-action-hash=\"#elementor-action%3Aaction%3Dlightbox%26settings%3DeyJpZCI6NDc4MzIsInVybCI6Imh0dHBzOlwvXC9tdXNlb21vZGVybm8ub3JnXC93cC1jb250ZW50XC91cGxvYWRzXC8yMDI0XC8xMFwvMi1Db3BpYS1kZS0yNDA5MjctU2FsYS1DZWxpbmEtRXplaXphLWZvdG9zLUd1aWRvLUxpbWFyZG8tQUxUQS0xNTQ3LXNjYWxlZC5qcGciLCJzbGlkZXNob3ciOiIzMDZlZDJlIn0%3D\">\n\t\t\t\t\t<div class=\"e-gallery-image elementor-gallery-item__image\" data-thumbnail=\"https:\/\/museomoderno.org\/wp-content\/uploads\/2024\/10\/2-Copia-de-240927-Sala-Celina-Ezeiza-fotos-Guido-Limardo-ALTA-1547-300x200.jpg\" data-width=\"300\" data-height=\"200\" aria-label=\"\" role=\"img\" ><\/div>\n\t\t\t\t\t\t\t\t\t\t\t<div class=\"elementor-gallery-item__overlay\"><\/div>\n\t\t\t\t\t\t\t\t\t\t\t\t\t\t<\/a>\n\t\t\t\t\t\t\t<a class=\"e-gallery-item elementor-gallery-item elementor-animated-content\" href=\"https:\/\/museomoderno.org\/wp-content\/uploads\/2024\/10\/3-Sala-Celina-Ezeiza_-scaled.jpg\" data-elementor-open-lightbox=\"yes\" data-elementor-lightbox-slideshow=\"306ed2e\" data-elementor-lightbox-title=\"3 - Sala Celina Ezeiza_\" data-e-action-hash=\"#elementor-action%3Aaction%3Dlightbox%26settings%3DeyJpZCI6NDc4MzQsInVybCI6Imh0dHBzOlwvXC9tdXNlb21vZGVybm8ub3JnXC93cC1jb250ZW50XC91cGxvYWRzXC8yMDI0XC8xMFwvMy1TYWxhLUNlbGluYS1FemVpemFfLXNjYWxlZC5qcGciLCJzbGlkZXNob3ciOiIzMDZlZDJlIn0%3D\">\n\t\t\t\t\t<div class=\"e-gallery-image elementor-gallery-item__image\" data-thumbnail=\"https:\/\/museomoderno.org\/wp-content\/uploads\/2024\/10\/3-Sala-Celina-Ezeiza_-300x200.jpg\" data-width=\"300\" data-height=\"200\" aria-label=\"\" role=\"img\" ><\/div>\n\t\t\t\t\t\t\t\t\t\t\t<div class=\"elementor-gallery-item__overlay\"><\/div>\n\t\t\t\t\t\t\t\t\t\t\t\t\t\t<\/a>\n\t\t\t\t\t\t\t<a class=\"e-gallery-item elementor-gallery-item elementor-animated-content\" href=\"https:\/\/museomoderno.org\/wp-content\/uploads\/2024\/10\/4-240927-Sala-Celina-Ezeiza-fotos-Guido-Limardo-ALTA-1567-scaled.jpeg\" data-elementor-open-lightbox=\"yes\" data-elementor-lightbox-slideshow=\"306ed2e\" data-elementor-lightbox-title=\"4 - 240927 Sala Celina Ezeiza (fotos Guido Limardo) ALTA-1567\" data-e-action-hash=\"#elementor-action%3Aaction%3Dlightbox%26settings%3DeyJpZCI6NDc4MzYsInVybCI6Imh0dHBzOlwvXC9tdXNlb21vZGVybm8ub3JnXC93cC1jb250ZW50XC91cGxvYWRzXC8yMDI0XC8xMFwvNC0yNDA5MjctU2FsYS1DZWxpbmEtRXplaXphLWZvdG9zLUd1aWRvLUxpbWFyZG8tQUxUQS0xNTY3LXNjYWxlZC5qcGVnIiwic2xpZGVzaG93IjoiMzA2ZWQyZSJ9\">\n\t\t\t\t\t<div class=\"e-gallery-image elementor-gallery-item__image\" data-thumbnail=\"https:\/\/museomoderno.org\/wp-content\/uploads\/2024\/10\/4-240927-Sala-Celina-Ezeiza-fotos-Guido-Limardo-ALTA-1567-300x200.jpeg\" data-width=\"300\" data-height=\"200\" aria-label=\"\" role=\"img\" ><\/div>\n\t\t\t\t\t\t\t\t\t\t\t<div class=\"elementor-gallery-item__overlay\"><\/div>\n\t\t\t\t\t\t\t\t\t\t\t\t\t\t<\/a>\n\t\t\t\t\t\t\t<a class=\"e-gallery-item elementor-gallery-item elementor-animated-content\" href=\"https:\/\/museomoderno.org\/wp-content\/uploads\/2024\/10\/5-Sala-Celina-Ezeiza-fotos-Guido-Limardo-ALTA-1589-scaled.jpeg\" data-elementor-open-lightbox=\"yes\" data-elementor-lightbox-slideshow=\"306ed2e\" data-elementor-lightbox-title=\"5 - Sala Celina Ezeiza (fotos Guido Limardo) ALTA-1589\" data-e-action-hash=\"#elementor-action%3Aaction%3Dlightbox%26settings%3DeyJpZCI6NDc4MzksInVybCI6Imh0dHBzOlwvXC9tdXNlb21vZGVybm8ub3JnXC93cC1jb250ZW50XC91cGxvYWRzXC8yMDI0XC8xMFwvNS1TYWxhLUNlbGluYS1FemVpemEtZm90b3MtR3VpZG8tTGltYXJkby1BTFRBLTE1ODktc2NhbGVkLmpwZWciLCJzbGlkZXNob3ciOiIzMDZlZDJlIn0%3D\">\n\t\t\t\t\t<div class=\"e-gallery-image elementor-gallery-item__image\" data-thumbnail=\"https:\/\/museomoderno.org\/wp-content\/uploads\/2024\/10\/5-Sala-Celina-Ezeiza-fotos-Guido-Limardo-ALTA-1589-300x200.jpeg\" data-width=\"300\" data-height=\"200\" aria-label=\"\" role=\"img\" ><\/div>\n\t\t\t\t\t\t\t\t\t\t\t<div class=\"elementor-gallery-item__overlay\"><\/div>\n\t\t\t\t\t\t\t\t\t\t\t\t\t\t<\/a>\n\t\t\t\t\t\t\t<a class=\"e-gallery-item elementor-gallery-item elementor-animated-content\" href=\"https:\/\/museomoderno.org\/wp-content\/uploads\/2024\/10\/6-240927-Sala-Celina-Ezeiza-fotos-Guido-Limardo-ALTA-1636-scaled.jpg\" data-elementor-open-lightbox=\"yes\" data-elementor-lightbox-slideshow=\"306ed2e\" data-elementor-lightbox-title=\"6 - 240927 Sala Celina Ezeiza (fotos Guido Limardo) ALTA-1636\" data-e-action-hash=\"#elementor-action%3Aaction%3Dlightbox%26settings%3DeyJpZCI6NDc4NDEsInVybCI6Imh0dHBzOlwvXC9tdXNlb21vZGVybm8ub3JnXC93cC1jb250ZW50XC91cGxvYWRzXC8yMDI0XC8xMFwvNi0yNDA5MjctU2FsYS1DZWxpbmEtRXplaXphLWZvdG9zLUd1aWRvLUxpbWFyZG8tQUxUQS0xNjM2LXNjYWxlZC5qcGciLCJzbGlkZXNob3ciOiIzMDZlZDJlIn0%3D\">\n\t\t\t\t\t<div class=\"e-gallery-image elementor-gallery-item__image\" data-thumbnail=\"https:\/\/museomoderno.org\/wp-content\/uploads\/2024\/10\/6-240927-Sala-Celina-Ezeiza-fotos-Guido-Limardo-ALTA-1636-300x200.jpg\" data-width=\"300\" data-height=\"200\" aria-label=\"\" role=\"img\" ><\/div>\n\t\t\t\t\t\t\t\t\t\t\t<div class=\"elementor-gallery-item__overlay\"><\/div>\n\t\t\t\t\t\t\t\t\t\t\t\t\t\t<\/a>\n\t\t\t\t\t\t\t<a class=\"e-gallery-item elementor-gallery-item elementor-animated-content\" href=\"https:\/\/museomoderno.org\/wp-content\/uploads\/2024\/10\/7-240927-Sala-Celina-Ezeiza-fotos-Guido-Limardo-ALTA-1646-scaled.jpg\" data-elementor-open-lightbox=\"yes\" data-elementor-lightbox-slideshow=\"306ed2e\" data-elementor-lightbox-title=\"7 - 240927 Sala Celina Ezeiza (fotos Guido Limardo) ALTA-1646\" data-e-action-hash=\"#elementor-action%3Aaction%3Dlightbox%26settings%3DeyJpZCI6NDc4NDMsInVybCI6Imh0dHBzOlwvXC9tdXNlb21vZGVybm8ub3JnXC93cC1jb250ZW50XC91cGxvYWRzXC8yMDI0XC8xMFwvNy0yNDA5MjctU2FsYS1DZWxpbmEtRXplaXphLWZvdG9zLUd1aWRvLUxpbWFyZG8tQUxUQS0xNjQ2LXNjYWxlZC5qcGciLCJzbGlkZXNob3ciOiIzMDZlZDJlIn0%3D\">\n\t\t\t\t\t<div class=\"e-gallery-image elementor-gallery-item__image\" data-thumbnail=\"https:\/\/museomoderno.org\/wp-content\/uploads\/2024\/10\/7-240927-Sala-Celina-Ezeiza-fotos-Guido-Limardo-ALTA-1646-300x200.jpg\" data-width=\"300\" data-height=\"200\" aria-label=\"\" role=\"img\" ><\/div>\n\t\t\t\t\t\t\t\t\t\t\t<div class=\"elementor-gallery-item__overlay\"><\/div>\n\t\t\t\t\t\t\t\t\t\t\t\t\t\t<\/a>\n\t\t\t\t\t\t\t<a class=\"e-gallery-item elementor-gallery-item elementor-animated-content\" href=\"https:\/\/museomoderno.org\/wp-content\/uploads\/2024\/10\/8-Copia-de-240927-Sala-Celina-Ezeiza-fotos-Guido-Limardo-ALTA-1695-scaled.jpg\" data-elementor-open-lightbox=\"yes\" data-elementor-lightbox-slideshow=\"306ed2e\" data-elementor-lightbox-title=\"8 - Copia de 240927 Sala Celina Ezeiza (fotos Guido Limardo) ALTA-1695\" data-e-action-hash=\"#elementor-action%3Aaction%3Dlightbox%26settings%3DeyJpZCI6NDc4NDUsInVybCI6Imh0dHBzOlwvXC9tdXNlb21vZGVybm8ub3JnXC93cC1jb250ZW50XC91cGxvYWRzXC8yMDI0XC8xMFwvOC1Db3BpYS1kZS0yNDA5MjctU2FsYS1DZWxpbmEtRXplaXphLWZvdG9zLUd1aWRvLUxpbWFyZG8tQUxUQS0xNjk1LXNjYWxlZC5qcGciLCJzbGlkZXNob3ciOiIzMDZlZDJlIn0%3D\">\n\t\t\t\t\t<div class=\"e-gallery-image elementor-gallery-item__image\" data-thumbnail=\"https:\/\/museomoderno.org\/wp-content\/uploads\/2024\/10\/8-Copia-de-240927-Sala-Celina-Ezeiza-fotos-Guido-Limardo-ALTA-1695-300x200.jpg\" data-width=\"300\" data-height=\"200\" aria-label=\"\" role=\"img\" ><\/div>\n\t\t\t\t\t\t\t\t\t\t\t<div class=\"elementor-gallery-item__overlay\"><\/div>\n\t\t\t\t\t\t\t\t\t\t\t\t\t\t<\/a>\n\t\t\t\t\t\t\t<a class=\"e-gallery-item elementor-gallery-item elementor-animated-content\" href=\"https:\/\/museomoderno.org\/wp-content\/uploads\/2024\/10\/9-Copia-de-240927-Sala-Celina-Ezeiza-fotos-Guido-Limardo-ALTA-1677-scaled.jpg\" data-elementor-open-lightbox=\"yes\" data-elementor-lightbox-slideshow=\"306ed2e\" data-elementor-lightbox-title=\"9 - Copia de 240927 Sala Celina Ezeiza (fotos Guido Limardo) ALTA-1677\" data-e-action-hash=\"#elementor-action%3Aaction%3Dlightbox%26settings%3DeyJpZCI6NDc4NDcsInVybCI6Imh0dHBzOlwvXC9tdXNlb21vZGVybm8ub3JnXC93cC1jb250ZW50XC91cGxvYWRzXC8yMDI0XC8xMFwvOS1Db3BpYS1kZS0yNDA5MjctU2FsYS1DZWxpbmEtRXplaXphLWZvdG9zLUd1aWRvLUxpbWFyZG8tQUxUQS0xNjc3LXNjYWxlZC5qcGciLCJzbGlkZXNob3ciOiIzMDZlZDJlIn0%3D\">\n\t\t\t\t\t<div class=\"e-gallery-image elementor-gallery-item__image\" data-thumbnail=\"https:\/\/museomoderno.org\/wp-content\/uploads\/2024\/10\/9-Copia-de-240927-Sala-Celina-Ezeiza-fotos-Guido-Limardo-ALTA-1677-300x200.jpg\" data-width=\"300\" data-height=\"200\" aria-label=\"\" role=\"img\" ><\/div>\n\t\t\t\t\t\t\t\t\t\t\t<div class=\"elementor-gallery-item__overlay\"><\/div>\n\t\t\t\t\t\t\t\t\t\t\t\t\t\t<\/a>\n\t\t\t\t\t<\/div>\n\t\t\t\t\t<\/div>\n\t\t\t\t<\/div>\n\t\t\t\t<div class=\"elementor-element elementor-element-6b28ba7 elementor-widget elementor-widget-video\" data-id=\"6b28ba7\" data-element_type=\"widget\" data-e-type=\"widget\" data-settings=\"{&quot;youtube_url&quot;:&quot;https:\\\/\\\/www.youtube.com\\\/watch?v=ulBLa7g5va4&quot;,&quot;video_type&quot;:&quot;youtube&quot;,&quot;controls&quot;:&quot;yes&quot;}\" data-widget_type=\"video.default\">\n\t\t\t\t<div class=\"elementor-widget-container\">\n\t\t\t\t\t\t\t<div class=\"elementor-wrapper elementor-open-inline\">\n\t\t\t<div class=\"elementor-video\"><\/div>\t\t<\/div>\n\t\t\t\t\t\t<\/div>\n\t\t\t\t<\/div>\n\t\t\t\t\t<\/div>\n\t\t<\/div>\n\t\t\t\t\t<\/div>\n\t\t<\/section>\n\t\t\t\t<section class=\"elementor-section elementor-top-section elementor-element elementor-element-39cb209 elementor-section-boxed elementor-section-height-default elementor-section-height-default\" data-id=\"39cb209\" data-element_type=\"section\" data-e-type=\"section\">\n\t\t\t\t\t\t<div class=\"elementor-container elementor-column-gap-default\">\n\t\t\t\t\t<div class=\"elementor-column elementor-col-100 elementor-top-column elementor-element elementor-element-d9d3664\" data-id=\"d9d3664\" data-element_type=\"column\" data-e-type=\"column\">\n\t\t\t<div class=\"elementor-widget-wrap elementor-element-populated\">\n\t\t\t\t\t\t<div class=\"elementor-element elementor-element-4eab975 elementor-widget elementor-widget-heading\" data-id=\"4eab975\" data-element_type=\"widget\" data-e-type=\"widget\" data-widget_type=\"heading.default\">\n\t\t\t\t<div class=\"elementor-widget-container\">\n\t\t\t\t\t<h2 class=\"elementor-heading-title elementor-size-default\"><i>Celina Eceiza: Ofrenda<\/i> (2025) at the HALLE F\u00dcR KUNST Steiermark, Austria\n<\/h2>\t\t\t\t<\/div>\n\t\t\t\t<\/div>\n\t\t\t\t<div class=\"elementor-element elementor-element-709fd7c elementor-widget elementor-widget-text-editor\" data-id=\"709fd7c\" data-element_type=\"widget\" data-e-type=\"widget\" data-widget_type=\"text-editor.default\">\n\t\t\t\t<div class=\"elementor-widget-container\">\n\t\t\t\t\t\t\t\t\t<p><span style=\"font-weight: 400;\">The exhibition at the <\/span><b>HALLE F\u00dcR KUNST Steiermark<\/b><span style=\"font-weight: 400;\"> presents two of the spaces created specifically for the original project curated by Jimena Ferreiro and held at the Museo Moderno in 2024.<\/span><\/p><p><span style=\"font-weight: 400;\">There is a yellow room, bathed in light, that brings together reinterpretations of works from the Museo Moderno\u2019s collection; these are the result of Eceiza\u2019s research into the paintings held by the museum. Based on her research, the artist created new textile pieces presenting collages of works by Alberto Heredia, Juan del Prete, Noem\u00ed Gerstein, Yente, Nicol\u00e1s Garc\u00eda Uriburu, and other artists. In a gesture similar to fan art, she selected her favourite pieces and refashioned them into posters to showcase her own reading of Argentinian modern art history.<\/span><\/p><p><span style=\"font-weight: 400;\">Then there is the red room, filled with gigantic chalk on canvas drawings and hand-dyed rugs. The compositions are highly symbolic, depicting different beings and bodies undergoing transformations. In this space, this painterly \u2018skin\u2019 with its metaphorical wrinkles and folds feels organic; it is resilient yet delicate. In this way, she constructs a \u2018soft\u2019 museum that calls into question the exhibition practices of modern art.<\/span><\/p><p><span style=\"font-weight: 400;\">You can visit <\/span><b><i>Celina Eceiza: Ofrenda <\/i><\/b><b>at<\/b> <b>the HALLE F\u00dcR KUNST Steiermark<\/b><span style=\"font-weight: 400;\">,<\/span> <span style=\"font-weight: 400;\">from<\/span> <span style=\"font-weight: 400;\">25 October 2025 to 18 January 2026.<\/span><\/p><p><b>A co-production of the HALLE F\u00dcR KUNST Steiermark and the Museo de Arte Moderno de Buenos Aires<\/b><\/p><p><b>Curated by:<\/b><span style=\"font-weight: 400;\"> Sandro Droschl, director of the <\/span><b>HALLE F\u00dcR KUNST Steiermark<\/b><span style=\"font-weight: 400;\">, in collaboration with Agustina Vizcarra, head of Exhibitions at the Museo Moderno.\u00a0<\/span><\/p>\t\t\t\t\t\t\t\t<\/div>\n\t\t\t\t<\/div>\n\t\t\t\t\t<\/div>\n\t\t<\/div>\n\t\t\t\t\t<\/div>\n\t\t<\/section>\n\t\t<div class=\"elementor-element elementor-element-55e271a e-flex e-con-boxed e-con e-parent\" data-id=\"55e271a\" data-element_type=\"container\" data-e-type=\"container\">\n\t\t\t\t\t<div class=\"e-con-inner\">\n\t\t\t\t<div class=\"elementor-element elementor-element-d184634 elementor-widget elementor-widget-spacer\" data-id=\"d184634\" data-element_type=\"widget\" data-e-type=\"widget\" data-widget_type=\"spacer.default\">\n\t\t\t\t<div class=\"elementor-widget-container\">\n\t\t\t\t\t\t\t<div class=\"elementor-spacer\">\n\t\t\t<div class=\"elementor-spacer-inner\"><\/div>\n\t\t<\/div>\n\t\t\t\t\t\t<\/div>\n\t\t\t\t<\/div>\n\t\t\t\t\t<\/div>\n\t\t\t\t<\/div>\n\t\t<div class=\"elementor-element elementor-element-79cd70e e-flex e-con-boxed e-con e-parent\" data-id=\"79cd70e\" data-element_type=\"container\" data-e-type=\"container\">\n\t\t\t\t\t<div class=\"e-con-inner\">\n\t\t\t\t<div class=\"elementor-element elementor-element-56ec952 elementor-widget elementor-widget-image\" data-id=\"56ec952\" data-element_type=\"widget\" data-e-type=\"widget\" data-widget_type=\"image.default\">\n\t\t\t\t<div class=\"elementor-widget-container\">\n\t\t\t\t\t\t\t\t\t\t\t\t\t\t\t<img decoding=\"async\" width=\"1920\" height=\"531\" src=\"https:\/\/museomoderno.org\/wp-content\/uploads\/2025\/10\/10_Eceiza-piezas_Pie-de-logos-1.jpg\" class=\"attachment-full size-full wp-image-55872\" alt=\"\" srcset=\"https:\/\/museomoderno.org\/wp-content\/uploads\/2025\/10\/10_Eceiza-piezas_Pie-de-logos-1.jpg 1920w, https:\/\/museomoderno.org\/wp-content\/uploads\/2025\/10\/10_Eceiza-piezas_Pie-de-logos-1-300x83.jpg 300w, https:\/\/museomoderno.org\/wp-content\/uploads\/2025\/10\/10_Eceiza-piezas_Pie-de-logos-1-1024x283.jpg 1024w, https:\/\/museomoderno.org\/wp-content\/uploads\/2025\/10\/10_Eceiza-piezas_Pie-de-logos-1-768x212.jpg 768w, https:\/\/museomoderno.org\/wp-content\/uploads\/2025\/10\/10_Eceiza-piezas_Pie-de-logos-1-1536x425.jpg 1536w\" sizes=\"(max-width: 1920px) 100vw, 1920px\" \/>\t\t\t\t\t\t\t\t\t\t\t\t\t\t\t<\/div>\n\t\t\t\t<\/div>\n\t\t\t\t\t<\/div>\n\t\t\t\t<\/div>\n\t\t\t\t<\/div>\n\t\t","protected":false},"excerpt":{"rendered":"<p>Exposici\u00f3n itinerante<\/p>\n","protected":false},"author":7,"featured_media":55585,"comment_status":"closed","ping_status":"closed","sticky":false,"template":"","format":"standard","meta":{"footnotes":""},"categories":[30],"tags":[],"class_list":["post-55726","post","type-post","status-publish","format-standard","has-post-thumbnail","hentry","category-uncategorized"],"_links":{"self":[{"href":"https:\/\/museomoderno.org\/en\/wp-json\/wp\/v2\/posts\/55726","targetHints":{"allow":["GET"]}}],"collection":[{"href":"https:\/\/museomoderno.org\/en\/wp-json\/wp\/v2\/posts"}],"about":[{"href":"https:\/\/museomoderno.org\/en\/wp-json\/wp\/v2\/types\/post"}],"author":[{"embeddable":true,"href":"https:\/\/museomoderno.org\/en\/wp-json\/wp\/v2\/users\/7"}],"replies":[{"embeddable":true,"href":"https:\/\/museomoderno.org\/en\/wp-json\/wp\/v2\/comments?post=55726"}],"version-history":[{"count":8,"href":"https:\/\/museomoderno.org\/en\/wp-json\/wp\/v2\/posts\/55726\/revisions"}],"predecessor-version":[{"id":55878,"href":"https:\/\/museomoderno.org\/en\/wp-json\/wp\/v2\/posts\/55726\/revisions\/55878"}],"wp:featuredmedia":[{"embeddable":true,"href":"https:\/\/museomoderno.org\/en\/wp-json\/wp\/v2\/media\/55585"}],"wp:attachment":[{"href":"https:\/\/museomoderno.org\/en\/wp-json\/wp\/v2\/media?parent=55726"}],"wp:term":[{"taxonomy":"category","embeddable":true,"href":"https:\/\/museomoderno.org\/en\/wp-json\/wp\/v2\/categories?post=55726"},{"taxonomy":"post_tag","embeddable":true,"href":"https:\/\/museomoderno.org\/en\/wp-json\/wp\/v2\/tags?post=55726"}],"curies":[{"name":"wp","href":"https:\/\/api.w.org\/{rel}","templated":true}]}}