{"id":54647,"date":"2025-08-21T17:08:20","date_gmt":"2025-08-21T20:08:20","guid":{"rendered":"https:\/\/museomoderno.org\/nacha-guevara-aqui-estoy-vuelvo-fuentes\/"},"modified":"2025-09-19T16:50:22","modified_gmt":"2025-09-19T19:50:22","slug":"nacha-guevara-aqui-estoy-vuelvo-fuentes","status":"publish","type":"post","link":"https:\/\/museomoderno.org\/en\/nacha-guevara-aqui-estoy-vuelvo-fuentes\/","title":{"rendered":"Nacha Guevara: Aqu\u00ed estoy Vuelvo Fuentes"},"content":{"rendered":"\t\t<div data-elementor-type=\"wp-post\" data-elementor-id=\"54647\" class=\"elementor elementor-54647 elementor-53876\" data-elementor-post-type=\"post\">\n\t\t\t\t\t\t<section class=\"elementor-section elementor-top-section elementor-element elementor-element-2593a3b6 elementor-section-boxed elementor-section-height-default elementor-section-height-default\" data-id=\"2593a3b6\" data-element_type=\"section\" data-e-type=\"section\">\n\t\t\t\t\t\t<div class=\"elementor-container elementor-column-gap-default\">\n\t\t\t\t\t<div class=\"elementor-column elementor-col-100 elementor-top-column elementor-element elementor-element-41fa10fa\" data-id=\"41fa10fa\" data-element_type=\"column\" data-e-type=\"column\">\n\t\t\t<div class=\"elementor-widget-wrap elementor-element-populated\">\n\t\t\t\t\t\t<div class=\"elementor-element elementor-element-c2d0349 elementor-widget elementor-widget-heading\" data-id=\"c2d0349\" data-element_type=\"widget\" data-e-type=\"widget\" data-widget_type=\"heading.default\">\n\t\t\t\t<div class=\"elementor-widget-container\">\n\t\t\t\t\t<h1 class=\"elementor-heading-title elementor-size-default\">LOS PATITOS FEOS [THE UGLY DUCKLINGS]<\/h1>\t\t\t\t<\/div>\n\t\t\t\t<\/div>\n\t\t\t\t<div class=\"elementor-element elementor-element-71562576 elementor-widget-divider--view-line elementor-widget elementor-widget-divider\" data-id=\"71562576\" data-element_type=\"widget\" data-e-type=\"widget\" data-widget_type=\"divider.default\">\n\t\t\t\t<div class=\"elementor-widget-container\">\n\t\t\t\t\t\t\t<div class=\"elementor-divider\">\n\t\t\t<span class=\"elementor-divider-separator\">\n\t\t\t\t\t\t<\/span>\n\t\t<\/div>\n\t\t\t\t\t\t<\/div>\n\t\t\t\t<\/div>\n\t\t\t\t\t<\/div>\n\t\t<\/div>\n\t\t\t\t\t<\/div>\n\t\t<\/section>\n\t\t<div class=\"elementor-element elementor-element-0cd9847 e-flex e-con-boxed e-con e-parent\" data-id=\"0cd9847\" data-element_type=\"container\" data-e-type=\"container\">\n\t\t\t\t\t<div class=\"e-con-inner\">\n\t\t\t\t<div class=\"elementor-element elementor-element-5a36395 elementor-widget elementor-widget-image\" data-id=\"5a36395\" data-element_type=\"widget\" data-e-type=\"widget\" data-widget_type=\"image.default\">\n\t\t\t\t<div class=\"elementor-widget-container\">\n\t\t\t\t\t\t\t\t\t\t\t\t\t\t\t<img fetchpriority=\"high\" decoding=\"async\" width=\"2480\" height=\"2480\" src=\"https:\/\/museomoderno.org\/wp-content\/uploads\/2025\/08\/Panel-7.jpg\" class=\"attachment-full size-full wp-image-54515\" alt=\"\" srcset=\"https:\/\/museomoderno.org\/wp-content\/uploads\/2025\/08\/Panel-7.jpg 2480w, https:\/\/museomoderno.org\/wp-content\/uploads\/2025\/08\/Panel-7-300x300.jpg 300w, https:\/\/museomoderno.org\/wp-content\/uploads\/2025\/08\/Panel-7-1024x1024.jpg 1024w, https:\/\/museomoderno.org\/wp-content\/uploads\/2025\/08\/Panel-7-150x150.jpg 150w, https:\/\/museomoderno.org\/wp-content\/uploads\/2025\/08\/Panel-7-768x768.jpg 768w, https:\/\/museomoderno.org\/wp-content\/uploads\/2025\/08\/Panel-7-1536x1536.jpg 1536w, https:\/\/museomoderno.org\/wp-content\/uploads\/2025\/08\/Panel-7-2048x2048.jpg 2048w\" sizes=\"(max-width: 2480px) 100vw, 2480px\" \/>\t\t\t\t\t\t\t\t\t\t\t\t\t\t\t<\/div>\n\t\t\t\t<\/div>\n\t\t\t\t\t<\/div>\n\t\t\t\t<\/div>\n\t\t<div class=\"elementor-element elementor-element-dbd6183 e-flex e-con-boxed e-con e-parent\" data-id=\"dbd6183\" data-element_type=\"container\" data-e-type=\"container\">\n\t\t\t\t\t<div class=\"e-con-inner\">\n\t\t\t\t<div class=\"elementor-element elementor-element-da0d53d elementor-widget elementor-widget-text-editor\" data-id=\"da0d53d\" data-element_type=\"widget\" data-e-type=\"widget\" data-widget_type=\"text-editor.default\">\n\t\t\t\t<div class=\"elementor-widget-container\">\n\t\t\t\t\t\t\t\t\t<p><b>Disco [Album]<br \/><\/b><i><span style=\"font-weight: 400;\">Los patitos feos<\/span><\/i><span style=\"font-weight: 400;\"> [<\/span><i><span style=\"font-weight: 400;\">The Ugly Ducklings<\/span><\/i><span style=\"font-weight: 400;\">], 1984<br \/><\/span><span style=\"font-weight: 400;\">Arreglos y direcci\u00f3n [Arrangements and musical direction]: Alberto Favero<br \/><\/span><span style=\"font-weight: 400;\">Sello discogr\u00e1fico [Record label]: CBS<br \/><\/span><span style=\"font-weight: 400;\">Direcci\u00f3n art\u00edstica [Artistic direction]: Vicente Sardelich Brian<br \/><\/span><span style=\"font-weight: 400;\">Dise\u00f1o gr\u00e1fico [Graphic design]: Luis Grisutti<br \/><\/span><span style=\"font-weight: 400;\">Fotograf\u00eda de contratapa [Back cover photography]: C\u00e9sar Lucas<\/span><\/p><p><span style=\"font-weight: 400;\">1. <\/span><b>Front page<\/b><span style=\"font-weight: 400;\"> of <\/span><i><span style=\"font-weight: 400;\">Clar\u00edn<\/span><\/i><span style=\"font-weight: 400;\"> newspaper, Buenos Aires, 31 October 1983<br \/><\/span><span style=\"font-weight: 400;\">Courtesy of the microfilm archives of the Biblioteca del Congreso de La Naci\u00f3n<\/span><\/p><p>2. <b>Cover<\/b><span style=\"font-weight: 400;\"> of <\/span><i><span style=\"font-weight: 400;\">Siete d\u00edas<\/span><\/i><span style=\"font-weight: 400;\"> magazine, Buenos Aires, January 1984<br \/><\/span><span style=\"font-weight: 400;\">Courtesy of Nacha Guevara<\/span><\/p><p><span style=\"font-weight: 400;\">3. <\/span><b>News article<\/b><span style=\"font-weight: 400;\"> \u201cPara que la canci\u00f3n no se haga cenizas\u201d [\u2018So song does not turn to ashes\u2019], <\/span><i><span style=\"font-weight: 400;\">Hoy<\/span><\/i><span style=\"font-weight: 400;\"> newspaper, La Plata, 28 July 1987<br \/><\/span><span style=\"font-weight: 400;\">Courtesy of Nacha Guevara<\/span><\/p><p><span style=\"font-weight: 400;\">4. <\/span><b>Photograph <\/b><span style=\"font-weight: 400;\">of Nacha Guevara, ca. 1984<br \/><\/span><span style=\"font-weight: 400;\">Courtesy of Nacha Guevara<\/span><\/p><p><span style=\"font-weight: 400;\">5. <\/span><b>News interview<\/b><span style=\"font-weight: 400;\"> \u201cNacha Guevara. \u2018Vuelvo a cantarle a la esperanza\u2019\u201d [\u2018Nacha Guevara, \u201cI\u2019m back to singing of hope\u201d\u2019], <\/span><i><span style=\"font-weight: 400;\">Clar\u00edn<\/span><\/i><span style=\"font-weight: 400;\"> newspaper, Buenos Aires, 4 December 1983<br \/><\/span><span style=\"font-weight: 400;\">Courtesy of Nacha Guevara<\/span><\/p><p><span style=\"font-weight: 400;\">6. <\/span><b>News article<\/b><span style=\"font-weight: 400;\"> \u201cNacha Guevara anunci\u00f3 en Granada su vuelta a Argentina despu\u00e9s de 10 a\u00f1os de exilio\u201d [\u2018From Granada, Nacha Guevara announces her return to Argentina after 10 years in exile\u2019], <\/span><i><span style=\"font-weight: 400;\">Ideal<\/span><\/i><span style=\"font-weight: 400;\"> newspaper, Andaluc\u00eda, 4 December 1983<br \/><\/span><span style=\"font-weight: 400;\">Courtesy of Nacha Guevara<\/span><\/p><p><span style=\"font-weight: 400;\">7. <\/span><b>Front page<\/b><span style=\"font-weight: 400;\"> of <\/span><i><span style=\"font-weight: 400;\">La Voz del Interior<\/span><\/i><span style=\"font-weight: 400;\"> newspaper, C\u00f3rdoba, 10 December 1983<br \/><\/span><span style=\"font-weight: 400;\">Courtesy of the newspaper archives of the Biblioteca del Congreso de La Naci\u00f3n<\/span><\/p><p><span style=\"font-weight: 400;\">8. <\/span><b>Photograph<\/b> of Nacha Guevara with Federico Peralta Ramos at the premiere of\u00a0<em>Eva: El gran musical argentino<\/em>\u00a0[Eva: The Great Argentine Musical], 1986<br \/><b><\/b><span style=\"font-weight: 400;\">Courtesy of Nacha Guevara<\/span><\/p><p><span style=\"font-weight: 400;\">9. <\/span><b>Photograph<\/b><span style=\"font-weight: 400;\"> of Nacha Guevara at a human rights rally, Buenos Aires, 1984<br \/><\/span><span style=\"font-weight: 400;\">Courtesy of Nacha Guevara<\/span><\/p><p><span style=\"font-weight: 400;\">10. <\/span><b>Advertising poster<\/b><span style=\"font-weight: 400;\"> for the show <\/span><i><span style=\"font-weight: 400;\">Nacha Guevara, aqu\u00ed estoy<\/span><\/i><span style=\"font-weight: 400;\"> [<\/span><i><span style=\"font-weight: 400;\">Nacha Guevara, I\u2019m Still Here<\/span><\/i><span style=\"font-weight: 400;\">], 1984<br \/><\/span><span style=\"font-weight: 400;\">Courtesy of Nacha Guevara<\/span><\/p><p><span style=\"font-weight: 400;\">11. <\/span><b>News article \u201c<\/b><span style=\"font-weight: 400;\">Nacha Guevara de regreso a su pa\u00eds\u201d [\u2018Nacha Guevara returns to her country\u2019], undated<br \/><\/span><span style=\"font-weight: 400;\">Courtesy of Nacha Guevara<\/span><\/p><p><span style=\"font-weight: 400;\">12. <\/span><b>Ballot<\/b><span style=\"font-weight: 400;\"> for the Uni\u00f3n C\u00edvica Radical [Radical Civic Union], 30 October 1983<\/span><\/p><p><span style=\"font-weight: 400;\">13. <\/span><b>News article<\/b><span style=\"font-weight: 400;\"> \u201cQuedate, Nacha\u201d [\u2018Stay, Nacha\u2019], <\/span><i><span style=\"font-weight: 400;\">Picadillo Circo<\/span><\/i><span style=\"font-weight: 400;\"> magazine, 1984<br \/><\/span><span style=\"font-weight: 400;\">Courtesy of Nacha Guevara<\/span><\/p><p><span style=\"font-weight: 400;\">14. <\/span><b>Photograph<\/b><span style=\"font-weight: 400;\"> of Nacha Guevara with former President Ra\u00fal Alfons\u00edn, with a signed dedication, 1984<br \/><\/span><span style=\"font-weight: 400;\">Courtesy of Nacha Guevara<\/span><\/p><p><span style=\"font-weight: 400;\">15. <\/span><b>News article<\/b><span style=\"font-weight: 400;\"> \u201cEl Music-Hall argentino: Antes y despu\u00e9s de Nacha\u201d [\u2018Argentine music hall: before and after Nacha\u2019], undated<br \/><\/span><span style=\"font-weight: 400;\">Courtesy of Nacha Guevara<\/span><\/p><p><span style=\"font-weight: 400;\">16. <\/span><b>News article<\/b><span style=\"font-weight: 400;\"> \u201cAlt\u00edsima calidad en <\/span><i><span style=\"font-weight: 400;\">Aqu\u00ed estoy<\/span><\/i><span style=\"font-weight: 400;\"> de la Guevara\u201d [\u2018Highest quality in Guevara\u2019s <\/span><i><span style=\"font-weight: 400;\">I\u2019m Still Here<\/span><\/i><span style=\"font-weight: 400;\">], <\/span><i><span style=\"font-weight: 400;\">Tiempo Argentino<\/span><\/i><span style=\"font-weight: 400;\"> newspaper, La Plata, 22 March 1984<br \/><\/span><span style=\"font-weight: 400;\">Courtesy of Nacha Guevara<\/span><\/p><p><span style=\"font-weight: 400;\">17. <\/span><b>Photograph<\/b><span style=\"font-weight: 400;\"> of Nacha Guevara in the studio while recording the album <\/span><i><span style=\"font-weight: 400;\">Los patitos feos<\/span><\/i><span style=\"font-weight: 400;\"> [<\/span><i><span style=\"font-weight: 400;\">The Ugly Ducklings<\/span><\/i><span style=\"font-weight: 400;\">], 1984<br \/><\/span><span style=\"font-weight: 400;\">Courtesy of Nacha Guevara<\/span><\/p><p><span style=\"font-weight: 400;\">18. <\/span><b>Clipping of the programme<\/b><span style=\"font-weight: 400;\"> for the show <\/span><i><span style=\"font-weight: 400;\">Nacha Guevara, aqu\u00ed estoy<\/span><\/i><span style=\"font-weight: 400;\"> [<\/span><i><span style=\"font-weight: 400;\">Nacha Guevara, I\u2019m Still Here<\/span><\/i><span style=\"font-weight: 400;\">], 1984<br \/><\/span><span style=\"font-weight: 400;\">Courtesy of Nacha Guevara<\/span><\/p><p><span style=\"font-weight: 400;\">19. <\/span><b>Photograph <\/b><span style=\"font-weight: 400;\">of Nacha Guevara, <\/span><i><span style=\"font-weight: 400;\">La Semana<\/span><\/i><span style=\"font-weight: 400;\"> magazine, Madrid, 21 November 1985<br \/><\/span><span style=\"font-weight: 400;\">Photographer: Rudy Hanak<br \/><\/span><span style=\"font-weight: 400;\">Courtesy of Nacha Guevara<\/span><\/p><p><span style=\"font-weight: 400;\">20. <\/span><b>News article<\/b><span style=\"font-weight: 400;\"> \u201cNacha Guevara. El personaje de la semana\u201d [\u2018Nacha Guevara: Personality of the week\u2019], <\/span><i><span style=\"font-weight: 400;\">El Observador<\/span><\/i><span style=\"font-weight: 400;\"> newspaper, Montevideo, 9 December 1983<br \/><\/span><span style=\"font-weight: 400;\">Courtesy of Nacha Guevara<\/span><\/p><p><span style=\"font-weight: 400;\">21. <\/span><b>Photograph<\/b><span style=\"font-weight: 400;\"> of Nacha Guevara in the show <\/span><i><span style=\"font-weight: 400;\">Aqu\u00ed estoy<\/span><\/i><span style=\"font-weight: 400;\"> [<\/span><i><span style=\"font-weight: 400;\">I\u2019m Still Here<\/span><\/i><span style=\"font-weight: 400;\">, Teatro Lola Membrives, 1984<br \/><\/span><span style=\"font-weight: 400;\">Courtesy of Nacha Guevara<\/span><\/p>\t\t\t\t\t\t\t\t<\/div>\n\t\t\t\t<\/div>\n\t\t\t\t\t<\/div>\n\t\t\t\t<\/div>\n\t\t\t\t<\/div>\n\t\t","protected":false},"excerpt":{"rendered":"<p>LOS PATITOS FEOS [THE UGLY DUCKLINGS] Disco [Album]Los patitos feos [The Ugly Ducklings], 1984Arreglos y direcci\u00f3n [Arrangements and musical direction]: Alberto FaveroSello discogr\u00e1fico [Record label]: CBSDirecci\u00f3n art\u00edstica [Artistic direction]: Vicente Sardelich BrianDise\u00f1o gr\u00e1fico [Graphic design]: Luis GrisuttiFotograf\u00eda de contratapa [Back cover photography]: C\u00e9sar Lucas 1. Front page of Clar\u00edn newspaper, Buenos Aires, 31 October 1983Courtesy [&hellip;]<\/p>\n","protected":false},"author":7,"featured_media":0,"comment_status":"closed","ping_status":"open","sticky":false,"template":"","format":"standard","meta":{"footnotes":""},"categories":[30],"tags":[],"class_list":["post-54647","post","type-post","status-publish","format-standard","hentry","category-uncategorized"],"_links":{"self":[{"href":"https:\/\/museomoderno.org\/en\/wp-json\/wp\/v2\/posts\/54647","targetHints":{"allow":["GET"]}}],"collection":[{"href":"https:\/\/museomoderno.org\/en\/wp-json\/wp\/v2\/posts"}],"about":[{"href":"https:\/\/museomoderno.org\/en\/wp-json\/wp\/v2\/types\/post"}],"author":[{"embeddable":true,"href":"https:\/\/museomoderno.org\/en\/wp-json\/wp\/v2\/users\/7"}],"replies":[{"embeddable":true,"href":"https:\/\/museomoderno.org\/en\/wp-json\/wp\/v2\/comments?post=54647"}],"version-history":[{"count":8,"href":"https:\/\/museomoderno.org\/en\/wp-json\/wp\/v2\/posts\/54647\/revisions"}],"predecessor-version":[{"id":54707,"href":"https:\/\/museomoderno.org\/en\/wp-json\/wp\/v2\/posts\/54647\/revisions\/54707"}],"wp:attachment":[{"href":"https:\/\/museomoderno.org\/en\/wp-json\/wp\/v2\/media?parent=54647"}],"wp:term":[{"taxonomy":"category","embeddable":true,"href":"https:\/\/museomoderno.org\/en\/wp-json\/wp\/v2\/categories?post=54647"},{"taxonomy":"post_tag","embeddable":true,"href":"https:\/\/museomoderno.org\/en\/wp-json\/wp\/v2\/tags?post=54647"}],"curies":[{"name":"wp","href":"https:\/\/api.w.org\/{rel}","templated":true}]}}