{"id":54641,"date":"2025-08-21T17:04:11","date_gmt":"2025-08-21T20:04:11","guid":{"rendered":"https:\/\/museomoderno.org\/nacha-guevara-aqui-estoy-broadway-fuentes\/"},"modified":"2025-09-19T13:08:10","modified_gmt":"2025-09-19T16:08:10","slug":"nacha-guevara-aqui-estoy-broadway-fuentes","status":"publish","type":"post","link":"https:\/\/museomoderno.org\/en\/nacha-guevara-aqui-estoy-broadway-fuentes\/","title":{"rendered":"Nacha Guevara: Aqu\u00ed estoy Broadway Fuentes"},"content":{"rendered":"\t\t<div data-elementor-type=\"wp-post\" data-elementor-id=\"54641\" class=\"elementor elementor-54641 elementor-53866\" data-elementor-post-type=\"post\">\n\t\t\t\t\t\t<section class=\"elementor-section elementor-top-section elementor-element elementor-element-488be1e0 elementor-section-boxed elementor-section-height-default elementor-section-height-default\" data-id=\"488be1e0\" data-element_type=\"section\" data-e-type=\"section\">\n\t\t\t\t\t\t<div class=\"elementor-container elementor-column-gap-default\">\n\t\t\t\t\t<div class=\"elementor-column elementor-col-100 elementor-top-column elementor-element elementor-element-7e3ef86d\" data-id=\"7e3ef86d\" data-element_type=\"column\" data-e-type=\"column\">\n\t\t\t<div class=\"elementor-widget-wrap elementor-element-populated\">\n\t\t\t\t\t\t<div class=\"elementor-element elementor-element-0a45085 elementor-widget elementor-widget-heading\" data-id=\"0a45085\" data-element_type=\"widget\" data-e-type=\"widget\" data-widget_type=\"heading.default\">\n\t\t\t\t<div class=\"elementor-widget-container\">\n\t\t\t\t\t<h1 class=\"elementor-heading-title elementor-size-default\">AQU\u00cd ESTOY [I'M STILL HERE]<\/h1>\t\t\t\t<\/div>\n\t\t\t\t<\/div>\n\t\t\t\t<div class=\"elementor-element elementor-element-29b3124f elementor-widget-divider--view-line elementor-widget elementor-widget-divider\" data-id=\"29b3124f\" data-element_type=\"widget\" data-e-type=\"widget\" data-widget_type=\"divider.default\">\n\t\t\t\t<div class=\"elementor-widget-container\">\n\t\t\t\t\t\t\t<div class=\"elementor-divider\">\n\t\t\t<span class=\"elementor-divider-separator\">\n\t\t\t\t\t\t<\/span>\n\t\t<\/div>\n\t\t\t\t\t\t<\/div>\n\t\t\t\t<\/div>\n\t\t\t\t\t<\/div>\n\t\t<\/div>\n\t\t\t\t\t<\/div>\n\t\t<\/section>\n\t\t<div class=\"elementor-element elementor-element-dcca0b9 e-flex e-con-boxed e-con e-parent\" data-id=\"dcca0b9\" data-element_type=\"container\" data-e-type=\"container\">\n\t\t\t\t\t<div class=\"e-con-inner\">\n\t\t\t\t<div class=\"elementor-element elementor-element-484c810 elementor-widget elementor-widget-image\" data-id=\"484c810\" data-element_type=\"widget\" data-e-type=\"widget\" data-widget_type=\"image.default\">\n\t\t\t\t<div class=\"elementor-widget-container\">\n\t\t\t\t\t\t\t\t\t\t\t\t\t\t\t<img fetchpriority=\"high\" decoding=\"async\" width=\"2480\" height=\"2480\" src=\"https:\/\/museomoderno.org\/wp-content\/uploads\/2025\/08\/Panel-6.jpg\" class=\"attachment-full size-full wp-image-54509\" alt=\"\" srcset=\"https:\/\/museomoderno.org\/wp-content\/uploads\/2025\/08\/Panel-6.jpg 2480w, https:\/\/museomoderno.org\/wp-content\/uploads\/2025\/08\/Panel-6-300x300.jpg 300w, https:\/\/museomoderno.org\/wp-content\/uploads\/2025\/08\/Panel-6-1024x1024.jpg 1024w, https:\/\/museomoderno.org\/wp-content\/uploads\/2025\/08\/Panel-6-150x150.jpg 150w, https:\/\/museomoderno.org\/wp-content\/uploads\/2025\/08\/Panel-6-768x768.jpg 768w, https:\/\/museomoderno.org\/wp-content\/uploads\/2025\/08\/Panel-6-1536x1536.jpg 1536w, https:\/\/museomoderno.org\/wp-content\/uploads\/2025\/08\/Panel-6-2048x2048.jpg 2048w\" sizes=\"(max-width: 2480px) 100vw, 2480px\" \/>\t\t\t\t\t\t\t\t\t\t\t\t\t\t\t<\/div>\n\t\t\t\t<\/div>\n\t\t\t\t\t<\/div>\n\t\t\t\t<\/div>\n\t\t<div class=\"elementor-element elementor-element-3a457a1 e-flex e-con-boxed e-con e-parent\" data-id=\"3a457a1\" data-element_type=\"container\" data-e-type=\"container\">\n\t\t\t\t\t<div class=\"e-con-inner\">\n\t\t\t\t<div class=\"elementor-element elementor-element-4c0f6ea elementor-widget elementor-widget-text-editor\" data-id=\"4c0f6ea\" data-element_type=\"widget\" data-e-type=\"widget\" data-widget_type=\"text-editor.default\">\n\t\t\t\t<div class=\"elementor-widget-container\">\n\t\t\t\t\t\t\t\t\t<p><b>Disco [Album]<br \/><\/b><i><span style=\"font-weight: 400;\">Aqu\u00ed estoy<\/span><\/i><span style=\"font-weight: 400;\"> [<\/span><i><span style=\"font-weight: 400;\">I\u2019m Still Here<\/span><\/i><span style=\"font-weight: 400;\">], 1981<br \/><\/span><span style=\"font-weight: 400;\">Arreglos, piano y direcci\u00f3n orquestal [Arrangements, piano and orchestral conducting]: Alberto Favero<br \/><\/span><span style=\"font-weight: 400;\">Sello discogr\u00e1fico [Record label]: Hispavox<br \/><\/span><span style=\"font-weight: 400;\">Portada y dise\u00f1o gr\u00e1fico [Cover and graphic design]: Hermanos Eguiguren<\/span><\/p><p><span style=\"font-weight: 400;\">1. <\/span><b>Promotional photograph <\/b><span style=\"font-weight: 400;\">of Nacha Guevara for the show <\/span><i><span style=\"font-weight: 400;\">Nacha de Noche<\/span><\/i><span style=\"font-weight: 400;\"> [<\/span><i><span style=\"font-weight: 400;\">Nacha by Night<\/span><\/i><span style=\"font-weight: 400;\">], 1978<br \/><\/span><span style=\"font-weight: 400;\">Photographer: Nadine Marokova<br \/><\/span><span style=\"font-weight: 400;\">Courtesy of Nacha Guevara<\/span><\/p><p><span style=\"font-weight: 400;\">2. <\/span><b>News article \u2018<\/b><span style=\"font-weight: 400;\">The Passion of Nacha Guevara\u2019, <\/span><i><span style=\"font-weight: 400;\">The Washington Post<\/span><\/i><span style=\"font-weight: 400;\">, Washington, 6 April 1973<br \/><\/span><span style=\"font-weight: 400;\">Courtesy of Nacha Guevara<\/span><\/p><p>3. <b>News clipping<\/b><span style=\"font-weight: 400;\"> \u201cNacha Guevara. Adi\u00f3s Argentina, Hello Broadway\u201d, <\/span><i><span style=\"font-weight: 400;\">Interview<\/span><\/i><span style=\"font-weight: 400;\"> magazine, Nueva York, March 1979<br \/><\/span><span style=\"font-weight: 400;\">Courtesy of Nacha Guevara<\/span><\/p><p><span style=\"font-weight: 400;\">4. <\/span><b>Photograph<\/b><span style=\"font-weight: 400;\"> of Nacha Guevara with Alberto Favero in Central Park, New York, 1983<br \/><\/span><span style=\"font-weight: 400;\">Courtesy of Nacha Guevara<\/span><\/p><p><span style=\"font-weight: 400;\">5. <\/span><b>News clipping<\/b><span style=\"font-weight: 400;\"> \u201cPrimer homosexual con c\u00e1ncer gay en Madrid\u201d [\u2018First homosexual with gay cancer in Madrid\u2019], <\/span><i><span style=\"font-weight: 400;\">Diario 16<\/span><\/i><span style=\"font-weight: 400;\">, Madrid, 14 June 1983<br \/><\/span><span style=\"font-weight: 400;\">Edited by Job Salorio<br \/><\/span><span style=\"font-weight: 400;\">See: &lt;<\/span><a href=\"https:\/\/cesida.org\/blog\/40-anos-de-los-primeros-casos-de-sida-en-el-mundo\/\" target=\"_blank\" rel=\"noopener\"><span style=\"font-weight: 400;\">https:\/\/cesida.org\/blog\/40-anos-de-los-primeros-casos-de-sida-en-el-mundo\/<\/span><\/a><span style=\"font-weight: 400;\">&gt;<\/span><\/p><p><span style=\"font-weight: 400;\">6. <\/span><b>Photograph <\/b><span style=\"font-weight: 400;\">of Nacha Guevara with Harold Prince, at the premiere of <\/span><i><span style=\"font-weight: 400;\">Kiss of the Spider Woman<\/span><\/i><span style=\"font-weight: 400;\">, 1993<br \/><\/span><span style=\"font-weight: 400;\">Courtesy of Nacha Guevara<\/span><\/p><p><span style=\"font-weight: 400;\">7. <\/span><b>Quote <\/b><span style=\"font-weight: 400;\">by Harold Prince, delivered when he presented Nacha Guevara\u2019s show at the Saint James Theatre in New York, 1981<br \/><\/span><span style=\"font-weight: 400;\">Courtesy of Nacha Guevara<\/span><\/p><p><span style=\"font-weight: 400;\">8. <\/span><b>Telegram<\/b><span style=\"font-weight: 400;\"> to Nacha Guevara from Harold Prince, 20 October 1982<br \/><\/span><span style=\"font-weight: 400;\">Courtesy of Nacha Guevara<\/span><\/p><p><span style=\"font-weight: 400;\">9. <\/span><b>News clipping<\/b><span style=\"font-weight: 400;\"> &#8216;WTG\u2019S Performer of the Year for 1982&#8217;, <\/span><i><span style=\"font-weight: 400;\">Washington&#8217;s Theatre Guide<\/span><\/i><span style=\"font-weight: 400;\"> magazine, <\/span><span style=\"font-weight: 400;\">Washington,<\/span> <span style=\"font-weight: 400;\">1982<br \/><\/span><span style=\"font-weight: 400;\">Courtesy of Nacha Guevara<\/span><\/p><p><span style=\"font-weight: 400;\">10. <\/span><b>Advertisement for the show<\/b> <i><span style=\"font-weight: 400;\">Nacha<\/span><\/i><span style=\"font-weight: 400;\">, featuring blurbs from the critics, <\/span><i><span style=\"font-weight: 400;\">The Washington Post<\/span><\/i><span style=\"font-weight: 400;\">, Washington, 1982<br \/><\/span><span style=\"font-weight: 400;\">Courtesy of Nacha Guevara<\/span><\/p><p><span style=\"font-weight: 400;\">11. <\/span><b>News article \u2018<\/b><span style=\"font-weight: 400;\">Cabaret: one\u2019s stunning, but the other just stings\u2019, <\/span><i><span style=\"font-weight: 400;\">The New York Post<\/span><\/i><span style=\"font-weight: 400;\">, New York, 17 May 1983<br \/><\/span><span style=\"font-weight: 400;\">Courtesy of Nacha Guevara<\/span><\/p><p><span style=\"font-weight: 400;\">12. <\/span><b>Advertisement for the show<\/b> <i><span style=\"font-weight: 400;\">Nacha<\/span><\/i><span style=\"font-weight: 400;\">, <\/span><i><span style=\"font-weight: 400;\">The Washington Post<\/span><\/i><span style=\"font-weight: 400;\"> newspaper, Washington, 1982<br \/><\/span><span style=\"font-weight: 400;\">Courtesy of Nacha Guevara<\/span><\/p><p><span style=\"font-weight: 400;\">13. <\/span><b>News clipping<\/b><span style=\"font-weight: 400;\"> &#8216;They sing outrage and hilarity: Nacha Guevara, Alberto Favero&#8217;, <\/span><i><span style=\"font-weight: 400;\">Vogue<\/span><\/i><span style=\"font-weight: 400;\"> magazine, New York, February 1979<br \/><\/span><span style=\"font-weight: 400;\">Courtesy of Nacha Guevara<\/span><\/p><p><span style=\"font-weight: 400;\">14. <\/span><b>Envelope<\/b><span style=\"font-weight: 400;\"> received by Nacha Guevara during her show <\/span><i><span style=\"font-weight: 400;\">Nacha,<\/span><\/i><span style=\"font-weight: 400;\"> Terrace Theatre Kennedy Center Washington, 1982<br \/><\/span><span style=\"font-weight: 400;\">Courtesy of Nacha Guevara<\/span><\/p><p><span style=\"font-weight: 400;\">15. <\/span><b>Photograph<\/b><span style=\"font-weight: 400;\"> from the show <\/span><i><span style=\"font-weight: 400;\">Nacha de Noche<\/span><\/i><span style=\"font-weight: 400;\"> [<\/span><i><span style=\"font-weight: 400;\">Nacha by Night<\/span><\/i><span style=\"font-weight: 400;\">], Teatro Hidalgo, Mexico City, 1985<br \/><\/span><span style=\"font-weight: 400;\">Courtesy of Nacha Guevara<\/span><\/p><p><span style=\"font-weight: 400;\">16. <\/span><b>Photograph <\/b><span style=\"font-weight: 400;\">of Nacha Guevara with Alberto Favero, <\/span><i><span style=\"font-weight: 400;\">Vogue<\/span><\/i><span style=\"font-weight: 400;\"> magazine, New York, February 1979 Photographer: Richard Avedon<br \/><\/span><span style=\"font-weight: 400;\">Courtesy of Nacha Guevara<\/span><\/p><p><span style=\"font-weight: 400;\">17. <\/span><b>News article<\/b><span style=\"font-weight: 400;\"> \u2018Nacha Guevara!\u2019, <\/span><i><span style=\"font-weight: 400;\">Variety<\/span><\/i><span style=\"font-weight: 400;\"> magazine, New York, 12 December 1979<br \/><\/span><span style=\"font-weight: 400;\">Courtesy of Nacha Guevara<\/span><\/p><p><span style=\"font-weight: 400;\">18. <\/span><b>News article<\/b><span style=\"font-weight: 400;\"> \u2018Nacha Guevara\u2019s Revue: Poignant and Powerful\u2019, <\/span><i><span style=\"font-weight: 400;\">The Washington Post<\/span><\/i><span style=\"font-weight: 400;\">, Washington, 21 October 1982<br \/><\/span><span style=\"font-weight: 400;\">Courtesy of Nacha Guevara<\/span><\/p><p><span style=\"font-weight: 400;\">19. <\/span><b>Photograph <\/b><span style=\"font-weight: 400;\">of Nacha Guevara with Alberto Favero, ca. 1981<br \/><\/span><span style=\"font-weight: 400;\">Courtesy of Nacha Guevara<\/span><\/p><p><span style=\"font-weight: 400;\">20. <\/span><b>Programme for the show<\/b> <i><span style=\"font-weight: 400;\">Nacha at the Top of the Gate<\/span><\/i><span style=\"font-weight: 400;\">, New York, 1983<br \/><\/span><span style=\"font-weight: 400;\">Courtesy of Nacha Guevara<\/span><\/p><p><span style=\"font-weight: 400;\">21. <\/span><b>News clipping<\/b><span style=\"font-weight: 400;\"> &#8216;Showing off Style&#8217;, undated<br \/><\/span><span style=\"font-weight: 400;\">Courtesy of Nacha Guevara<\/span><\/p><p><span style=\"font-weight: 400;\">22. <\/span><b>News article<\/b><span style=\"font-weight: 400;\"> \u2018The Riveting Refugee\u2019, <\/span><i><span style=\"font-weight: 400;\">The Washington Post<\/span><\/i><span style=\"font-weight: 400;\">, Washington, 17 October 1982<br \/><\/span><span style=\"font-weight: 400;\">Courtesy of Nacha Guevara<\/span><\/p><p><span style=\"font-weight: 400;\">23. <\/span><b>News article<\/b><span style=\"font-weight: 400;\"> \u2018Move over, Evita, for Nacha\u2019s rising star\u2019, <\/span><i><span style=\"font-weight: 400;\">USA Today<\/span><\/i><span style=\"font-weight: 400;\">, New York, 9 November 1982<br \/><\/span><span style=\"font-weight: 400;\">Courtesy of Nacha Guevara<\/span><\/p><p><span style=\"font-weight: 400;\">24. <\/span><b>Cover<\/b><span style=\"font-weight: 400;\"> of <\/span><i><span style=\"font-weight: 400;\">Gente<\/span><\/i><span style=\"font-weight: 400;\"> magazine, Buenos Aires, 6 May 1982<br \/><\/span><span style=\"font-weight: 400;\">See: &lt;<\/span><a href=\"https:\/\/huelladelsur.ar\/2024\/04\/02\/malvinas-raices-de-la-desinformacion\/\" target=\"_blank\" rel=\"noopener\"><span style=\"font-weight: 400;\">https:\/\/huelladelsur.ar\/2024\/04\/02\/malvinas-raices-de-la-desinformacion\/<\/span><\/a><span style=\"font-weight: 400;\">&gt;<\/span><\/p><p><span style=\"font-weight: 400;\">25. <\/span><b>News article<\/b><span style=\"font-weight: 400;\"> \u2018Cabaret: Nacha Guevara, Argentina\u2019s Piaf Sings\u2019, <\/span><i><span style=\"font-weight: 400;\">The New York Times<\/span><\/i><span style=\"font-weight: 400;\">, New York, undated<br \/><\/span><span style=\"font-weight: 400;\">Courtesy of Nacha Guevara<\/span><\/p>\t\t\t\t\t\t\t\t<\/div>\n\t\t\t\t<\/div>\n\t\t\t\t\t<\/div>\n\t\t\t\t<\/div>\n\t\t\t\t<\/div>\n\t\t","protected":false},"excerpt":{"rendered":"<p>AQU\u00cd ESTOY [I&#8217;M STILL HERE] Disco [Album]Aqu\u00ed estoy [I\u2019m Still Here], 1981Arreglos, piano y direcci\u00f3n orquestal [Arrangements, piano and orchestral conducting]: Alberto FaveroSello discogr\u00e1fico [Record label]: HispavoxPortada y dise\u00f1o gr\u00e1fico [Cover and graphic design]: Hermanos Eguiguren 1. Promotional photograph of Nacha Guevara for the show Nacha de Noche [Nacha by Night], 1978Photographer: Nadine MarokovaCourtesy of [&hellip;]<\/p>\n","protected":false},"author":7,"featured_media":0,"comment_status":"closed","ping_status":"open","sticky":false,"template":"","format":"standard","meta":{"footnotes":""},"categories":[30],"tags":[],"class_list":["post-54641","post","type-post","status-publish","format-standard","hentry","category-uncategorized"],"_links":{"self":[{"href":"https:\/\/museomoderno.org\/en\/wp-json\/wp\/v2\/posts\/54641","targetHints":{"allow":["GET"]}}],"collection":[{"href":"https:\/\/museomoderno.org\/en\/wp-json\/wp\/v2\/posts"}],"about":[{"href":"https:\/\/museomoderno.org\/en\/wp-json\/wp\/v2\/types\/post"}],"author":[{"embeddable":true,"href":"https:\/\/museomoderno.org\/en\/wp-json\/wp\/v2\/users\/7"}],"replies":[{"embeddable":true,"href":"https:\/\/museomoderno.org\/en\/wp-json\/wp\/v2\/comments?post=54641"}],"version-history":[{"count":5,"href":"https:\/\/museomoderno.org\/en\/wp-json\/wp\/v2\/posts\/54641\/revisions"}],"predecessor-version":[{"id":54646,"href":"https:\/\/museomoderno.org\/en\/wp-json\/wp\/v2\/posts\/54641\/revisions\/54646"}],"wp:attachment":[{"href":"https:\/\/museomoderno.org\/en\/wp-json\/wp\/v2\/media?parent=54641"}],"wp:term":[{"taxonomy":"category","embeddable":true,"href":"https:\/\/museomoderno.org\/en\/wp-json\/wp\/v2\/categories?post=54641"},{"taxonomy":"post_tag","embeddable":true,"href":"https:\/\/museomoderno.org\/en\/wp-json\/wp\/v2\/tags?post=54641"}],"curies":[{"name":"wp","href":"https:\/\/api.w.org\/{rel}","templated":true}]}}