{"id":54613,"date":"2025-08-25T13:00:58","date_gmt":"2025-08-25T16:00:58","guid":{"rendered":"https:\/\/museomoderno.org\/nacha-guevara-aqui-estoy-la-cancion-politica-fuentes\/"},"modified":"2025-09-19T16:41:52","modified_gmt":"2025-09-19T19:41:52","slug":"nacha-guevara-aqui-estoy-la-cancion-politica-fuentes","status":"publish","type":"post","link":"https:\/\/museomoderno.org\/en\/nacha-guevara-aqui-estoy-la-cancion-politica-fuentes\/","title":{"rendered":"Nacha Guevara: Aqu\u00ed estoy La canci\u00f3n pol\u00edtica Fuentes"},"content":{"rendered":"\t\t<div data-elementor-type=\"wp-post\" data-elementor-id=\"54613\" class=\"elementor elementor-54613 elementor-53946\" data-elementor-post-type=\"post\">\n\t\t\t\t\t\t<section class=\"elementor-section elementor-top-section elementor-element elementor-element-6f2d7bb1 elementor-section-boxed elementor-section-height-default elementor-section-height-default\" data-id=\"6f2d7bb1\" data-element_type=\"section\" data-e-type=\"section\">\n\t\t\t\t\t\t<div class=\"elementor-container elementor-column-gap-default\">\n\t\t\t\t\t<div class=\"elementor-column elementor-col-100 elementor-top-column elementor-element elementor-element-44c34c65\" data-id=\"44c34c65\" data-element_type=\"column\" data-e-type=\"column\">\n\t\t\t<div class=\"elementor-widget-wrap elementor-element-populated\">\n\t\t\t\t\t\t<div class=\"elementor-element elementor-element-a8ece2d elementor-widget elementor-widget-heading\" data-id=\"a8ece2d\" data-element_type=\"widget\" data-e-type=\"widget\" data-widget_type=\"heading.default\">\n\t\t\t\t<div class=\"elementor-widget-container\">\n\t\t\t\t\t<h1 class=\"elementor-heading-title elementor-size-default\">ESTE ES EL A\u00d1O QUE ES [THIS IS THE YEAR THAT IS]<\/h1>\t\t\t\t<\/div>\n\t\t\t\t<\/div>\n\t\t\t\t<div class=\"elementor-element elementor-element-1c453454 elementor-widget-divider--view-line elementor-widget elementor-widget-divider\" data-id=\"1c453454\" data-element_type=\"widget\" data-e-type=\"widget\" data-widget_type=\"divider.default\">\n\t\t\t\t<div class=\"elementor-widget-container\">\n\t\t\t\t\t\t\t<div class=\"elementor-divider\">\n\t\t\t<span class=\"elementor-divider-separator\">\n\t\t\t\t\t\t<\/span>\n\t\t<\/div>\n\t\t\t\t\t\t<\/div>\n\t\t\t\t<\/div>\n\t\t\t\t\t<\/div>\n\t\t<\/div>\n\t\t\t\t\t<\/div>\n\t\t<\/section>\n\t\t<div class=\"elementor-element elementor-element-7e477c0 e-flex e-con-boxed e-con e-parent\" data-id=\"7e477c0\" data-element_type=\"container\" data-e-type=\"container\">\n\t\t\t\t\t<div class=\"e-con-inner\">\n\t\t\t\t<div class=\"elementor-element elementor-element-d4d5bf4 elementor-widget elementor-widget-image\" data-id=\"d4d5bf4\" data-element_type=\"widget\" data-e-type=\"widget\" data-widget_type=\"image.default\">\n\t\t\t\t<div class=\"elementor-widget-container\">\n\t\t\t\t\t\t\t\t\t\t\t\t\t\t\t<img fetchpriority=\"high\" decoding=\"async\" width=\"2480\" height=\"2480\" src=\"https:\/\/museomoderno.org\/wp-content\/uploads\/2025\/08\/Panel-2.jpg\" class=\"attachment-full size-full wp-image-54527\" alt=\"\" srcset=\"https:\/\/museomoderno.org\/wp-content\/uploads\/2025\/08\/Panel-2.jpg 2480w, https:\/\/museomoderno.org\/wp-content\/uploads\/2025\/08\/Panel-2-300x300.jpg 300w, https:\/\/museomoderno.org\/wp-content\/uploads\/2025\/08\/Panel-2-1024x1024.jpg 1024w, https:\/\/museomoderno.org\/wp-content\/uploads\/2025\/08\/Panel-2-150x150.jpg 150w, https:\/\/museomoderno.org\/wp-content\/uploads\/2025\/08\/Panel-2-768x768.jpg 768w, https:\/\/museomoderno.org\/wp-content\/uploads\/2025\/08\/Panel-2-1536x1536.jpg 1536w, https:\/\/museomoderno.org\/wp-content\/uploads\/2025\/08\/Panel-2-2048x2048.jpg 2048w\" sizes=\"(max-width: 2480px) 100vw, 2480px\" \/>\t\t\t\t\t\t\t\t\t\t\t\t\t\t\t<\/div>\n\t\t\t\t<\/div>\n\t\t\t\t\t<\/div>\n\t\t\t\t<\/div>\n\t\t<div class=\"elementor-element elementor-element-f497a42 e-flex e-con-boxed e-con e-parent\" data-id=\"f497a42\" data-element_type=\"container\" data-e-type=\"container\">\n\t\t\t\t\t<div class=\"e-con-inner\">\n\t\t\t\t<div class=\"elementor-element elementor-element-36a0377 elementor-widget elementor-widget-text-editor\" data-id=\"36a0377\" data-element_type=\"widget\" data-e-type=\"widget\" data-widget_type=\"text-editor.default\">\n\t\t\t\t<div class=\"elementor-widget-container\">\n\t\t\t\t\t\t\t\t\t<p><b>Disco [Album]<br \/><\/b><i><span style=\"font-weight: 400;\">Este es el a\u00f1o que es<\/span><\/i><span style=\"font-weight: 400;\"> [<\/span><i><span style=\"font-weight: 400;\">This Is the Year That Is<\/span><\/i><span style=\"font-weight: 400;\">], 1971<br \/><\/span><span style=\"font-weight: 400;\">Grabado en vivo los d\u00edas 22 y 23 de julio de 1971, en el teatro IFT [Recorded live on 22 and 23 July 1971, at the IFT theatre], Montevideo<br \/><\/span><span style=\"font-weight: 400;\">Arreglos y direcci\u00f3n orquestal [Arrangements and orchestral conducting]: Alberto Favero<br \/><\/span><span style=\"font-weight: 400;\">Sello discogr\u00e1fico [Record label]: Music Hall\u00a0<\/span><\/p><p><span style=\"font-weight: 400;\">1. <\/span><b>News article \u201c<\/b><span style=\"font-weight: 400;\">La canci\u00f3n de protesta. \u00bfArma de lucha?\u201d [\u2018Protest songs: A weapon to fight?\u2019], <\/span><i><span style=\"font-weight: 400;\">La ma\u00f1ana<\/span><\/i><span style=\"font-weight: 400;\"> newspaper, Formosa, 1971\u00a0<br \/><\/span><span style=\"font-weight: 400;\">Courtesy of Nacha Guevara<\/span><\/p><p><span style=\"font-weight: 400;\">2. <\/span><b>News clipping<\/b><span style=\"font-weight: 400;\"> \u201cNacha Guevara. A los burgueses le cae mal\u201d [\u2018Nacha Guevara: The bourgeoisie dislike her\u2019], <\/span><i><span style=\"font-weight: 400;\">Panorama<\/span><\/i><span style=\"font-weight: 400;\"> magazine, Buenos Aires, 27 April 1972<br \/><\/span><span style=\"font-weight: 400;\">Courtesy of Nacha Guevara<\/span><\/p><p><span style=\"font-weight: 400;\">3. <\/span><b>News article<\/b><span style=\"font-weight: 400;\"> \u201c18.000 personas asistieron a la concentraci\u00f3n del encuentro nacional de los argentinos\u201d [\u201818,000 attend rally summoned by the National Gathering of Argentines\u2019], <\/span><i><span style=\"font-weight: 400;\">El Chubut<\/span><\/i><span style=\"font-weight: 400;\"> newspaper, Trelew, 28 November 1971<br \/><\/span><span style=\"font-weight: 400;\">Courtesy of Nacha Guevara<\/span><\/p><p><span style=\"font-weight: 400;\">4. <\/span><b>Photograph<\/b><span style=\"font-weight: 400;\"> of Nacha Guevara from her time as a model, ca. 1966<br \/><\/span><span style=\"font-weight: 400;\">Courtesy of Nacha Guevara<\/span><\/p><p><span style=\"font-weight: 400;\">5. <\/span><b>Photograph<\/b><span style=\"font-weight: 400;\"> of Nacha Guevara at Teatro Luna Park, 1970<br \/><\/span><span style=\"font-weight: 400;\">Photographer: Alejandro Rom\u00e1n<br \/><\/span><span style=\"font-weight: 400;\">Courtesy of Nacha Guevara<\/span><\/p><p><span style=\"font-weight: 400;\">6. <\/span><b>Flyer<\/b><span style=\"font-weight: 400;\"> from the Festival Art\u00edstico Popular [Popular Arts Festival], 1970<br \/><\/span><span style=\"font-weight: 400;\">Courtesy of Nacha Guevara<\/span><\/p><p><span style=\"font-weight: 400;\">7. <\/span><b>News clipping<\/b><span style=\"font-weight: 400;\"> \u201c\u00bfCensura est\u00e1s?\u201d, [\u2018Are you there, Censor?\u2019], <\/span><i><span style=\"font-weight: 400;\">Cr\u00f3nica matutina<\/span><\/i><span style=\"font-weight: 400;\"> newspaper, Buenos Aires, 18 July 1971<br \/><\/span><span style=\"font-weight: 400;\">Courtesy of Nacha Guevara<br \/><\/span><strong>Clipping from the news article<\/strong>\u00a0&#8220;Canciones \u00e1cidas y zumbonas canta la disconformista Nacha Guevara&#8221; [&#8216;Non-conformist Nacha Guevara sings biting and sarcastic songs&#8217;],\u00a0La Raz\u00f3n\u00a0newspaper, 1971<\/p><p><span style=\"font-weight: 400;\">8. <\/span><b>News clipping<\/b><span style=\"font-weight: 400;\"> \u201cProtesta, protestona, protestita\u201d [\u2018Protest, big protest, little protest\u2019], <\/span><i><span style=\"font-weight: 400;\">Popular<\/span><\/i><span style=\"font-weight: 400;\"> newspaper, Buenos Aires, 1971<br \/><\/span><span style=\"font-weight: 400;\">Courtesy of Nacha Guevara<\/span><\/p><p><span style=\"font-weight: 400;\">9. <\/span><b>News article<\/b><span style=\"font-weight: 400;\"> \u201c\u00bfNacha prohibida?\u201d [\u2018Nacha banned?\u2019], <\/span><i><span style=\"font-weight: 400;\">Cr\u00f3nica matutina<\/span><\/i><span style=\"font-weight: 400;\"> newspaper, Buenos Aires, 1971<br \/><\/span><span style=\"font-weight: 400;\">Courtesy of Nacha Guevara<\/span><\/p><p><span style=\"font-weight: 400;\">10. <\/span><b>News article<\/b><span style=\"font-weight: 400;\"> \u201cLa discutida do\u00f1a Nacha\u201d [\u2018The controversial Ms. Nacha\u2019], <\/span><i><span style=\"font-weight: 400;\">As\u00ed<\/span><\/i><span style=\"font-weight: 400;\"> magazine, Buenos Aires, 13 July 1971\u00a0<br \/><\/span><span style=\"font-weight: 400;\">Courtesy of Nacha Guevara<\/span><\/p><p><span style=\"font-weight: 400;\">11.\u00a0<\/span><b>News article<\/b><span style=\"font-weight: 400;\"> \u201cLa cantante Nacha Guevara ofrece un recital donde reaparecen m\u00e9ritos art\u00edsticos y falencias ideol\u00f3gicas\u201d [\u2018Singer Nacha Guevara gives a concert: artistic merits and ideological fallacies reappear\u2019], <\/span><i><span style=\"font-weight: 400;\">La Opini\u00f3n<\/span><\/i><span style=\"font-weight: 400;\"> newspaper, Buenos Aires, 24 June 1971<br \/><\/span><span style=\"font-weight: 400;\">Courtesy of Nacha Guevara<\/span><\/p><p><span style=\"font-weight: 400;\">12. <\/span><b>News article<\/b><span style=\"font-weight: 400;\"> \u201cSuspendida\u201d [\u2018Cancelled\u2019], <\/span><i><span style=\"font-weight: 400;\">Cr\u00f3nica<\/span><\/i><span style=\"font-weight: 400;\"> newspaper, Buenos Aires, 1971<br \/><\/span><span style=\"font-weight: 400;\">Courtesy of Nacha Guevara<\/span><\/p><p><span style=\"font-weight: 400;\">13. <\/span><b>Advertisement<\/b><span style=\"font-weight: 400;\"> for <\/span><i><span style=\"font-weight: 400;\">Este es el a\u00f1o que es<\/span><\/i><span style=\"font-weight: 400;\"> [<\/span><i><span style=\"font-weight: 400;\">This Is the Year That Is<\/span><\/i><span style=\"font-weight: 400;\">], by Nacha Guevara and Alberto Favero, <\/span><i><span style=\"font-weight: 400;\">Cr\u00f3nica matutina<\/span><\/i><span style=\"font-weight: 400;\"> newspaper, Buenos Aires, 1971\u00a0<br \/><\/span><span style=\"font-weight: 400;\">Courtesy of Nacha Guevara<\/span><\/p><p><span style=\"font-weight: 400;\">14. <\/span><b>News article<\/b><span style=\"font-weight: 400;\"> \u201c\u00bfCensura ideol\u00f3gica o <\/span><i><span style=\"font-weight: 400;\">bordereaux<\/span><\/i><span style=\"font-weight: 400;\">? Nacha Guevara abandon\u00f3 el Ode\u00f3n\u201d [\u2018Ideological censorship or box office receipts? Nacha Guevara pulls out of the Ode\u00f3n\u2019], <\/span><i><span style=\"font-weight: 400;\">La Opini\u00f3n<\/span><\/i><span style=\"font-weight: 400;\"> newspaper, Buenos Aires, 13 July 1971<br \/><\/span><span style=\"font-weight: 400;\">Courtesy of Nacha Guevara<\/span><\/p><p><span style=\"font-weight: 400;\">15. <\/span><b>News article<\/b><span style=\"font-weight: 400;\"> \u201cNacha Guevara: Este es el a\u00f1o que es\u201d [\u2018Nacha Guevara: This is the year that is], <\/span><i><span style=\"font-weight: 400;\">\u00a0Plateia<\/span><\/i><span style=\"font-weight: 400;\"> magazine, Rio de Janeiro, 1972<br \/><\/span><span style=\"font-weight: 400;\">Courtesy of Nacha Guevara<\/span><\/p><p><span style=\"font-weight: 400;\">16. <\/span><b>Clipping from <\/b><i><span style=\"font-weight: 400;\">Cr\u00f3nica<\/span><\/i><span style=\"font-weight: 400;\"> newspaper, Buenos Aires, 1971<br \/><\/span><span style=\"font-weight: 400;\">Courtesy of Nacha Guevara<\/span><\/p><p><span style=\"font-weight: 400;\">17. <\/span><b>News article<\/b><span style=\"font-weight: 400;\"> \u201cLa musa del humor y la esperanza\u201d [\u2018The muse of humour and hope\u2019], <\/span><i><span style=\"font-weight: 400;\">Los principios<\/span><\/i><span style=\"font-weight: 400;\"> newspaper, C\u00f3rdoba, 1971<br \/><\/span><span style=\"font-weight: 400;\">Courtesy of Nacha Guevara<\/span><\/p><p><span style=\"font-weight: 400;\">18.\u00a0<\/span><b>News clipping<\/b><span style=\"font-weight: 400;\"> \u201cLa musa del humor y la esperanza\u201d [\u2018The muse of humour and hope\u2019], <\/span><i><span style=\"font-weight: 400;\">Los principios<\/span><\/i><span style=\"font-weight: 400;\"> newspaper, C\u00f3rdoba, 1971<br \/><\/span><span style=\"font-weight: 400;\">Courtesy of Nacha Guevara<\/span><\/p><p><span style=\"font-weight: 400;\">19. <\/span><b>Photograph <\/b><span style=\"font-weight: 400;\">from the show <\/span><i><span style=\"font-weight: 400;\">Este es el a\u00f1o que es<\/span><\/i><span style=\"font-weight: 400;\"> [<\/span><i><span style=\"font-weight: 400;\">This Is the Year That Is<\/span><\/i><span style=\"font-weight: 400;\">], 1971<br \/><\/span><span style=\"font-weight: 400;\">Courtesy of Nacha Guevara<\/span><\/p>\t\t\t\t\t\t\t\t<\/div>\n\t\t\t\t<\/div>\n\t\t\t\t\t<\/div>\n\t\t\t\t<\/div>\n\t\t\t\t<\/div>\n\t\t","protected":false},"excerpt":{"rendered":"<p>ESTE ES EL A\u00d1O QUE ES [THIS IS THE YEAR THAT IS] Disco [Album]Este es el a\u00f1o que es [This Is the Year That Is], 1971Grabado en vivo los d\u00edas 22 y 23 de julio de 1971, en el teatro IFT [Recorded live on 22 and 23 July 1971, at the IFT theatre], MontevideoArreglos y [&hellip;]<\/p>\n","protected":false},"author":7,"featured_media":0,"comment_status":"closed","ping_status":"open","sticky":false,"template":"","format":"standard","meta":{"footnotes":""},"categories":[30],"tags":[],"class_list":["post-54613","post","type-post","status-publish","format-standard","hentry","category-uncategorized"],"_links":{"self":[{"href":"https:\/\/museomoderno.org\/en\/wp-json\/wp\/v2\/posts\/54613","targetHints":{"allow":["GET"]}}],"collection":[{"href":"https:\/\/museomoderno.org\/en\/wp-json\/wp\/v2\/posts"}],"about":[{"href":"https:\/\/museomoderno.org\/en\/wp-json\/wp\/v2\/types\/post"}],"author":[{"embeddable":true,"href":"https:\/\/museomoderno.org\/en\/wp-json\/wp\/v2\/users\/7"}],"replies":[{"embeddable":true,"href":"https:\/\/museomoderno.org\/en\/wp-json\/wp\/v2\/comments?post=54613"}],"version-history":[{"count":11,"href":"https:\/\/museomoderno.org\/en\/wp-json\/wp\/v2\/posts\/54613\/revisions"}],"predecessor-version":[{"id":54688,"href":"https:\/\/museomoderno.org\/en\/wp-json\/wp\/v2\/posts\/54613\/revisions\/54688"}],"wp:attachment":[{"href":"https:\/\/museomoderno.org\/en\/wp-json\/wp\/v2\/media?parent=54613"}],"wp:term":[{"taxonomy":"category","embeddable":true,"href":"https:\/\/museomoderno.org\/en\/wp-json\/wp\/v2\/categories?post=54613"},{"taxonomy":"post_tag","embeddable":true,"href":"https:\/\/museomoderno.org\/en\/wp-json\/wp\/v2\/tags?post=54613"}],"curies":[{"name":"wp","href":"https:\/\/api.w.org\/{rel}","templated":true}]}}