{"id":54598,"date":"2025-08-25T12:36:27","date_gmt":"2025-08-25T15:36:27","guid":{"rendered":"https:\/\/museomoderno.org\/nacha-guevara-aqui-estoy-el-di-tella-fuentes\/"},"modified":"2025-09-19T16:34:29","modified_gmt":"2025-09-19T19:34:29","slug":"nacha-guevara-aqui-estoy-el-di-tella-fuentes","status":"publish","type":"post","link":"https:\/\/museomoderno.org\/en\/nacha-guevara-aqui-estoy-el-di-tella-fuentes\/","title":{"rendered":"Nacha Guevara Canta [Nacha Guevara Sings]"},"content":{"rendered":"\t\t<div data-elementor-type=\"wp-post\" data-elementor-id=\"54598\" class=\"elementor elementor-54598 elementor-53935\" data-elementor-post-type=\"post\">\n\t\t\t\t\t\t<section class=\"elementor-section elementor-top-section elementor-element elementor-element-7b64df21 elementor-section-boxed elementor-section-height-default elementor-section-height-default\" data-id=\"7b64df21\" data-element_type=\"section\" data-e-type=\"section\">\n\t\t\t\t\t\t<div class=\"elementor-container elementor-column-gap-default\">\n\t\t\t\t\t<div class=\"elementor-column elementor-col-100 elementor-top-column elementor-element elementor-element-74e9d5cb\" data-id=\"74e9d5cb\" data-element_type=\"column\" data-e-type=\"column\">\n\t\t\t<div class=\"elementor-widget-wrap elementor-element-populated\">\n\t\t\t\t\t\t<div class=\"elementor-element elementor-element-2857378 elementor-widget elementor-widget-heading\" data-id=\"2857378\" data-element_type=\"widget\" data-e-type=\"widget\" data-widget_type=\"heading.default\">\n\t\t\t\t<div class=\"elementor-widget-container\">\n\t\t\t\t\t<h1 class=\"elementor-heading-title elementor-size-default\">NACHA GUEVARA CANTA [NACHA GUEVARA SINGS]<\/h1>\t\t\t\t<\/div>\n\t\t\t\t<\/div>\n\t\t\t\t<div class=\"elementor-element elementor-element-1910640 elementor-widget-divider--view-line elementor-widget elementor-widget-divider\" data-id=\"1910640\" data-element_type=\"widget\" data-e-type=\"widget\" data-widget_type=\"divider.default\">\n\t\t\t\t<div class=\"elementor-widget-container\">\n\t\t\t\t\t\t\t<div class=\"elementor-divider\">\n\t\t\t<span class=\"elementor-divider-separator\">\n\t\t\t\t\t\t<\/span>\n\t\t<\/div>\n\t\t\t\t\t\t<\/div>\n\t\t\t\t<\/div>\n\t\t\t\t\t<\/div>\n\t\t<\/div>\n\t\t\t\t\t<\/div>\n\t\t<\/section>\n\t\t<div class=\"elementor-element elementor-element-2051892 e-flex e-con-boxed e-con e-parent\" data-id=\"2051892\" data-element_type=\"container\" data-e-type=\"container\">\n\t\t\t\t\t<div class=\"e-con-inner\">\n\t\t\t\t<div class=\"elementor-element elementor-element-da4b8ae elementor-widget elementor-widget-image\" data-id=\"da4b8ae\" data-element_type=\"widget\" data-e-type=\"widget\" data-widget_type=\"image.default\">\n\t\t\t\t<div class=\"elementor-widget-container\">\n\t\t\t\t\t\t\t\t\t\t\t\t\t\t\t<img fetchpriority=\"high\" decoding=\"async\" width=\"2480\" height=\"2480\" src=\"https:\/\/museomoderno.org\/wp-content\/uploads\/2025\/08\/Panel-1.jpg\" class=\"attachment-full size-full wp-image-54521\" alt=\"\" srcset=\"https:\/\/museomoderno.org\/wp-content\/uploads\/2025\/08\/Panel-1.jpg 2480w, https:\/\/museomoderno.org\/wp-content\/uploads\/2025\/08\/Panel-1-300x300.jpg 300w, https:\/\/museomoderno.org\/wp-content\/uploads\/2025\/08\/Panel-1-1024x1024.jpg 1024w, https:\/\/museomoderno.org\/wp-content\/uploads\/2025\/08\/Panel-1-150x150.jpg 150w, https:\/\/museomoderno.org\/wp-content\/uploads\/2025\/08\/Panel-1-768x768.jpg 768w, https:\/\/museomoderno.org\/wp-content\/uploads\/2025\/08\/Panel-1-1536x1536.jpg 1536w, https:\/\/museomoderno.org\/wp-content\/uploads\/2025\/08\/Panel-1-2048x2048.jpg 2048w\" sizes=\"(max-width: 2480px) 100vw, 2480px\" \/>\t\t\t\t\t\t\t\t\t\t\t\t\t\t\t<\/div>\n\t\t\t\t<\/div>\n\t\t\t\t\t<\/div>\n\t\t\t\t<\/div>\n\t\t<div class=\"elementor-element elementor-element-cc82d40 e-flex e-con-boxed e-con e-parent\" data-id=\"cc82d40\" data-element_type=\"container\" data-e-type=\"container\">\n\t\t\t\t\t<div class=\"e-con-inner\">\n\t\t\t\t<div class=\"elementor-element elementor-element-7f53a06 elementor-widget elementor-widget-text-editor\" data-id=\"7f53a06\" data-element_type=\"widget\" data-e-type=\"widget\" data-widget_type=\"text-editor.default\">\n\t\t\t\t<div class=\"elementor-widget-container\">\n\t\t\t\t\t\t\t\t\t<p><b>Disco [Album]<br \/><\/b><i><span style=\"font-weight: 400;\">Nacha Guevara canta<\/span><\/i><span style=\"font-weight: 400;\"> [<\/span><i><span style=\"font-weight: 400;\">Nacha Guevara Sings<\/span><\/i><span style=\"font-weight: 400;\">], 1968<br \/><\/span><span style=\"font-weight: 400;\">Arreglos y direcci\u00f3n musical [Arrangements and musical direction]: Roberto Camale\u00f3n Rodr\u00edguez<br \/><\/span><span style=\"font-weight: 400;\">Sello discogr\u00e1fico [Record label]: Olympia<br \/><\/span><span style=\"font-weight: 400;\">Dise\u00f1o gr\u00e1fico [Graphic design]: Jorge de la Vega<br \/><\/span><span style=\"font-weight: 400;\">Photography: Oscar Bony<\/span><\/p><p>1.<b> Photograph<\/b><span style=\"font-weight: 400;\"> of Nacha Guevara at the Instituto Di Tella, 1968<br \/><\/span><span style=\"font-weight: 400;\">Courtesy of Nacha Guevara<\/span><\/p><p><span style=\"font-weight: 400;\">2. <\/span><b>News article<\/b><span style=\"font-weight: 400;\"> \u201cNacha Guevara. Cuando el canto es compromiso y el folk leg\u00edtimo\u201d [\u2018Nacha Guevara: When singing is commitment and folk music is legitimate\u2019], <\/span><i><span style=\"font-weight: 400;\">In\u00e9dito<\/span><\/i><span style=\"font-weight: 400;\"> magazine, Buenos Aires, 1968<br \/><\/span><span style=\"font-weight: 400;\">Courtesy of Nacha Guevara<\/span><\/p><p><span style=\"font-weight: 400;\">3. <\/span><b>Photograph <\/b><span style=\"font-weight: 400;\">of Nacha Guevara and Norman Briski. Instituto Di Tella, 1969<br \/><\/span><span style=\"font-weight: 400;\">Courtesy of Nacha Guevara<\/span><\/p><p><span style=\"font-weight: 400;\">4. <\/span><b>Magazine cover<\/b><span style=\"font-weight: 400;\"> of Nacha Guevara, modelling for <\/span><i><span style=\"font-weight: 400;\">Para ti<\/span><\/i><span style=\"font-weight: 400;\"> magazine, Buenos Aires, ca. 1965<br \/><\/span><span style=\"font-weight: 400;\">Courtesy of Nacha Guevara<\/span><\/p><p><span style=\"font-weight: 400;\">5. <\/span><b>News article <\/b><span style=\"font-weight: 400;\">\u201cNacha Guevara, show para se\u00f1oras menos gordas\u201d [\u2018Nacha Guevara: A show for not-so-plump women\u2019], <\/span><i><span style=\"font-weight: 400;\">C\u00f3rdoba<\/span><\/i><span style=\"font-weight: 400;\"> newspaper, C\u00f3rdoba, December 1966<br \/><\/span><span style=\"font-weight: 400;\">Courtesy of Nacha Guevara<\/span><\/p><p><span style=\"font-weight: 400;\">6. <\/span><b>Photograph from the press interview<\/b><span style=\"font-weight: 400;\"> \u201cMata a tu padre\u201d [\u2018Kill your father\u2019] <\/span><i><span style=\"font-weight: 400;\">Extra<\/span><\/i><span style=\"font-weight: 400;\"> magazine, Buenos Aires, 1968<br \/><\/span><span style=\"font-weight: 400;\">Courtesy of Nacha Guevara<\/span><\/p><p><span style=\"font-weight: 400;\">7. <\/span><b>News article<\/b><span style=\"font-weight: 400;\"> \u201cFrancia bajo el terror\u201d [\u2018France in terror\u2019], <\/span><i><span style=\"font-weight: 400;\">La Naci\u00f3n<\/span><\/i><span style=\"font-weight: 400;\"> newspaper, Buenos Aires, 25 May 1968<br \/><\/span><span style=\"font-weight: 400;\"><em>La Naci\u00f3n<\/em> Newspaper Archive, Digital Culture, Universidad Diego Portales\u00a0<\/span><\/p><p><span style=\"font-weight: 400;\">8.\u00a0<\/span><b>News article<\/b><span style=\"font-weight: 400;\"> \u201cNacha Guevara, en el Regina: Ingenio mal enfocado\u201d [\u2018Nacha Guevara at the Regina Theatre: Misguided Wit\u2019], <\/span><i><span style=\"font-weight: 400;\">Clar\u00edn<\/span><\/i><span style=\"font-weight: 400;\"> newspaper, Buenos Aires, 6 October 1968<br \/><\/span><span style=\"font-weight: 400;\">Courtesy of Nacha Guevara<\/span><\/p><p><span style=\"font-weight: 400;\">9. <\/span><b>News article<\/b><span style=\"font-weight: 400;\"> \u201cNacha Guevara o la \u2018Nueva Canci\u00f3n\u2019\u201d [\u2018Nacha Guevara or \u201cThe New Song\u201d\u2019], <\/span><i><span style=\"font-weight: 400;\">C\u00f3rdoba,<\/span><\/i><span style=\"font-weight: 400;\"> newspaper, C\u00f3rdoba, 27 November 1968<br \/><\/span><span style=\"font-weight: 400;\">Courtesy of Nacha Guevara<\/span><\/p><p><span style=\"font-weight: 400;\">10. <\/span><b>News article<\/b><span style=\"font-weight: 400;\"> \u201cNacha Guevara: La intrusa del Maipo\u201d [\u2018Nacha Guevara: The intruder at the Maipo Theatre\u2019], <\/span><i><span style=\"font-weight: 400;\">Programa<\/span><\/i><span style=\"font-weight: 400;\"> magazine, Buenos Aires, 16 July 1970<br \/><\/span><span style=\"font-weight: 400;\">Courtesy of Nacha Guevara<\/span><\/p><p><span style=\"font-weight: 400;\">11. <\/span><b>News article<\/b><span style=\"font-weight: 400;\"> \u201cCruel Nacha Guevara: Teatro, canciones y modelos\u201d [\u2018Cruel Nacha Guevara: Theatre, songs and models\u2019], <\/span><i><span style=\"font-weight: 400;\">Cr\u00f3nica<\/span><\/i><span style=\"font-weight: 400;\"> newspaper, Buenos Aires, 1965\u00a0<br \/><\/span><span style=\"font-weight: 400;\">Courtesy of Nacha Guevara<\/span><\/p><p><span style=\"font-weight: 400;\">12. <\/span><b>Programme for the show<\/b> <i><span style=\"font-weight: 400;\">Nacha de noche<\/span><\/i><span style=\"font-weight: 400;\"> [<\/span><i><span style=\"font-weight: 400;\">Nacha by Night<\/span><\/i><span style=\"font-weight: 400;\">], Nacha Guevara\u2019s first show as a singer, Centro de Experimentaci\u00f3n Audiovisual del Instituto Torcuato Di Tella, 1968<br \/><\/span><b>Cover for the single<\/b> <i><span style=\"font-weight: 400;\">Anastasia querida<\/span><\/i><span style=\"font-weight: 400;\"> [<\/span><i><span style=\"font-weight: 400;\">Beloved Anastasia<\/span><\/i><span style=\"font-weight: 400;\">], released by the Olympia music label, arrangements and musical direction by Alberto Favero, photography by Humberto Rivas<br \/><\/span><span style=\"font-weight: 400;\">Courtesy of Nacha Guevara<\/span><\/p><p><span style=\"font-weight: 400;\">13. <\/span><b>News article<\/b><span style=\"font-weight: 400;\"> \u201cNacha Guevara: \u2018piedra de esc\u00e1ndalo\u2019 o una fina catarata de baladas\u201d [\u2018Nacha Guevara: A source of scandal, or a magnificent stream of ballads\u2019], undated<br \/><\/span><span style=\"font-weight: 400;\">Courtesy of Nacha Guevara<\/span><\/p><p><span style=\"font-weight: 400;\">14.\u00a0<\/span><b>News article<\/b><span style=\"font-weight: 400;\"> \u201cViruela boba en el Di Tella\u201d [\u2018Mild chickenpox at the Di Tella\u2019], <\/span><i><span style=\"font-weight: 400;\">La Raz\u00f3n<\/span><\/i><span style=\"font-weight: 400;\"> newspaper, Buenos Aires, 1966<br \/><\/span><span style=\"font-weight: 400;\">Courtesy of Nacha Guevara<\/span><\/p><p><span style=\"font-weight: 400;\">15. <\/span><b>Photograph <\/b><span style=\"font-weight: 400;\">of Nacha Guevara and Jorge de la Vega, ca. 1968<br \/><\/span><span style=\"font-weight: 400;\">Courtesy of Nacha Guevara<\/span><\/p><p><span style=\"font-weight: 400;\">16. <\/span><b>Caricature and text<\/b><span style=\"font-weight: 400;\"> by Geno D\u00edaz, ca.1974\u00a0<br \/><\/span><span style=\"font-weight: 400;\">Courtesy of Nacha Guevara<\/span><\/p><p><span style=\"font-weight: 400;\">17. <\/span><b>News article <\/b><span style=\"font-weight: 400;\">\u201cUn espect\u00e1culo amateur, original y expresivo llega al Di Tella\u201d [\u2018An original and expressive amateur show comes to the Di Tella\u2019], <\/span><i><span style=\"font-weight: 400;\">La Raz\u00f3n<\/span><\/i><span style=\"font-weight: 400;\"> newspaper, Buenos Aires, 17 June 1966<br \/><\/span><span style=\"font-weight: 400;\">Courtesy of Nacha Guevara<\/span><\/p><p><span style=\"font-weight: 400;\">18. <\/span><b>News article <\/b><span style=\"font-weight: 400;\">\u201cMensaje de Ongan\u00eda: Haremos una verdadera revoluci\u00f3n\u201d [\u2018Message from Ongan\u00eda: We will carry out a true revolution\u2019], <\/span><i><span style=\"font-weight: 400;\">Cr\u00f3nica<\/span><\/i><span style=\"font-weight: 400;\"> newspaper, Buenos Aires, 1 July 1966<br \/><\/span><span style=\"font-weight: 400;\">Courtesy of the newspaper archive of the Biblioteca Nacional \u201cMariano Moreno\u201d\u00a0<\/span><\/p><p><span style=\"font-weight: 400;\">19. <\/span><b>News article<\/b><span style=\"font-weight: 400;\"> \u201cNacha Guevara: <\/span><i><span style=\"font-weight: 400;\">Enfant terrible<\/span><\/i><span style=\"font-weight: 400;\">\u201d, <\/span><i><span style=\"font-weight: 400;\">Femirama<\/span><\/i><span style=\"font-weight: 400;\"> magazine, Buenos Aires, July 1972\u00a0<br \/><\/span><span style=\"font-weight: 400;\">Courtesy of Nacha Guevara<\/span><\/p><p><span style=\"font-weight: 400;\">20. <\/span><b>News article <\/b><span style=\"font-weight: 400;\">about <\/span><i><span style=\"font-weight: 400;\">Mens sana in corpore sano, Gente<\/span><\/i><span style=\"font-weight: 400;\"> magazine, Buenos Aires, 1966<br \/><\/span><span style=\"font-weight: 400;\">Courtesy of Nacha Guevara<\/span><\/p><p><span style=\"font-weight: 400;\">21. <\/span><b>News article<\/b><span style=\"font-weight: 400;\"> \u201cNacha Guevara dice cosas feas\u201d [\u2018Nacha Guevara says horrible things\u2019], <\/span><i><span style=\"font-weight: 400;\">La Raz\u00f3n<\/span><\/i><span style=\"font-weight: 400;\"> newspaper, Buenos Aires, 29 January 1972<br \/><\/span><span style=\"font-weight: 400;\">Courtesy of Nacha Guevara<\/span><\/p><p><span style=\"font-weight: 400;\">22. <\/span><b>Caricature and text<\/b><span style=\"font-weight: 400;\"> by Geno D\u00edaz, ca.1974<br \/><\/span><span style=\"font-weight: 400;\">Courtesy of Nacha Guevara<\/span><\/p><p><span style=\"font-weight: 400;\">23. <\/span><b>Photograph<\/b><span style=\"font-weight: 400;\"> of Nacha Guevara and Alberto Favero, rehearsing for the show <\/span><i><span style=\"font-weight: 400;\">El Maipo est\u00e1 piantao<\/span><\/i><span style=\"font-weight: 400;\"> [<\/span><i><span style=\"font-weight: 400;\">The Maipo Has a Screw Loose<\/span><\/i><span style=\"font-weight: 400;\">], 1970<br \/><\/span><span style=\"font-weight: 400;\">Courtesy of Nacha Guevara<\/span><\/p><p><span style=\"font-weight: 400;\">24.\u00a0<\/span><b>News article<\/b><span style=\"font-weight: 400;\"> \u201cUniversidad: Procesan a 135 alumnos\u201d [\u2018University: 135 students prosecuted\u2019], <\/span><i><span style=\"font-weight: 400;\">\u00daltima hora<\/span><\/i><span style=\"font-weight: 400;\"> newspaper, Buenos Aires, 30 July 1966<br \/><\/span><span style=\"font-weight: 400;\">Courtesy of the newspaper archive of the Biblioteca Nacional \u201cMariano Moreno\u201d<\/span><\/p><p><span style=\"font-weight: 400;\">25. <\/span><b>News article <\/b><span style=\"font-weight: 400;\">\u201cNueve censores en busca de funci\u00f3n\u201d [\u2018Nine censors in search of a role\u2019], <\/span><i><span style=\"font-weight: 400;\">Siete d\u00edas ilustrados<\/span><\/i><span style=\"font-weight: 400;\"> magazine, Buenos Aires, 13 July 1970<br \/><\/span><span style=\"font-weight: 400;\">Courtesy of Nacha Guevara<\/span><\/p><p><span style=\"font-weight: 400;\">26. <\/span><b>Press photo of the &#8216;Di Tella cohort&#8217;<\/b><span style=\"font-weight: 400;\">, 1968<\/span><span style=\"font-weight: 400;\"><br \/><\/span><span style=\"font-weight: 400;\">From left to right: Jorge de la Vega, Ricardo Kleinman, Nicol\u00e1s Garc\u00eda Uriburu, Alejandro Vignati, Hayd\u00e9e Padilla, Litto Nebbia, Nacha Guevara, Pedro Puj\u00f3, Javier Arroyuelo, Pablo Meseje\u00e1n and Delia Cancela<\/span><span style=\"font-weight: 400;\"><br \/><\/span><span style=\"font-weight: 400;\">Below: Rafael L\u00f3pez-S\u00e1nchez y Jorge \u00c1lvarez<br \/><\/span><span style=\"font-weight: 400;\">Courtesy of Nacha Guevara<\/span><\/p>\t\t\t\t\t\t\t\t<\/div>\n\t\t\t\t<\/div>\n\t\t\t\t\t<\/div>\n\t\t\t\t<\/div>\n\t\t\t\t<\/div>\n\t\t","protected":false},"excerpt":{"rendered":"<p>NACHA GUEVARA CANTA [NACHA GUEVARA SINGS] Disco [Album]Nacha Guevara canta [Nacha Guevara Sings], 1968Arreglos y direcci\u00f3n musical [Arrangements and musical direction]: Roberto Camale\u00f3n Rodr\u00edguezSello discogr\u00e1fico [Record label]: OlympiaDise\u00f1o gr\u00e1fico [Graphic design]: Jorge de la VegaPhotography: Oscar Bony 1. Photograph of Nacha Guevara at the Instituto Di Tella, 1968Courtesy of Nacha Guevara 2. News article \u201cNacha [&hellip;]<\/p>\n","protected":false},"author":7,"featured_media":0,"comment_status":"closed","ping_status":"open","sticky":false,"template":"","format":"standard","meta":{"footnotes":""},"categories":[30],"tags":[],"class_list":["post-54598","post","type-post","status-publish","format-standard","hentry","category-uncategorized"],"_links":{"self":[{"href":"https:\/\/museomoderno.org\/en\/wp-json\/wp\/v2\/posts\/54598","targetHints":{"allow":["GET"]}}],"collection":[{"href":"https:\/\/museomoderno.org\/en\/wp-json\/wp\/v2\/posts"}],"about":[{"href":"https:\/\/museomoderno.org\/en\/wp-json\/wp\/v2\/types\/post"}],"author":[{"embeddable":true,"href":"https:\/\/museomoderno.org\/en\/wp-json\/wp\/v2\/users\/7"}],"replies":[{"embeddable":true,"href":"https:\/\/museomoderno.org\/en\/wp-json\/wp\/v2\/comments?post=54598"}],"version-history":[{"count":7,"href":"https:\/\/museomoderno.org\/en\/wp-json\/wp\/v2\/posts\/54598\/revisions"}],"predecessor-version":[{"id":54678,"href":"https:\/\/museomoderno.org\/en\/wp-json\/wp\/v2\/posts\/54598\/revisions\/54678"}],"wp:attachment":[{"href":"https:\/\/museomoderno.org\/en\/wp-json\/wp\/v2\/media?parent=54598"}],"wp:term":[{"taxonomy":"category","embeddable":true,"href":"https:\/\/museomoderno.org\/en\/wp-json\/wp\/v2\/categories?post=54598"},{"taxonomy":"post_tag","embeddable":true,"href":"https:\/\/museomoderno.org\/en\/wp-json\/wp\/v2\/tags?post=54598"}],"curies":[{"name":"wp","href":"https:\/\/api.w.org\/{rel}","templated":true}]}}