{"id":53940,"date":"2025-08-25T12:41:18","date_gmt":"2025-08-25T15:41:18","guid":{"rendered":"https:\/\/museomoderno.org\/?p=53940"},"modified":"2025-09-18T17:19:53","modified_gmt":"2025-09-18T20:19:53","slug":"nacha-guevara-aqui-estoy-la-cancion-politica-english","status":"publish","type":"post","link":"https:\/\/museomoderno.org\/en\/nacha-guevara-aqui-estoy-la-cancion-politica-english\/","title":{"rendered":"Nacha Guevara: Aqu\u00ed estoy La Canci\u00f3n Pol\u00edtica English"},"content":{"rendered":"\t\t<div data-elementor-type=\"wp-post\" data-elementor-id=\"53940\" class=\"elementor elementor-53940\" data-elementor-post-type=\"post\">\n\t\t\t\t\t\t<section class=\"elementor-section elementor-top-section elementor-element elementor-element-72800fef elementor-section-boxed elementor-section-height-default elementor-section-height-default\" data-id=\"72800fef\" data-element_type=\"section\" data-e-type=\"section\">\n\t\t\t\t\t\t<div class=\"elementor-container elementor-column-gap-default\">\n\t\t\t\t\t<div class=\"elementor-column elementor-col-100 elementor-top-column elementor-element elementor-element-57bfc625\" data-id=\"57bfc625\" data-element_type=\"column\" data-e-type=\"column\">\n\t\t\t<div class=\"elementor-widget-wrap elementor-element-populated\">\n\t\t\t\t\t\t<div class=\"elementor-element elementor-element-65d3c99 elementor-widget elementor-widget-heading\" data-id=\"65d3c99\" data-element_type=\"widget\" data-e-type=\"widget\" data-widget_type=\"heading.default\">\n\t\t\t\t<div class=\"elementor-widget-container\">\n\t\t\t\t\t<h1 class=\"elementor-heading-title elementor-size-default\">POLITICAL SONGS<\/h1>\t\t\t\t<\/div>\n\t\t\t\t<\/div>\n\t\t\t\t<div class=\"elementor-element elementor-element-713c8db5 elementor-widget-divider--view-line elementor-widget elementor-widget-divider\" data-id=\"713c8db5\" data-element_type=\"widget\" data-e-type=\"widget\" data-widget_type=\"divider.default\">\n\t\t\t\t<div class=\"elementor-widget-container\">\n\t\t\t\t\t\t\t<div class=\"elementor-divider\">\n\t\t\t<span class=\"elementor-divider-separator\">\n\t\t\t\t\t\t<\/span>\n\t\t<\/div>\n\t\t\t\t\t\t<\/div>\n\t\t\t\t<\/div>\n\t\t\t\t\t<\/div>\n\t\t<\/div>\n\t\t\t\t\t<\/div>\n\t\t<\/section>\n\t\t<div class=\"elementor-element elementor-element-e3fe8bd e-flex e-con-boxed e-con e-parent\" data-id=\"e3fe8bd\" data-element_type=\"container\" data-e-type=\"container\">\n\t\t\t\t\t<div class=\"e-con-inner\">\n\t\t\t\t<div class=\"elementor-element elementor-element-2a546e8 elementor-widget elementor-widget-image\" data-id=\"2a546e8\" data-element_type=\"widget\" data-e-type=\"widget\" data-widget_type=\"image.default\">\n\t\t\t\t<div class=\"elementor-widget-container\">\n\t\t\t\t\t\t\t\t\t\t\t\t\t\t\t<img fetchpriority=\"high\" decoding=\"async\" width=\"2480\" height=\"2480\" src=\"https:\/\/museomoderno.org\/wp-content\/uploads\/2025\/08\/Panel-2.jpg\" class=\"attachment-full size-full wp-image-54527\" alt=\"\" srcset=\"https:\/\/museomoderno.org\/wp-content\/uploads\/2025\/08\/Panel-2.jpg 2480w, https:\/\/museomoderno.org\/wp-content\/uploads\/2025\/08\/Panel-2-300x300.jpg 300w, https:\/\/museomoderno.org\/wp-content\/uploads\/2025\/08\/Panel-2-1024x1024.jpg 1024w, https:\/\/museomoderno.org\/wp-content\/uploads\/2025\/08\/Panel-2-150x150.jpg 150w, https:\/\/museomoderno.org\/wp-content\/uploads\/2025\/08\/Panel-2-768x768.jpg 768w, https:\/\/museomoderno.org\/wp-content\/uploads\/2025\/08\/Panel-2-1536x1536.jpg 1536w, https:\/\/museomoderno.org\/wp-content\/uploads\/2025\/08\/Panel-2-2048x2048.jpg 2048w\" sizes=\"(max-width: 2480px) 100vw, 2480px\" \/>\t\t\t\t\t\t\t\t\t\t\t\t\t\t\t<\/div>\n\t\t\t\t<\/div>\n\t\t\t\t\t<\/div>\n\t\t\t\t<\/div>\n\t\t<div class=\"elementor-element elementor-element-aac0b2c e-flex e-con-boxed e-con e-parent\" data-id=\"aac0b2c\" data-element_type=\"container\" data-e-type=\"container\">\n\t\t\t\t\t<div class=\"e-con-inner\">\n\t\t<div class=\"elementor-element elementor-element-057840c e-con-full e-flex e-con e-child\" data-id=\"057840c\" data-element_type=\"container\" data-e-type=\"container\">\n\t\t\t\t<div class=\"elementor-element elementor-element-8d8760c elementor-widget elementor-widget-text-editor\" data-id=\"8d8760c\" data-element_type=\"widget\" data-e-type=\"widget\" data-widget_type=\"text-editor.default\">\n\t\t\t\t<div class=\"elementor-widget-container\">\n\t\t\t\t\t\t\t\t\t<p><span style=\"font-weight: 400;\">Los pobres odian a los ricos,<br \/><\/span><span style=\"font-weight: 400;\">los ricos odian a los pobres.<br \/><\/span><span style=\"font-weight: 400;\">Odiar hasta a los amigos<br \/><\/span><span style=\"font-weight: 400;\">es un juego establecido pero\u2026<br \/><\/span><span style=\"font-weight: 400;\">En el D\u00eda de la Amnist\u00eda<br \/><\/span><span style=\"font-weight: 400;\">Lanusse toma el t\u00e9 con Ongan\u00eda.<br \/><\/span><span style=\"font-weight: 400;\">Seamos complacientes con los que despreciamos<br \/><\/span><span style=\"font-weight: 400;\">siempre que esto no provoque cambios.<\/span><\/p>\t\t\t\t\t\t\t\t<\/div>\n\t\t\t\t<\/div>\n\t\t\t\t<\/div>\n\t\t<div class=\"elementor-element elementor-element-9d2dc68 e-con-full e-flex e-con e-child\" data-id=\"9d2dc68\" data-element_type=\"container\" data-e-type=\"container\">\n\t\t\t\t<div class=\"elementor-element elementor-element-a32fc9a elementor-widget elementor-widget-text-editor\" data-id=\"a32fc9a\" data-element_type=\"widget\" data-e-type=\"widget\" data-widget_type=\"text-editor.default\">\n\t\t\t\t<div class=\"elementor-widget-container\">\n\t\t\t\t\t\t\t\t\t<p><span style=\"font-weight: 400;\">The poor hate the rich,<br \/><\/span><span style=\"font-weight: 400;\">the rich hate the poor.<br \/><\/span><span style=\"font-weight: 400;\">Hating even one\u2019s friends<br \/><\/span><span style=\"font-weight: 400;\">is a long-established game, but\u2026<br \/><\/span><span style=\"font-weight: 400;\">On Amnesty Day,<br \/><\/span><span style=\"font-weight: 400;\">Lanusse has tea with Ongan\u00eda.<br \/><\/span><span style=\"font-weight: 400;\">We\u2019ll be complacent with those we despise,<\/span><span style=\"font-weight: 400;\"><br \/><\/span><span style=\"font-weight: 400;\">as long as it doesn\u2019t lead to change.<\/span><\/p>\t\t\t\t\t\t\t\t<\/div>\n\t\t\t\t<\/div>\n\t\t\t\t<\/div>\n\t\t\t\t\t<\/div>\n\t\t\t\t<\/div>\n\t\t<div class=\"elementor-element elementor-element-d553b2c e-flex e-con-boxed e-con e-parent\" data-id=\"d553b2c\" data-element_type=\"container\" data-e-type=\"container\">\n\t\t\t\t\t<div class=\"e-con-inner\">\n\t\t<div class=\"elementor-element elementor-element-5273ae1 e-con-full e-flex e-con e-child\" data-id=\"5273ae1\" data-element_type=\"container\" data-e-type=\"container\">\n\t\t\t\t<\/div>\n\t\t<div class=\"elementor-element elementor-element-83e9c80 e-con-full e-flex e-con e-child\" data-id=\"83e9c80\" data-element_type=\"container\" data-e-type=\"container\">\n\t\t\t\t<div class=\"elementor-element elementor-element-50de71f elementor-widget elementor-widget-text-editor\" data-id=\"50de71f\" data-element_type=\"widget\" data-e-type=\"widget\" data-widget_type=\"text-editor.default\">\n\t\t\t\t<div class=\"elementor-widget-container\">\n\t\t\t\t\t\t\t\t\t<p><span style=\"font-weight: 400;\">\u2018El D\u00eda de la Amnist\u00eda\u2019 [\u2018Amnesty Day\u2019], a Spanish version of the Tom Lehrer song, performed by Nacha Guevara on the album Este es el a\u00f1o que es [This Is the Year That Is] (1971)<\/span><\/p>\t\t\t\t\t\t\t\t<\/div>\n\t\t\t\t<\/div>\n\t\t\t\t<\/div>\n\t\t\t\t\t<\/div>\n\t\t\t\t<\/div>\n\t\t<div class=\"elementor-element elementor-element-b832d88 e-flex e-con-boxed e-con e-parent\" data-id=\"b832d88\" data-element_type=\"container\" data-e-type=\"container\">\n\t\t\t\t\t<div class=\"e-con-inner\">\n\t\t\t\t<div class=\"elementor-element elementor-element-94bd28e elementor-widget elementor-widget-text-editor\" data-id=\"94bd28e\" data-element_type=\"widget\" data-e-type=\"widget\" data-widget_type=\"text-editor.default\">\n\t\t\t\t<div class=\"elementor-widget-container\">\n\t\t\t\t\t\t\t\t\t<p><span style=\"font-weight: 400;\">In the early 1970s in Argentina, art was being created against the backdrop of the military dictatorship (the self-proclaimed <\/span><i><span style=\"font-weight: 400;\">Argentine Revolution<\/span><\/i><span style=\"font-weight: 400;\">), as well as repression, political violence and popular uprisings. Following the \u2018Viborazo\u2019 strike in C\u00f3rdoba \u2014a mass protest organised by workers and students on 15 March 1971 \u2014 General Levingston, the second de facto president of the military regime, was forced to step down, giving way to the arrival of the third, General Lanusse. The country entered a period of deepening tensions marked by an intensification of the activities of armed organisations, growing support for Peronism from those exiled abroad, and increasingly apparent social unrest. As Lanusse promoted the \u2018Gran Acuerdo Nacional\u2019 [\u2018Great National Agreement\u2019] as a controlled means of transition to democracy, the government entered into talks with Per\u00f3n, exiled in Spain. On 3 September 1971, the body of Eva Per\u00f3n \u2014 stolen by a Navy commando unit in 1955 \u2014 was returned to him.<\/span><\/p><p><span style=\"font-weight: 400;\">During that turbulent year at the beginning of the 1970s, Nacha Guevara premiered her new show, <\/span><i><span style=\"font-weight: 400;\">Este es el a\u00f1o que es<\/span><\/i><span style=\"font-weight: 400;\"> [<\/span><i><span style=\"font-weight: 400;\">This Is the Year That Is<\/span><\/i><span style=\"font-weight: 400;\">], with musical direction by Alberto Favero and set design by Claudio Segovia. Recorded live on 22 and 23 July at the Margarita Xirgu theatre in San Telmo, the show marked a turning point in her career. After a period of performances with a more playful and ironic tone, she now adopted an openly political attitude. The stage was covered in banners featuring slogans such as \u2018Release the political prisoners\u2019, \u2018Yankees go home\u2019 and \u2018Manrique\u2019s afraid of the dark\u2019, a reflection of the climate of social upheaval of the time. The programme included songs such as \u2018Soldadito boliviano\u2019 [\u2018Little Bolivian Soldier\u2019], by Paco Ib\u00e1\u00f1ez and Nicol\u00e1s Guill\u00e9n, about the assassination of Che Guevara, and \u2018El avestruz\u2019 [\u2018The Ostrich\u2019], by Michael Flanders and Donald Swann, as well as other songs laden with irony and critical of contemporary reality. With biting humour, Nacha tackled issues such as authoritarianism, the Cold War, the Argentine government\u2019s debt to the International Monetary Fund, and the failures of the military governments. Unlike many artists of her generation, she chose not to align herself with Peronism but instead maintained an independent voice.<\/span><\/p><p><span style=\"font-weight: 400;\">Her album <\/span><i><span style=\"font-weight: 400;\">Este es el a\u00f1o que es<\/span><\/i><span style=\"font-weight: 400;\"> was an artistic statement in the face of violence, censorship and repression. It is a record of a historic moment when, more than ever before, there was a drive to challenge and mobilise society.<\/span><\/p>\t\t\t\t\t\t\t\t<\/div>\n\t\t\t\t<\/div>\n\t\t\t\t\t<\/div>\n\t\t\t\t<\/div>\n\t\t\t\t<\/div>\n\t\t","protected":false},"excerpt":{"rendered":"<p>POLITICAL SONGS Los pobres odian a los ricos,los ricos odian a los pobres.Odiar hasta a los amigoses un juego establecido pero\u2026En el D\u00eda de la Amnist\u00edaLanusse toma el t\u00e9 con Ongan\u00eda.Seamos complacientes con los que despreciamossiempre que esto no provoque cambios. The poor hate the rich,the rich hate the poor.Hating even one\u2019s friendsis a long-established [&hellip;]<\/p>\n","protected":false},"author":7,"featured_media":0,"comment_status":"closed","ping_status":"open","sticky":false,"template":"","format":"standard","meta":{"footnotes":""},"categories":[],"tags":[],"class_list":["post-53940","post","type-post","status-publish","format-standard","hentry"],"_links":{"self":[{"href":"https:\/\/museomoderno.org\/en\/wp-json\/wp\/v2\/posts\/53940","targetHints":{"allow":["GET"]}}],"collection":[{"href":"https:\/\/museomoderno.org\/en\/wp-json\/wp\/v2\/posts"}],"about":[{"href":"https:\/\/museomoderno.org\/en\/wp-json\/wp\/v2\/types\/post"}],"author":[{"embeddable":true,"href":"https:\/\/museomoderno.org\/en\/wp-json\/wp\/v2\/users\/7"}],"replies":[{"embeddable":true,"href":"https:\/\/museomoderno.org\/en\/wp-json\/wp\/v2\/comments?post=53940"}],"version-history":[{"count":7,"href":"https:\/\/museomoderno.org\/en\/wp-json\/wp\/v2\/posts\/53940\/revisions"}],"predecessor-version":[{"id":54588,"href":"https:\/\/museomoderno.org\/en\/wp-json\/wp\/v2\/posts\/53940\/revisions\/54588"}],"wp:attachment":[{"href":"https:\/\/museomoderno.org\/en\/wp-json\/wp\/v2\/media?parent=53940"}],"wp:term":[{"taxonomy":"category","embeddable":true,"href":"https:\/\/museomoderno.org\/en\/wp-json\/wp\/v2\/categories?post=53940"},{"taxonomy":"post_tag","embeddable":true,"href":"https:\/\/museomoderno.org\/en\/wp-json\/wp\/v2\/tags?post=53940"}],"curies":[{"name":"wp","href":"https:\/\/api.w.org\/{rel}","templated":true}]}}