{"id":39506,"date":"2024-01-03T15:54:10","date_gmt":"2024-01-03T18:54:10","guid":{"rendered":"https:\/\/museomoderno.org\/?p=39506"},"modified":"2024-01-12T14:58:36","modified_gmt":"2024-01-12T17:58:36","slug":"recorridos-publicos","status":"publish","type":"post","link":"https:\/\/museomoderno.org\/en\/recorridos-publicos\/","title":{"rendered":"Recorridos p\u00fablicos"},"content":{"rendered":"\t\t<div data-elementor-type=\"wp-post\" data-elementor-id=\"39506\" class=\"elementor elementor-39506\" data-elementor-post-type=\"post\">\n\t\t\t\t\t\t<section class=\"elementor-section elementor-top-section elementor-element elementor-element-3ca45945 elementor-section-boxed elementor-section-height-default elementor-section-height-default\" data-id=\"3ca45945\" data-element_type=\"section\" data-e-type=\"section\">\n\t\t\t\t\t\t<div class=\"elementor-container elementor-column-gap-default\">\n\t\t\t\t\t<div class=\"elementor-column elementor-col-100 elementor-top-column elementor-element elementor-element-31e8c0c\" data-id=\"31e8c0c\" data-element_type=\"column\" data-e-type=\"column\">\n\t\t\t<div class=\"elementor-widget-wrap elementor-element-populated\">\n\t\t\t\t\t\t<div class=\"elementor-element elementor-element-62f7bec5 elementor-widget elementor-widget-heading\" data-id=\"62f7bec5\" data-element_type=\"widget\" data-e-type=\"widget\" data-widget_type=\"heading.default\">\n\t\t\t\t<div class=\"elementor-widget-container\">\n\t\t\t\t\t<h1 class=\"elementor-heading-title elementor-size-default\">Recorridos p\u00fablicos<\/h1>\t\t\t\t<\/div>\n\t\t\t\t<\/div>\n\t\t\t\t<div class=\"elementor-element elementor-element-6adf37ad elementor-widget-divider--view-line elementor-widget elementor-widget-divider\" data-id=\"6adf37ad\" data-element_type=\"widget\" data-e-type=\"widget\" data-widget_type=\"divider.default\">\n\t\t\t\t<div class=\"elementor-widget-container\">\n\t\t\t\t\t\t\t<div class=\"elementor-divider\">\n\t\t\t<span class=\"elementor-divider-separator\">\n\t\t\t\t\t\t<\/span>\n\t\t<\/div>\n\t\t\t\t\t\t<\/div>\n\t\t\t\t<\/div>\n\t\t\t\t\t<\/div>\n\t\t<\/div>\n\t\t\t\t\t<\/div>\n\t\t<\/section>\n\t\t<div class=\"elementor-element elementor-element-0290d92 e-flex e-con-boxed e-con e-parent\" data-id=\"0290d92\" data-element_type=\"container\" data-e-type=\"container\">\n\t\t\t\t\t<div class=\"e-con-inner\">\n\t\t\t\t<div class=\"elementor-element elementor-element-8177e83 elementor-widget elementor-widget-heading\" data-id=\"8177e83\" data-element_type=\"widget\" data-e-type=\"widget\" data-widget_type=\"heading.default\">\n\t\t\t\t<div class=\"elementor-widget-container\">\n\t\t\t\t\t<h4 class=\"elementor-heading-title elementor-size-default\">Visitas dialogadas en el Museo de Arte Moderno<\/h4>\t\t\t\t<\/div>\n\t\t\t\t<\/div>\n\t\t\t\t\t<\/div>\n\t\t\t\t<\/div>\n\t\t<div class=\"elementor-element elementor-element-349af49 e-flex e-con-boxed e-con e-parent\" data-id=\"349af49\" data-element_type=\"container\" data-e-type=\"container\">\n\t\t\t\t\t<div class=\"e-con-inner\">\n\t\t\t\t<div class=\"elementor-element elementor-element-a35762e elementor-widget elementor-widget-text-editor\" data-id=\"a35762e\" data-element_type=\"widget\" data-e-type=\"widget\" data-widget_type=\"text-editor.default\">\n\t\t\t\t<div class=\"elementor-widget-container\">\n\t\t\t\t\t\t\t\t\t<div><p>Te invitamos a recorrer, de la mano del equipo educativo del museo, las exhibiciones del programa anual\u00a0<i>El arte, ese r\u00edo interminable<\/i>. Ven\u00ed a conocer la diversidad de nuestra colecci\u00f3n, las obras de los artistas invitados que la componen y las actividades p\u00fablicas que promueve el Moderno.<\/p><\/div><div><p><strong>Lunes, mi\u00e9rcoles, jueves y viernes, a las 16 h<\/strong> &#8211; Visita guiada en espa\u00f1ol<br \/><strong>S\u00e1bados y domingos, a las 16 h<\/strong> &#8211; Visita guiada en espa\u00f1ol<br \/><strong>S\u00e1bados a las 17 h<\/strong> &#8211; Visita guiada en portugu\u00e9s<br \/><strong>Domingos a las 17 h<\/strong> &#8211; Visita guiada en ingl\u00e9s<br \/>Consultar disponibilidad en\u00a0<span style=\"color: #0000ff;\"><i><a style=\"color: #0000ff;\" href=\"mailto:info@museomoderno.org\" target=\"_blank\" rel=\"noopener\">info@museomoderno.org<\/a><\/i><\/span><\/p><\/div><div>Orientado al p\u00fablico general<br \/>Ingreso por Av. San Juan 350 (CABA)<br \/>No requiere inscripci\u00f3n previa<\/div>\t\t\t\t\t\t\t\t<\/div>\n\t\t\t\t<\/div>\n\t\t\t\t\t<\/div>\n\t\t\t\t<\/div>\n\t\t<div class=\"elementor-element elementor-element-69c5da5 e-flex e-con-boxed e-con e-parent\" data-id=\"69c5da5\" data-element_type=\"container\" data-e-type=\"container\">\n\t\t\t\t\t<div class=\"e-con-inner\">\n\t\t\t\t<div class=\"elementor-element elementor-element-bdc663b elementor-widget elementor-widget-image\" data-id=\"bdc663b\" data-element_type=\"widget\" data-e-type=\"widget\" data-widget_type=\"image.default\">\n\t\t\t\t<div class=\"elementor-widget-container\">\n\t\t\t\t\t\t\t\t\t\t\t\t\t\t\t<img fetchpriority=\"high\" decoding=\"async\" width=\"2560\" height=\"1707\" src=\"https:\/\/museomoderno.org\/wp-content\/uploads\/2024\/01\/Imagen-28-scaled.jpg\" class=\"attachment-full size-full wp-image-39511\" alt=\"La imagen muestra a un educador durante una visita dialogada en la sala de la exposici\u00f3n Danza actual\" srcset=\"https:\/\/museomoderno.org\/wp-content\/uploads\/2024\/01\/Imagen-28-scaled.jpg 2560w, https:\/\/museomoderno.org\/wp-content\/uploads\/2024\/01\/Imagen-28-300x200.jpg 300w, https:\/\/museomoderno.org\/wp-content\/uploads\/2024\/01\/Imagen-28-1024x683.jpg 1024w, https:\/\/museomoderno.org\/wp-content\/uploads\/2024\/01\/Imagen-28-768x512.jpg 768w, https:\/\/museomoderno.org\/wp-content\/uploads\/2024\/01\/Imagen-28-1536x1024.jpg 1536w, https:\/\/museomoderno.org\/wp-content\/uploads\/2024\/01\/Imagen-28-2048x1365.jpg 2048w\" sizes=\"(max-width: 2560px) 100vw, 2560px\" \/>\t\t\t\t\t\t\t\t\t\t\t\t\t\t\t<\/div>\n\t\t\t\t<\/div>\n\t\t\t\t\t<\/div>\n\t\t\t\t<\/div>\n\t\t\t\t<\/div>\n\t\t","protected":false},"excerpt":{"rendered":"<p>Visitas dialogadas en el Museo de Arte Moderno Te invitamos a recorrer, de la mano del equipo educativo del museo, las exhibiciones del programa anual\u00a0El arte, ese r\u00edo interminable. Ven\u00ed a conocer la diversidad de nuestra colecci\u00f3n, las obras de los artistas invitados que la componen y las actividades p\u00fablicas que promueve el Moderno. Lunes, [&hellip;]<\/p>\n","protected":false},"author":7,"featured_media":0,"comment_status":"closed","ping_status":"open","sticky":false,"template":"elementor_header_footer","format":"standard","meta":{"footnotes":""},"categories":[],"tags":[],"class_list":["post-39506","post","type-post","status-publish","format-standard","hentry"],"_links":{"self":[{"href":"https:\/\/museomoderno.org\/en\/wp-json\/wp\/v2\/posts\/39506","targetHints":{"allow":["GET"]}}],"collection":[{"href":"https:\/\/museomoderno.org\/en\/wp-json\/wp\/v2\/posts"}],"about":[{"href":"https:\/\/museomoderno.org\/en\/wp-json\/wp\/v2\/types\/post"}],"author":[{"embeddable":true,"href":"https:\/\/museomoderno.org\/en\/wp-json\/wp\/v2\/users\/7"}],"replies":[{"embeddable":true,"href":"https:\/\/museomoderno.org\/en\/wp-json\/wp\/v2\/comments?post=39506"}],"version-history":[{"count":16,"href":"https:\/\/museomoderno.org\/en\/wp-json\/wp\/v2\/posts\/39506\/revisions"}],"predecessor-version":[{"id":39637,"href":"https:\/\/museomoderno.org\/en\/wp-json\/wp\/v2\/posts\/39506\/revisions\/39637"}],"wp:attachment":[{"href":"https:\/\/museomoderno.org\/en\/wp-json\/wp\/v2\/media?parent=39506"}],"wp:term":[{"taxonomy":"category","embeddable":true,"href":"https:\/\/museomoderno.org\/en\/wp-json\/wp\/v2\/categories?post=39506"},{"taxonomy":"post_tag","embeddable":true,"href":"https:\/\/museomoderno.org\/en\/wp-json\/wp\/v2\/tags?post=39506"}],"curies":[{"name":"wp","href":"https:\/\/api.w.org\/{rel}","templated":true}]}}