{"id":31284,"date":"2023-05-02T16:43:48","date_gmt":"2023-05-02T19:43:48","guid":{"rendered":"https:\/\/museomoderno.org\/?p=31284"},"modified":"2023-05-03T15:57:43","modified_gmt":"2023-05-03T18:57:43","slug":"cronograma-rondas-de-arte-salud-y-comunidad","status":"publish","type":"post","link":"https:\/\/museomoderno.org\/en\/cronograma-rondas-de-arte-salud-y-comunidad\/","title":{"rendered":"cronograma: rondas de arte salud y comunidad"},"content":{"rendered":"\t\t<div data-elementor-type=\"wp-post\" data-elementor-id=\"31284\" class=\"elementor elementor-31284\" data-elementor-post-type=\"post\">\n\t\t\t\t\t\t<section class=\"elementor-section elementor-top-section elementor-element elementor-element-28ae6595 elementor-section-boxed elementor-section-height-default elementor-section-height-default\" data-id=\"28ae6595\" data-element_type=\"section\" data-e-type=\"section\">\n\t\t\t\t\t\t<div class=\"elementor-container elementor-column-gap-default\">\n\t\t\t\t\t<div class=\"elementor-column elementor-col-100 elementor-top-column elementor-element elementor-element-21ff6291\" data-id=\"21ff6291\" data-element_type=\"column\" data-e-type=\"column\">\n\t\t\t<div class=\"elementor-widget-wrap elementor-element-populated\">\n\t\t\t\t\t\t<div class=\"elementor-element elementor-element-485036e9 elementor-widget elementor-widget-heading\" data-id=\"485036e9\" data-element_type=\"widget\" data-e-type=\"widget\" data-widget_type=\"heading.default\">\n\t\t\t\t<div class=\"elementor-widget-container\">\n\t\t\t\t\t<h1 class=\"elementor-heading-title elementor-size-default\">cronograma: rondas de arte salud y comunidad<\/h1>\t\t\t\t<\/div>\n\t\t\t\t<\/div>\n\t\t\t\t<div class=\"elementor-element elementor-element-638aad6f elementor-widget-divider--view-line elementor-widget elementor-widget-divider\" data-id=\"638aad6f\" data-element_type=\"widget\" data-e-type=\"widget\" data-widget_type=\"divider.default\">\n\t\t\t\t<div class=\"elementor-widget-container\">\n\t\t\t\t\t\t\t<div class=\"elementor-divider\">\n\t\t\t<span class=\"elementor-divider-separator\">\n\t\t\t\t\t\t<\/span>\n\t\t<\/div>\n\t\t\t\t\t\t<\/div>\n\t\t\t\t<\/div>\n\t\t\t\t\t<\/div>\n\t\t<\/div>\n\t\t\t\t\t<\/div>\n\t\t<\/section>\n\t\t\t\t<section class=\"elementor-section elementor-top-section elementor-element elementor-element-043acd0 elementor-section-boxed elementor-section-height-default elementor-section-height-default\" data-id=\"043acd0\" data-element_type=\"section\" data-e-type=\"section\">\n\t\t\t\t\t\t<div class=\"elementor-container elementor-column-gap-default\">\n\t\t\t\t\t<div class=\"elementor-column elementor-col-100 elementor-top-column elementor-element elementor-element-181608e\" data-id=\"181608e\" data-element_type=\"column\" data-e-type=\"column\">\n\t\t\t<div class=\"elementor-widget-wrap elementor-element-populated\">\n\t\t\t\t\t\t<div class=\"elementor-element elementor-element-4a2c85d elementor-widget elementor-widget-heading\" data-id=\"4a2c85d\" data-element_type=\"widget\" data-e-type=\"widget\" data-widget_type=\"heading.default\">\n\t\t\t\t<div class=\"elementor-widget-container\">\n\t\t\t\t\t<h4 class=\"elementor-heading-title elementor-size-default\">Cronograma<\/h4>\t\t\t\t<\/div>\n\t\t\t\t<\/div>\n\t\t\t\t<div class=\"elementor-element elementor-element-ebdf528 elementor-widget elementor-widget-text-editor\" data-id=\"ebdf528\" data-element_type=\"widget\" data-e-type=\"widget\" data-widget_type=\"text-editor.default\">\n\t\t\t\t<div class=\"elementor-widget-container\">\n\t\t\t\t\t\t\t\t\t<ul><li dir=\"ltr\"><strong>10 h:<\/strong> Recepci\u00f3n\u00a0<\/li><li dir=\"ltr\"><strong>10:30 a 11 h:<\/strong> Palabras inaugurales a cargo de Victoria Larrosa (Psicoanalista; escritora, Directora del Hospital Municipal en salud mental y adicciones Papa Francisco, Escobar; profesora de la Facultad de Psicolog\u00eda de la UBA)<\/li><li dir=\"ltr\"><strong>11 a 11.30 h:<\/strong> Presentaci\u00f3n del \u00c1rea de Comunidades del Museo Moderno y del proyecto Red de escucha y acompa\u00f1amiento junto con Susana Frigerio y Mar\u00eda Luj\u00e1n Reina<\/li><li dir=\"ltr\"><strong>11:30 a 11:45 h:<\/strong> Receso &#8211; Caf\u00e9<\/li><li dir=\"ltr\"><strong>11:45 a 12:30 h:<\/strong> Gabriel Abramovici y equipo de talleristas Club PICASO (Programa de inclusi\u00f3n comunitaria a trav\u00e9s del arte, la socializaci\u00f3n y la ocupaci\u00f3n, Htal. Pi\u00f1ero), Agustina Abad\u00eda y M.Figallo (Colectivo Cultural Viva Estampa. Htal. Moyano, Museo S\u00edvori, DGSAM)<\/li><li dir=\"ltr\"><strong>12:30 a 13:00 h:<\/strong> Mart\u00edn de Lellis (C\u00e1tedra de Salud comunitaria UBA) y Cecilia Isla (Universidad Favaloro &#8211; Diplomatura en Musicoterapia Comunitaria)<\/li><li dir=\"ltr\"><strong>13:00 a 13:30 h:<\/strong> Preguntas, conversaci\u00f3n en ronda y cierre<\/li><li dir=\"ltr\">Acci\u00f3n gr\u00e1fica &#8220;Todo esto somos&#8221; (Colectivo Cultural Viva Estampa)<\/li><\/ul>\t\t\t\t\t\t\t\t<\/div>\n\t\t\t\t<\/div>\n\t\t\t\t\t<\/div>\n\t\t<\/div>\n\t\t\t\t\t<\/div>\n\t\t<\/section>\n\t\t\t\t<section class=\"elementor-section elementor-top-section elementor-element elementor-element-e8201d1 elementor-section-boxed elementor-section-height-default elementor-section-height-default\" data-id=\"e8201d1\" data-element_type=\"section\" data-e-type=\"section\">\n\t\t\t\t\t\t<div class=\"elementor-container elementor-column-gap-default\">\n\t\t\t\t\t<div class=\"elementor-column elementor-col-100 elementor-top-column elementor-element elementor-element-a462824\" data-id=\"a462824\" data-element_type=\"column\" data-e-type=\"column\">\n\t\t\t<div class=\"elementor-widget-wrap elementor-element-populated\">\n\t\t\t\t\t\t<div class=\"elementor-element elementor-element-3a63637 elementor-widget elementor-widget-image\" data-id=\"3a63637\" data-element_type=\"widget\" data-e-type=\"widget\" data-widget_type=\"image.default\">\n\t\t\t\t<div class=\"elementor-widget-container\">\n\t\t\t\t\t\t\t\t\t\t\t\t\t\t\t<img fetchpriority=\"high\" decoding=\"async\" width=\"833\" height=\"250\" src=\"https:\/\/museomoderno.org\/wp-content\/uploads\/2023\/04\/logo-uf-01.jpg\" class=\"attachment-full size-full wp-image-30631\" alt=\"\" srcset=\"https:\/\/museomoderno.org\/wp-content\/uploads\/2023\/04\/logo-uf-01.jpg 833w, https:\/\/museomoderno.org\/wp-content\/uploads\/2023\/04\/logo-uf-01-300x90.jpg 300w, https:\/\/museomoderno.org\/wp-content\/uploads\/2023\/04\/logo-uf-01-768x230.jpg 768w\" sizes=\"(max-width: 833px) 100vw, 833px\" \/>\t\t\t\t\t\t\t\t\t\t\t\t\t\t\t<\/div>\n\t\t\t\t<\/div>\n\t\t\t\t\t<\/div>\n\t\t<\/div>\n\t\t\t\t\t<\/div>\n\t\t<\/section>\n\t\t\t\t<\/div>\n\t\t","protected":false},"excerpt":{"rendered":"<p>Cronograma 10 h: Recepci\u00f3n\u00a0 10:30 a 11 h: Palabras inaugurales a cargo de Victoria Larrosa (Psicoanalista; escritora, Directora del Hospital Municipal en salud mental y adicciones Papa Francisco, Escobar; profesora de la Facultad de Psicolog\u00eda de la UBA) 11 a 11.30 h: Presentaci\u00f3n del \u00c1rea de Comunidades del Museo Moderno y del proyecto Red de [&hellip;]<\/p>\n","protected":false},"author":7,"featured_media":0,"comment_status":"closed","ping_status":"open","sticky":false,"template":"elementor_header_footer","format":"standard","meta":{"footnotes":""},"categories":[],"tags":[],"class_list":["post-31284","post","type-post","status-publish","format-standard","hentry"],"_links":{"self":[{"href":"https:\/\/museomoderno.org\/en\/wp-json\/wp\/v2\/posts\/31284","targetHints":{"allow":["GET"]}}],"collection":[{"href":"https:\/\/museomoderno.org\/en\/wp-json\/wp\/v2\/posts"}],"about":[{"href":"https:\/\/museomoderno.org\/en\/wp-json\/wp\/v2\/types\/post"}],"author":[{"embeddable":true,"href":"https:\/\/museomoderno.org\/en\/wp-json\/wp\/v2\/users\/7"}],"replies":[{"embeddable":true,"href":"https:\/\/museomoderno.org\/en\/wp-json\/wp\/v2\/comments?post=31284"}],"version-history":[{"count":0,"href":"https:\/\/museomoderno.org\/en\/wp-json\/wp\/v2\/posts\/31284\/revisions"}],"wp:attachment":[{"href":"https:\/\/museomoderno.org\/en\/wp-json\/wp\/v2\/media?parent=31284"}],"wp:term":[{"taxonomy":"category","embeddable":true,"href":"https:\/\/museomoderno.org\/en\/wp-json\/wp\/v2\/categories?post=31284"},{"taxonomy":"post_tag","embeddable":true,"href":"https:\/\/museomoderno.org\/en\/wp-json\/wp\/v2\/tags?post=31284"}],"curies":[{"name":"wp","href":"https:\/\/api.w.org\/{rel}","templated":true}]}}