{"id":28374,"date":"2022-11-29T13:27:18","date_gmt":"2022-11-29T16:27:18","guid":{"rendered":"https:\/\/museomoderno.org\/?p=28374"},"modified":"2022-11-29T13:39:37","modified_gmt":"2022-11-29T16:39:37","slug":"alberto-heredia-seleccion-dibujos-de-la-coleccion-info","status":"publish","type":"post","link":"https:\/\/museomoderno.org\/en\/alberto-heredia-seleccion-dibujos-de-la-coleccion-info\/","title":{"rendered":"ALBERTO HEREDIA: SELECCI\u00d3N, DIBUJOS DE LA COLECCI\u00d3N &#8211; info"},"content":{"rendered":"\t\t<div data-elementor-type=\"wp-post\" data-elementor-id=\"28374\" class=\"elementor elementor-28374\" data-elementor-post-type=\"post\">\n\t\t\t\t\t\t<section class=\"elementor-section elementor-top-section elementor-element elementor-element-4413f8cd elementor-section-boxed elementor-section-height-default elementor-section-height-default\" data-id=\"4413f8cd\" data-element_type=\"section\" data-e-type=\"section\">\n\t\t\t\t\t\t<div class=\"elementor-container elementor-column-gap-default\">\n\t\t\t\t\t<div class=\"elementor-column elementor-col-100 elementor-top-column elementor-element elementor-element-509196ab\" data-id=\"509196ab\" data-element_type=\"column\" data-e-type=\"column\">\n\t\t\t<div class=\"elementor-widget-wrap elementor-element-populated\">\n\t\t\t\t\t\t<div class=\"elementor-element elementor-element-a0763ac elementor-widget elementor-widget-heading\" data-id=\"a0763ac\" data-element_type=\"widget\" data-e-type=\"widget\" data-widget_type=\"heading.default\">\n\t\t\t\t<div class=\"elementor-widget-container\">\n\t\t\t\t\t<h1 class=\"elementor-heading-title elementor-size-default\">ALBERTO HEREDIA: SELECCI\u00d3N, DIBUJOS DE LA COLECCI\u00d3N<\/h1>\t\t\t\t<\/div>\n\t\t\t\t<\/div>\n\t\t\t\t<div class=\"elementor-element elementor-element-2beb202a elementor-widget-divider--view-line elementor-widget elementor-widget-divider\" data-id=\"2beb202a\" data-element_type=\"widget\" data-e-type=\"widget\" data-widget_type=\"divider.default\">\n\t\t\t\t<div class=\"elementor-widget-container\">\n\t\t\t\t\t\t\t<div class=\"elementor-divider\">\n\t\t\t<span class=\"elementor-divider-separator\">\n\t\t\t\t\t\t<\/span>\n\t\t<\/div>\n\t\t\t\t\t\t<\/div>\n\t\t\t\t<\/div>\n\t\t\t\t\t<\/div>\n\t\t<\/div>\n\t\t\t\t\t<\/div>\n\t\t<\/section>\n\t\t\t\t<section class=\"elementor-section elementor-top-section elementor-element elementor-element-97d10a8 elementor-section-boxed elementor-section-height-default elementor-section-height-default\" data-id=\"97d10a8\" data-element_type=\"section\" data-e-type=\"section\">\n\t\t\t\t\t\t<div class=\"elementor-container elementor-column-gap-default\">\n\t\t\t\t\t<div class=\"elementor-column elementor-col-100 elementor-top-column elementor-element elementor-element-5ced8c4\" data-id=\"5ced8c4\" data-element_type=\"column\" data-e-type=\"column\">\n\t\t\t<div class=\"elementor-widget-wrap elementor-element-populated\">\n\t\t\t\t\t\t<div class=\"elementor-element elementor-element-2889ebb elementor-widget elementor-widget-wp-widget-media_audio\" data-id=\"2889ebb\" data-element_type=\"widget\" data-e-type=\"widget\" data-widget_type=\"wp-widget-media_audio.default\">\n\t\t\t\t<div class=\"elementor-widget-container\">\n\t\t\t\t\t<audio class=\"wp-audio-shortcode\" id=\"audio-28374-1\" preload=\"none\" style=\"width: 100%;\" controls=\"controls\"><source type=\"audio\/mpeg\" src=\"https:\/\/museomoderno.org\/wp-content\/uploads\/2022\/11\/Alberto-Heredia-QR.mp3?_=1\" \/><source type=\"audio\/mpeg\" src=\"https:\/\/museomoderno.org\/wp-content\/uploads\/2022\/11\/Alberto-Heredia-QR.mp3?_=1\" \/><a href=\"https:\/\/museomoderno.org\/wp-content\/uploads\/2022\/11\/Alberto-Heredia-QR.mp3\">https:\/\/museomoderno.org\/wp-content\/uploads\/2022\/11\/Alberto-Heredia-QR.mp3<\/a><\/audio>\t\t\t\t<\/div>\n\t\t\t\t<\/div>\n\t\t\t\t\t<\/div>\n\t\t<\/div>\n\t\t\t\t\t<\/div>\n\t\t<\/section>\n\t\t\t\t<section class=\"elementor-section elementor-top-section elementor-element elementor-element-df6a0a7 elementor-section-boxed elementor-section-height-default elementor-section-height-default\" data-id=\"df6a0a7\" data-element_type=\"section\" data-e-type=\"section\">\n\t\t\t\t\t\t<div class=\"elementor-container elementor-column-gap-default\">\n\t\t\t\t\t<div class=\"elementor-column elementor-col-100 elementor-top-column elementor-element elementor-element-1477dd6\" data-id=\"1477dd6\" data-element_type=\"column\" data-e-type=\"column\">\n\t\t\t<div class=\"elementor-widget-wrap elementor-element-populated\">\n\t\t\t\t\t\t<div class=\"elementor-element elementor-element-1e26189 elementor-widget elementor-widget-text-editor\" data-id=\"1e26189\" data-element_type=\"widget\" data-e-type=\"widget\" data-widget_type=\"text-editor.default\">\n\t\t\t\t<div class=\"elementor-widget-container\">\n\t\t\t\t\t\t\t\t\t<p>El conjunto de dibujos de Alberto Heredia (Buenos Aires, 1924-2000) aqu\u00ed reunidos son parte del legado que el artista argentino generosamente don\u00f3 al Museo de Arte Moderno de Buenos Aires. Esta donaci\u00f3n comprende su casa-taller, ubicada en la Avenida Caseros 828 de San Telmo, junto a 568 obras de su autor\u00eda, su biblioteca, su colecci\u00f3n y su archivo.<\/p><p>Influenciado por los movimientos de posguerra que extendieron los l\u00edmites del arte, entre ellos el informalismo, Alberto Heredia fue un artista que supo construir una imagen escult\u00f3rica singular en una escena de efervescencia creativa y ruptura como la de los a\u00f1os sesenta en Buenos Aires. En esta \u00e9poca, Heredia comenz\u00f3 a incluir desechos y objetos de diferente origen en su producci\u00f3n. A trav\u00e9s de la manipulaci\u00f3n visceral de estos materiales, reflexion\u00f3 de manera incisiva sobre la pol\u00edtica, la religi\u00f3n, la sexualidad y la violencia. En el contexto represivo de la d\u00e9cada del setenta, este tipo de obras adquirieron mayor contundencia. Por su compromiso pol\u00edtico fue amenazado y detenido por fuerzas paramilitares. Sin abandonar la experimentaci\u00f3n formal y mat\u00e9rica, el dolor, la censura y la tortura asumieron un lugar central en su producci\u00f3n por medio de la representaci\u00f3n de cuerpos ensamblados hechos con fragmentos.<\/p><p>Durante este mismo per\u00edodo, Alberto Heredia realiz\u00f3 numerosas series de dibujos y collages. A diferencia del dramatismo que caracteriza a sus obras m\u00e1s emblem\u00e1ticas, en estos papeles se puede ver a un artista \u00edntimo y libre; m\u00e1s abocado al acto espont\u00e1neo de la creaci\u00f3n que a la necesidad de hacer bocetos preparatorios para sus esculturas. Si bien en la producci\u00f3n de Heredia es palpable el sufrimiento individual y colectivo, en estos dibujos emerge una energ\u00eda desbordante cuyo trazo expresivo busca desentra\u00f1ar la naturaleza de la condici\u00f3n humana.<\/p>\t\t\t\t\t\t\t\t<\/div>\n\t\t\t\t<\/div>\n\t\t\t\t\t<\/div>\n\t\t<\/div>\n\t\t\t\t\t<\/div>\n\t\t<\/section>\n\t\t\t\t<section class=\"elementor-section elementor-top-section elementor-element elementor-element-0652bfa elementor-section-boxed elementor-section-height-default elementor-section-height-default\" data-id=\"0652bfa\" data-element_type=\"section\" data-e-type=\"section\">\n\t\t\t\t\t\t<div class=\"elementor-container elementor-column-gap-default\">\n\t\t\t\t\t<div class=\"elementor-column elementor-col-100 elementor-top-column elementor-element elementor-element-53167af\" data-id=\"53167af\" data-element_type=\"column\" data-e-type=\"column\">\n\t\t\t<div class=\"elementor-widget-wrap elementor-element-populated\">\n\t\t\t\t\t\t<div class=\"elementor-element elementor-element-27e588b elementor-widget elementor-widget-image\" data-id=\"27e588b\" data-element_type=\"widget\" data-e-type=\"widget\" data-widget_type=\"image.default\">\n\t\t\t\t<div class=\"elementor-widget-container\">\n\t\t\t\t\t\t\t\t\t\t\t\t\t\t\t<img fetchpriority=\"high\" decoding=\"async\" width=\"1200\" height=\"355\" src=\"https:\/\/museomoderno.org\/wp-content\/uploads\/2022\/11\/Heredia-Destacada-QR.jpg\" class=\"attachment-full size-full wp-image-28379\" alt=\"\" srcset=\"https:\/\/museomoderno.org\/wp-content\/uploads\/2022\/11\/Heredia-Destacada-QR.jpg 1200w, https:\/\/museomoderno.org\/wp-content\/uploads\/2022\/11\/Heredia-Destacada-QR-300x89.jpg 300w, https:\/\/museomoderno.org\/wp-content\/uploads\/2022\/11\/Heredia-Destacada-QR-1024x303.jpg 1024w, https:\/\/museomoderno.org\/wp-content\/uploads\/2022\/11\/Heredia-Destacada-QR-768x227.jpg 768w\" sizes=\"(max-width: 1200px) 100vw, 1200px\" \/>\t\t\t\t\t\t\t\t\t\t\t\t\t\t\t<\/div>\n\t\t\t\t<\/div>\n\t\t\t\t\t<\/div>\n\t\t<\/div>\n\t\t\t\t\t<\/div>\n\t\t<\/section>\n\t\t\t\t<\/div>\n\t\t","protected":false},"excerpt":{"rendered":"<p>ALBERTO HEREDIA: SELECCI\u00d3N, DIBUJOS DE LA COLECCI\u00d3N El conjunto de dibujos de Alberto Heredia (Buenos Aires, 1924-2000) aqu\u00ed reunidos son parte del legado que el artista argentino generosamente don\u00f3 al Museo de Arte Moderno de Buenos Aires. Esta donaci\u00f3n comprende su casa-taller, ubicada en la Avenida Caseros 828 de San Telmo, junto a 568 obras [&hellip;]<\/p>\n","protected":false},"author":7,"featured_media":28261,"comment_status":"closed","ping_status":"open","sticky":false,"template":"elementor_header_footer","format":"standard","meta":{"footnotes":""},"categories":[],"tags":[],"class_list":["post-28374","post","type-post","status-publish","format-standard","has-post-thumbnail","hentry"],"_links":{"self":[{"href":"https:\/\/museomoderno.org\/en\/wp-json\/wp\/v2\/posts\/28374","targetHints":{"allow":["GET"]}}],"collection":[{"href":"https:\/\/museomoderno.org\/en\/wp-json\/wp\/v2\/posts"}],"about":[{"href":"https:\/\/museomoderno.org\/en\/wp-json\/wp\/v2\/types\/post"}],"author":[{"embeddable":true,"href":"https:\/\/museomoderno.org\/en\/wp-json\/wp\/v2\/users\/7"}],"replies":[{"embeddable":true,"href":"https:\/\/museomoderno.org\/en\/wp-json\/wp\/v2\/comments?post=28374"}],"version-history":[{"count":0,"href":"https:\/\/museomoderno.org\/en\/wp-json\/wp\/v2\/posts\/28374\/revisions"}],"wp:featuredmedia":[{"embeddable":true,"href":"https:\/\/museomoderno.org\/en\/wp-json\/wp\/v2\/media\/28261"}],"wp:attachment":[{"href":"https:\/\/museomoderno.org\/en\/wp-json\/wp\/v2\/media?parent=28374"}],"wp:term":[{"taxonomy":"category","embeddable":true,"href":"https:\/\/museomoderno.org\/en\/wp-json\/wp\/v2\/categories?post=28374"},{"taxonomy":"post_tag","embeddable":true,"href":"https:\/\/museomoderno.org\/en\/wp-json\/wp\/v2\/tags?post=28374"}],"curies":[{"name":"wp","href":"https:\/\/api.w.org\/{rel}","templated":true}]}}