{"id":16808,"date":"2021-01-11T09:44:23","date_gmt":"2021-01-11T12:44:23","guid":{"rendered":"https:\/\/museomoderno.org\/fragmentos-de-la-biblioteca-capitulo-12\/"},"modified":"2021-10-04T16:50:27","modified_gmt":"2021-10-04T19:50:27","slug":"fragmentos-de-la-biblioteca-capitulo-12-ingles","status":"publish","type":"post","link":"https:\/\/museomoderno.org\/en\/fragmentos-de-la-biblioteca-capitulo-12-ingles\/","title":{"rendered":"Fragmentos de la Biblioteca: Cap\u00edtulo 12"},"content":{"rendered":"\t\t<div data-elementor-type=\"wp-post\" data-elementor-id=\"16808\" class=\"elementor elementor-16808 elementor-5412\" data-elementor-post-type=\"post\">\n\t\t\t\t\t\t<section class=\"elementor-section elementor-top-section elementor-element elementor-element-fbe21e3 elementor-section-boxed elementor-section-height-default elementor-section-height-default\" data-id=\"fbe21e3\" data-element_type=\"section\" data-e-type=\"section\">\n\t\t\t\t\t\t<div class=\"elementor-container elementor-column-gap-default\">\n\t\t\t\t\t<div class=\"elementor-column elementor-col-100 elementor-top-column elementor-element elementor-element-27271174\" data-id=\"27271174\" data-element_type=\"column\" data-e-type=\"column\">\n\t\t\t<div class=\"elementor-widget-wrap elementor-element-populated\">\n\t\t\t\t\t\t<div class=\"elementor-element elementor-element-38760672 elementor-widget elementor-widget-heading\" data-id=\"38760672\" data-element_type=\"widget\" data-e-type=\"widget\" data-widget_type=\"heading.default\">\n\t\t\t\t<div class=\"elementor-widget-container\">\n\t\t\t\t\t<h1 class=\"elementor-heading-title elementor-size-default\">Fragmentos de la Biblioteca: Cap\u00edtulo 12<\/h1>\t\t\t\t<\/div>\n\t\t\t\t<\/div>\n\t\t\t\t<div class=\"elementor-element elementor-element-333be93d elementor-widget-divider--view-line elementor-widget elementor-widget-divider\" data-id=\"333be93d\" data-element_type=\"widget\" data-e-type=\"widget\" data-widget_type=\"divider.default\">\n\t\t\t\t<div class=\"elementor-widget-container\">\n\t\t\t\t\t\t\t<div class=\"elementor-divider\">\n\t\t\t<span class=\"elementor-divider-separator\">\n\t\t\t\t\t\t<\/span>\n\t\t<\/div>\n\t\t\t\t\t\t<\/div>\n\t\t\t\t<\/div>\n\t\t\t\t\t<\/div>\n\t\t<\/div>\n\t\t\t\t\t<\/div>\n\t\t<\/section>\n\t\t\t\t<section class=\"elementor-section elementor-top-section elementor-element elementor-element-bcf090b elementor-section-boxed elementor-section-height-default elementor-section-height-default\" data-id=\"bcf090b\" data-element_type=\"section\" data-e-type=\"section\">\n\t\t\t\t\t\t<div class=\"elementor-container elementor-column-gap-default\">\n\t\t\t\t\t<div class=\"elementor-column elementor-col-100 elementor-top-column elementor-element elementor-element-86aa50c\" data-id=\"86aa50c\" data-element_type=\"column\" data-e-type=\"column\">\n\t\t\t<div class=\"elementor-widget-wrap elementor-element-populated\">\n\t\t\t\t\t\t<div class=\"elementor-element elementor-element-46a2520 elementor-widget elementor-widget-text-editor\" data-id=\"46a2520\" data-element_type=\"widget\" data-e-type=\"widget\" data-widget_type=\"text-editor.default\">\n\t\t\t\t<div class=\"elementor-widget-container\">\n\t\t\t\t\t\t\t\t\t<h5>DEBATES EN EL MAM<\/h5><p>Entre los a\u00f1os 1965 y 1969, se realizan en el Museo de Arte Moderno una serie de actividades donde se plantearon los cuestionamientos y t\u00f3picos del arte probablemente m\u00e1s citados a mediados del siglo XX, a saber: el fin de la pintura, la actitud pasiva del espectador burgu\u00e9s y las nuevas maneras de producci\u00f3n art\u00edstica m\u00e1s aggiornadas a las sociedades contempor\u00e1neas.<\/p><p>En el marco de la mesa redonda Nueva actitud de los artistas, julio de 1965, participaron Ernesto Deira, Armando Durante, Kenneth Kemble, M\u00e9ndez Casariego, Marta Minuj\u00edn, Luis Felipe No\u00e9 y Pablo Su\u00e1rez. All\u00ed pusieron en discusi\u00f3n desde el objeto cuadro, el arte como entretenimiento hasta las expectativas que deb\u00edan proponerse ante los cambios sociales y pol\u00edticos que se avecinaban. Marta Minuj\u00edn, ya en el transcurso de la pol\u00e9mica por la pieza La Menesunda realizada con Rub\u00e9n Santantonin, dijo en ese encuentro: \u201cEn principio, lo que m\u00e1s me interesa es la gente, sus reacciones y qu\u00e9 es lo que le puede pasar a trav\u00e9s de lo que hago. Es decir, el objeto, el cuadro, en el momento actual no me interesa nada, porque estoy muy metida en el mundo y lo que pasa. Creo que si la gente lee en la quinta de \u201cLa Raz\u00f3n\u201d que hay vida en Marte, hay objetos interplanetarios, hay guerra en Vietnam, etc\u00e9tera, no puede olvidarse f\u00e1cilmente de s\u00ed misma para comprender lo que uno ha querido darle. Entonces creo que lo que se puede hacer es tratar de hacerle vivir nuevas experiencias no solamente f\u00edsicas sino espirituales y ps\u00edquicas\u201d.<\/p><p>Al final del evento, se dio lugar al p\u00fablico para que hiciera algunas preguntas o comentarios, entre ellos se encontraba Roberto Jacoby, quien ofreci\u00f3 como una s\u00edntesis casi ut\u00f3pica de esa nueva actitud: \u201cCreo que lo importante es que no se trata s\u00f3lo de incorporar al espectador en la obra sino de proponerle mucho m\u00e1s que eso, un cambio de vida, un cambio de moral\u201d. Jacoby, junto a Eduardo Costa y el semi\u00f3logo Oscar Masotta, introduc\u00edan y desarrollaban en el pa\u00eds el concepto de Arte de Medios en esos mediados de los 60.<\/p><p>Al respecto, en junio de 1966, Masotta realiza en el Museo la conferencia Materia y medios de comunicaci\u00f3n de masas en la pl\u00e1stica argentina de vanguardia. La Biblioteca conserva tanto la gacetilla de prensa de este evento como la transcripci\u00f3n de la charla Arte pop y sem\u00e1ntica, presentada en el Instituto Di Tella el a\u00f1o anterior. Retomando el caso Minuj\u00edn, Masotta lo describe de la siguiente manera: \u201cVisi\u00f3n del proceso social como fen\u00f3meno de cambio continuo, por un lado y concepci\u00f3n de la relaci\u00f3n de la obra con el espectador como contacto inmediato, participante, como situaci\u00f3n, con valor cat\u00e1rtico, que reemplazar\u00eda a la presencia aislada y estetizante del objeto pl\u00e1stico tradicional\u201d. Continuando con una cr\u00edtica sobre el posicionamiento de la artista ante los procesos sociales.<\/p><p>Por otra parte, en septiembre de 1965, el Museo de Arte Moderno con el Servicio Cultural de la Embajada de Estados Unidos organizaron un encuentro, coordinado por Kenneth Kemble y Florencio M\u00e9ndez Casariego, invitando a los artistas argentinos regresados como becarios en el pa\u00eds del norte. Conformaron la mesa para contar sus impresiones Rogelio Polesello, Ary Brizzy, Federico Peralta Ramos, V\u00edctor Magari\u00f1os, Pablo Su\u00e1rez y Ren\u00e9 Mor\u00f3n.<\/p><p>Posteriormente, en el a\u00f1o 1968 bajo el t\u00edtulo \u00bfExiste un vac\u00edo de vanguardia en las artes pl\u00e1sticas en la Argentina? se programa este seminario a cargo de los soci\u00f3logos Marta Slemenson y Germ\u00e1n Kratochwil y el cr\u00edtico de arte Ferm\u00edn Fevre. Como corolario de la actividad en septiembre 1969, se reuni\u00f3 a Sonia Marsal, Rafael Squirru, Jorge Romero Brest, Federico Peralta Ramos, Norberto Benvenuto y Luis Felipe No\u00e9 -cuyo libro Antiest\u00e9tica, publicado en 1966 y con gran repercusi\u00f3n se hab\u00eda presentado en el MAM-. No\u00e9 adem\u00e1s de problematizar el concepto de vanguardia art\u00edstica, inscribi\u00e9ndola con lo social y lo pol\u00edtico, expresaba sobre los cuestionamientos a la pintura: \u201cYo he o\u00eddo decir ah\u00ed que Marotta dice que el happening es una nueva expresi\u00f3n art\u00edstica as\u00ed como hab\u00eda la pintura y dem\u00e1s. Yo creo que es un disparate eso, es decir creo que el happening fue una de las etapas de poner en cuesti\u00f3n los lenguajes art\u00edsticos, es absurdo decir la pintura est\u00e1 cuestionada y decir bueno, ahora hay un nuevo lenguaje que es el happening. No!, eso de ninguna manera. [\u2026] Fue una primera etapa en el cuestionamiento [\u2026], que reconoce que el mundo ya no es sintetizable y que tiene una cantidad de est\u00edmulos distintos y contrapuestos\u201d\u2026 .<\/p><p>La Biblioteca cuenta con la transcripci\u00f3n de aquella charla y con el cuadernillo Criterios para la cr\u00edtica de arte contempor\u00e1neo, adem\u00e1s de los otros materiales aqu\u00ed mencionados.<\/p><p><em>La biblioteca\u00a0cuenta con el apoyo de\u00a0<\/em><\/p>\t\t\t\t\t\t\t\t<\/div>\n\t\t\t\t<\/div>\n\t\t\t\t\t<\/div>\n\t\t<\/div>\n\t\t\t\t\t<\/div>\n\t\t<\/section>\n\t\t\t\t<section class=\"elementor-section elementor-top-section elementor-element elementor-element-578b737 elementor-section-boxed elementor-section-height-default elementor-section-height-default\" data-id=\"578b737\" data-element_type=\"section\" data-e-type=\"section\">\n\t\t\t\t\t\t<div class=\"elementor-container elementor-column-gap-default\">\n\t\t\t\t\t<div class=\"elementor-column elementor-col-100 elementor-top-column elementor-element elementor-element-0aced4d\" data-id=\"0aced4d\" data-element_type=\"column\" data-e-type=\"column\">\n\t\t\t<div class=\"elementor-widget-wrap elementor-element-populated\">\n\t\t\t\t\t\t<div class=\"elementor-element elementor-element-2a58f46 elementor-widget elementor-widget-image\" data-id=\"2a58f46\" data-element_type=\"widget\" data-e-type=\"widget\" data-widget_type=\"image.default\">\n\t\t\t\t<div class=\"elementor-widget-container\">\n\t\t\t\t\t\t\t\t\t\t\t\t\t\t\t<img decoding=\"async\" width=\"200\" height=\"46\" src=\"https:\/\/museomoderno.org\/wp-content\/uploads\/2020\/12\/Logo-Mecenazgo-NUEVO.jpg\" class=\"attachment-full size-full wp-image-9611\" alt=\"\" \/>\t\t\t\t\t\t\t\t\t\t\t\t\t\t\t<\/div>\n\t\t\t\t<\/div>\n\t\t\t\t\t<\/div>\n\t\t<\/div>\n\t\t\t\t\t<\/div>\n\t\t<\/section>\n\t\t\t\t<section class=\"elementor-section elementor-top-section elementor-element elementor-element-1bb41ed elementor-section-boxed elementor-section-height-default elementor-section-height-default\" data-id=\"1bb41ed\" data-element_type=\"section\" data-e-type=\"section\">\n\t\t\t\t\t\t<div class=\"elementor-container elementor-column-gap-default\">\n\t\t\t\t\t<div class=\"elementor-column elementor-col-100 elementor-top-column elementor-element elementor-element-333ad20\" data-id=\"333ad20\" data-element_type=\"column\" data-e-type=\"column\">\n\t\t\t<div class=\"elementor-widget-wrap elementor-element-populated\">\n\t\t\t\t\t\t<div class=\"elementor-element elementor-element-9ab711a elementor-widget elementor-widget-gallery\" data-id=\"9ab711a\" data-element_type=\"widget\" data-e-type=\"widget\" data-settings=\"{&quot;image_hover_animation&quot;:&quot;grow&quot;,&quot;lazyload&quot;:&quot;yes&quot;,&quot;gallery_layout&quot;:&quot;grid&quot;,&quot;columns&quot;:4,&quot;columns_tablet&quot;:2,&quot;columns_mobile&quot;:1,&quot;gap&quot;:{&quot;unit&quot;:&quot;px&quot;,&quot;size&quot;:10,&quot;sizes&quot;:[]},&quot;gap_tablet&quot;:{&quot;unit&quot;:&quot;px&quot;,&quot;size&quot;:10,&quot;sizes&quot;:[]},&quot;gap_mobile&quot;:{&quot;unit&quot;:&quot;px&quot;,&quot;size&quot;:10,&quot;sizes&quot;:[]},&quot;link_to&quot;:&quot;file&quot;,&quot;aspect_ratio&quot;:&quot;3:2&quot;,&quot;overlay_background&quot;:&quot;yes&quot;,&quot;content_hover_animation&quot;:&quot;fade-in&quot;}\" data-widget_type=\"gallery.default\">\n\t\t\t\t<div class=\"elementor-widget-container\">\n\t\t\t\t\t\t\t<div class=\"elementor-gallery__container\">\n\t\t\t\t\t\t\t<a class=\"e-gallery-item elementor-gallery-item elementor-animated-content\" href=\"https:\/\/museomoderno.org\/wp-content\/uploads\/2021\/08\/01-Cuadernillo-con-la-transcripcion-de-la-Mesa-Redonda-Nueva-actitud-de-los-artistas.jpg\" data-elementor-open-lightbox=\"yes\" data-elementor-lightbox-slideshow=\"9ab711a\" data-elementor-lightbox-title=\"Cuadernillo con la transcripci\u00f3n de la Mesa Redonda \u201cNueva actitud de los artistas\u201d, realizada en el Museo de Arte Moderno de Buenos Aires el 16 de julio de 1965\" data-e-action-hash=\"#elementor-action%3Aaction%3Dlightbox%26settings%3DeyJpZCI6MTQ5OTgsInVybCI6Imh0dHBzOlwvXC9tdXNlb21vZGVybm8ub3JnXC93cC1jb250ZW50XC91cGxvYWRzXC8yMDIxXC8wOFwvMDEtQ3VhZGVybmlsbG8tY29uLWxhLXRyYW5zY3JpcGNpb24tZGUtbGEtTWVzYS1SZWRvbmRhLU51ZXZhLWFjdGl0dWQtZGUtbG9zLWFydGlzdGFzLmpwZyIsInNsaWRlc2hvdyI6IjlhYjcxMWEifQ%3D%3D\">\n\t\t\t\t\t<div class=\"e-gallery-image elementor-gallery-item__image\" data-thumbnail=\"https:\/\/museomoderno.org\/wp-content\/uploads\/2021\/08\/01-Cuadernillo-con-la-transcripcion-de-la-Mesa-Redonda-Nueva-actitud-de-los-artistas-226x300.jpg\" data-width=\"226\" data-height=\"300\" aria-label=\"\" role=\"img\" ><\/div>\n\t\t\t\t\t\t\t\t\t\t\t<div class=\"elementor-gallery-item__overlay\"><\/div>\n\t\t\t\t\t\t\t\t\t\t\t\t\t\t<\/a>\n\t\t\t\t\t\t\t<a class=\"e-gallery-item elementor-gallery-item elementor-animated-content\" href=\"https:\/\/museomoderno.org\/wp-content\/uploads\/2021\/08\/02-Gacetilla-de-prensa-de-la-Conferencia-Materia-y-medios-de-comunicacion-de-masas-en-la-plastica-argentina-de-vanguardia.jpg\" data-elementor-open-lightbox=\"yes\" data-elementor-lightbox-slideshow=\"9ab711a\" data-elementor-lightbox-title=\"Gacetilla de prensa de la Conferencia \u201cMateria y medios de comunicaci\u00f3n de masas en la pl\u00e1stica argentina de vanguardia\u201d dictaminada por Oscar Masotta en el Museo de Arte Moderno de Buenos Aires el 9 y 16 de mayo de 1966\" data-e-action-hash=\"#elementor-action%3Aaction%3Dlightbox%26settings%3DeyJpZCI6MTUwMDAsInVybCI6Imh0dHBzOlwvXC9tdXNlb21vZGVybm8ub3JnXC93cC1jb250ZW50XC91cGxvYWRzXC8yMDIxXC8wOFwvMDItR2FjZXRpbGxhLWRlLXByZW5zYS1kZS1sYS1Db25mZXJlbmNpYS1NYXRlcmlhLXktbWVkaW9zLWRlLWNvbXVuaWNhY2lvbi1kZS1tYXNhcy1lbi1sYS1wbGFzdGljYS1hcmdlbnRpbmEtZGUtdmFuZ3VhcmRpYS5qcGciLCJzbGlkZXNob3ciOiI5YWI3MTFhIn0%3D\">\n\t\t\t\t\t<div class=\"e-gallery-image elementor-gallery-item__image\" data-thumbnail=\"https:\/\/museomoderno.org\/wp-content\/uploads\/2021\/08\/02-Gacetilla-de-prensa-de-la-Conferencia-Materia-y-medios-de-comunicacion-de-masas-en-la-plastica-argentina-de-vanguardia-185x300.jpg\" data-width=\"185\" data-height=\"300\" aria-label=\"\" role=\"img\" ><\/div>\n\t\t\t\t\t\t\t\t\t\t\t<div class=\"elementor-gallery-item__overlay\"><\/div>\n\t\t\t\t\t\t\t\t\t\t\t\t\t\t<\/a>\n\t\t\t\t\t\t\t<a class=\"e-gallery-item elementor-gallery-item elementor-animated-content\" href=\"https:\/\/museomoderno.org\/wp-content\/uploads\/2021\/08\/03-Gacetilla-de-prensa-de-la-Conferencia-Materia-y-medios-de-comunicacion-de-masas-en-la-plastica-argentina-de-vanguardia.jpg\" data-elementor-open-lightbox=\"yes\" data-elementor-lightbox-slideshow=\"9ab711a\" data-elementor-lightbox-title=\"Gacetilla de prensa de la Conferencia \u201cMateria y medios de comunicaci\u00f3n de masas en la pl\u00e1stica argentina de vanguardia\u201d dictaminada por Oscar Masotta en el Museo de Arte Moderno de Buenos Aires el 9 y 16 de mayo de 1966\" data-e-action-hash=\"#elementor-action%3Aaction%3Dlightbox%26settings%3DeyJpZCI6MTUwMDIsInVybCI6Imh0dHBzOlwvXC9tdXNlb21vZGVybm8ub3JnXC93cC1jb250ZW50XC91cGxvYWRzXC8yMDIxXC8wOFwvMDMtR2FjZXRpbGxhLWRlLXByZW5zYS1kZS1sYS1Db25mZXJlbmNpYS1NYXRlcmlhLXktbWVkaW9zLWRlLWNvbXVuaWNhY2lvbi1kZS1tYXNhcy1lbi1sYS1wbGFzdGljYS1hcmdlbnRpbmEtZGUtdmFuZ3VhcmRpYS5qcGciLCJzbGlkZXNob3ciOiI5YWI3MTFhIn0%3D\">\n\t\t\t\t\t<div class=\"e-gallery-image elementor-gallery-item__image\" data-thumbnail=\"https:\/\/museomoderno.org\/wp-content\/uploads\/2021\/08\/03-Gacetilla-de-prensa-de-la-Conferencia-Materia-y-medios-de-comunicacion-de-masas-en-la-plastica-argentina-de-vanguardia-188x300.jpg\" data-width=\"188\" data-height=\"300\" aria-label=\"\" role=\"img\" ><\/div>\n\t\t\t\t\t\t\t\t\t\t\t<div class=\"elementor-gallery-item__overlay\"><\/div>\n\t\t\t\t\t\t\t\t\t\t\t\t\t\t<\/a>\n\t\t\t\t\t\t\t<a class=\"e-gallery-item elementor-gallery-item elementor-animated-content\" href=\"https:\/\/museomoderno.org\/wp-content\/uploads\/2021\/08\/04-Detalle-de-una-copia-mecanografiada-de-la-Conferencia-Arte-pop-y-semantica.jpg\" data-elementor-open-lightbox=\"yes\" data-elementor-lightbox-slideshow=\"9ab711a\" data-elementor-lightbox-title=\"Detalle de una copia mecanografiada de la Conferencia \u201cArte pop y sem\u00e1ntica\u201d dictaminada por Oscar Masotta en el Instituto Di Tella, 1965\" data-e-action-hash=\"#elementor-action%3Aaction%3Dlightbox%26settings%3DeyJpZCI6MTUwMDQsInVybCI6Imh0dHBzOlwvXC9tdXNlb21vZGVybm8ub3JnXC93cC1jb250ZW50XC91cGxvYWRzXC8yMDIxXC8wOFwvMDQtRGV0YWxsZS1kZS11bmEtY29waWEtbWVjYW5vZ3JhZmlhZGEtZGUtbGEtQ29uZmVyZW5jaWEtQXJ0ZS1wb3AteS1zZW1hbnRpY2EuanBnIiwic2xpZGVzaG93IjoiOWFiNzExYSJ9\">\n\t\t\t\t\t<div class=\"e-gallery-image elementor-gallery-item__image\" data-thumbnail=\"https:\/\/museomoderno.org\/wp-content\/uploads\/2021\/08\/04-Detalle-de-una-copia-mecanografiada-de-la-Conferencia-Arte-pop-y-semantica-300x200.jpg\" data-width=\"300\" data-height=\"200\" aria-label=\"\" role=\"img\" ><\/div>\n\t\t\t\t\t\t\t\t\t\t\t<div class=\"elementor-gallery-item__overlay\"><\/div>\n\t\t\t\t\t\t\t\t\t\t\t\t\t\t<\/a>\n\t\t\t\t\t\t\t<a class=\"e-gallery-item elementor-gallery-item elementor-animated-content\" href=\"https:\/\/museomoderno.org\/wp-content\/uploads\/2021\/08\/05-Detalle-de-una-copia-mecanografiada-de-la-Conferencia-Arte-pop-y-semantica.jpg\" data-elementor-open-lightbox=\"yes\" data-elementor-lightbox-slideshow=\"9ab711a\" data-elementor-lightbox-title=\"Detalle de una copia mecanografiada de la Conferencia \u201cArte pop y sem\u00e1ntica\u201d dictaminada por Oscar Masotta en el Instituto Di Tella, 1965\" data-e-action-hash=\"#elementor-action%3Aaction%3Dlightbox%26settings%3DeyJpZCI6MTUwMDYsInVybCI6Imh0dHBzOlwvXC9tdXNlb21vZGVybm8ub3JnXC93cC1jb250ZW50XC91cGxvYWRzXC8yMDIxXC8wOFwvMDUtRGV0YWxsZS1kZS11bmEtY29waWEtbWVjYW5vZ3JhZmlhZGEtZGUtbGEtQ29uZmVyZW5jaWEtQXJ0ZS1wb3AteS1zZW1hbnRpY2EuanBnIiwic2xpZGVzaG93IjoiOWFiNzExYSJ9\">\n\t\t\t\t\t<div class=\"e-gallery-image elementor-gallery-item__image\" data-thumbnail=\"https:\/\/museomoderno.org\/wp-content\/uploads\/2021\/08\/05-Detalle-de-una-copia-mecanografiada-de-la-Conferencia-Arte-pop-y-semantica-300x200.jpg\" data-width=\"300\" data-height=\"200\" aria-label=\"\" role=\"img\" ><\/div>\n\t\t\t\t\t\t\t\t\t\t\t<div class=\"elementor-gallery-item__overlay\"><\/div>\n\t\t\t\t\t\t\t\t\t\t\t\t\t\t<\/a>\n\t\t\t\t\t\t\t<a class=\"e-gallery-item elementor-gallery-item elementor-animated-content\" href=\"https:\/\/museomoderno.org\/wp-content\/uploads\/2021\/08\/06-Detalle-de-una-copia-mecanografiada-de-la-Conferencia-Arte-pop-y-semantica.jpg\" data-elementor-open-lightbox=\"yes\" data-elementor-lightbox-slideshow=\"9ab711a\" data-elementor-lightbox-title=\"Bolet\u00edn informativo de la Mesa Redonda \u201cPintores argentinos hablar\u00e1n de las impresiones recogidas en su visita a EE.UU\u201d realizada en el Museo de Arte Moderno de Buenos Aires el 24 de septiembre de 1965\" data-e-action-hash=\"#elementor-action%3Aaction%3Dlightbox%26settings%3DeyJpZCI6MTUwMDksInVybCI6Imh0dHBzOlwvXC9tdXNlb21vZGVybm8ub3JnXC93cC1jb250ZW50XC91cGxvYWRzXC8yMDIxXC8wOFwvMDYtRGV0YWxsZS1kZS11bmEtY29waWEtbWVjYW5vZ3JhZmlhZGEtZGUtbGEtQ29uZmVyZW5jaWEtQXJ0ZS1wb3AteS1zZW1hbnRpY2EuanBnIiwic2xpZGVzaG93IjoiOWFiNzExYSJ9\">\n\t\t\t\t\t<div class=\"e-gallery-image elementor-gallery-item__image\" data-thumbnail=\"https:\/\/museomoderno.org\/wp-content\/uploads\/2021\/08\/06-Detalle-de-una-copia-mecanografiada-de-la-Conferencia-Arte-pop-y-semantica-197x300.jpg\" data-width=\"197\" data-height=\"300\" aria-label=\"\" role=\"img\" ><\/div>\n\t\t\t\t\t\t\t\t\t\t\t<div class=\"elementor-gallery-item__overlay\"><\/div>\n\t\t\t\t\t\t\t\t\t\t\t\t\t\t<\/a>\n\t\t\t\t\t\t\t<a class=\"e-gallery-item elementor-gallery-item elementor-animated-content\" href=\"https:\/\/museomoderno.org\/wp-content\/uploads\/2021\/08\/07-Boletin-informativo-de-la-Mesa-Redonda-Pintores-argentinos-hablaran-de-las-impresiones-recogidas-en-su-visita-a-EE.UU_.jpg\" data-elementor-open-lightbox=\"yes\" data-elementor-lightbox-slideshow=\"9ab711a\" data-elementor-lightbox-title=\"07 Bolet\u00edn informativo de la Mesa Redonda \u201cPintores argentinos hablar\u00e1n de las impresiones recogidas en su visita a EE.UU\u201d\" data-e-action-hash=\"#elementor-action%3Aaction%3Dlightbox%26settings%3DeyJpZCI6MTUwMTEsInVybCI6Imh0dHBzOlwvXC9tdXNlb21vZGVybm8ub3JnXC93cC1jb250ZW50XC91cGxvYWRzXC8yMDIxXC8wOFwvMDctQm9sZXRpbi1pbmZvcm1hdGl2by1kZS1sYS1NZXNhLVJlZG9uZGEtUGludG9yZXMtYXJnZW50aW5vcy1oYWJsYXJhbi1kZS1sYXMtaW1wcmVzaW9uZXMtcmVjb2dpZGFzLWVuLXN1LXZpc2l0YS1hLUVFLlVVXy5qcGciLCJzbGlkZXNob3ciOiI5YWI3MTFhIn0%3D\">\n\t\t\t\t\t<div class=\"e-gallery-image elementor-gallery-item__image\" data-thumbnail=\"https:\/\/museomoderno.org\/wp-content\/uploads\/2021\/08\/07-Boletin-informativo-de-la-Mesa-Redonda-Pintores-argentinos-hablaran-de-las-impresiones-recogidas-en-su-visita-a-EE.UU_-227x300.jpg\" data-width=\"227\" data-height=\"300\" aria-label=\"\" role=\"img\" ><\/div>\n\t\t\t\t\t\t\t\t\t\t\t<div class=\"elementor-gallery-item__overlay\"><\/div>\n\t\t\t\t\t\t\t\t\t\t\t\t\t\t<\/a>\n\t\t\t\t\t\t\t<a class=\"e-gallery-item elementor-gallery-item elementor-animated-content\" href=\"https:\/\/museomoderno.org\/wp-content\/uploads\/2021\/08\/08-Pablo-Suarez-en-la-Mesa-Redonda-Pintores-argentinos-hablaran-de-las-impresiones-recogidas-en-su-visita-a-EE.UU_.jpg\" data-elementor-open-lightbox=\"yes\" data-elementor-lightbox-slideshow=\"9ab711a\" data-elementor-lightbox-title=\"Pablo Su\u00e1rez en la Mesa Redonda \u201cPintores argentinos hablar\u00e1n de las impresiones recogidas en su visita a EE.UU\u201d realizada en el Museo de Arte Moderno de Buenos Aires el 24 de septiembre de 1965\" data-e-action-hash=\"#elementor-action%3Aaction%3Dlightbox%26settings%3DeyJpZCI6MTUwMTMsInVybCI6Imh0dHBzOlwvXC9tdXNlb21vZGVybm8ub3JnXC93cC1jb250ZW50XC91cGxvYWRzXC8yMDIxXC8wOFwvMDgtUGFibG8tU3VhcmV6LWVuLWxhLU1lc2EtUmVkb25kYS1QaW50b3Jlcy1hcmdlbnRpbm9zLWhhYmxhcmFuLWRlLWxhcy1pbXByZXNpb25lcy1yZWNvZ2lkYXMtZW4tc3UtdmlzaXRhLWEtRUUuVVVfLmpwZyIsInNsaWRlc2hvdyI6IjlhYjcxMWEifQ%3D%3D\">\n\t\t\t\t\t<div class=\"e-gallery-image elementor-gallery-item__image\" data-thumbnail=\"https:\/\/museomoderno.org\/wp-content\/uploads\/2021\/08\/08-Pablo-Suarez-en-la-Mesa-Redonda-Pintores-argentinos-hablaran-de-las-impresiones-recogidas-en-su-visita-a-EE.UU_-300x218.jpg\" data-width=\"300\" data-height=\"218\" aria-label=\"\" role=\"img\" ><\/div>\n\t\t\t\t\t\t\t\t\t\t\t<div class=\"elementor-gallery-item__overlay\"><\/div>\n\t\t\t\t\t\t\t\t\t\t\t\t\t\t<\/a>\n\t\t\t\t\t\t\t<a class=\"e-gallery-item elementor-gallery-item elementor-animated-content\" href=\"https:\/\/museomoderno.org\/wp-content\/uploads\/2021\/08\/09-Mesa-Redonda-Pintores-argentinos-hablaran-de-las-impresiones-recogidas-en-su-visita-a-EE.UU_.jpg\" data-elementor-open-lightbox=\"yes\" data-elementor-lightbox-slideshow=\"9ab711a\" data-elementor-lightbox-title=\"Mesa Redonda \u201cPintores argentinos hablar\u00e1n de las impresiones recogidas en su visita a EE.UU\u201d realizada en el Museo de Arte Moderno de Buenos Aires el 24 de septiembre de 1965\" data-e-action-hash=\"#elementor-action%3Aaction%3Dlightbox%26settings%3DeyJpZCI6MTUwMTUsInVybCI6Imh0dHBzOlwvXC9tdXNlb21vZGVybm8ub3JnXC93cC1jb250ZW50XC91cGxvYWRzXC8yMDIxXC8wOFwvMDktTWVzYS1SZWRvbmRhLVBpbnRvcmVzLWFyZ2VudGlub3MtaGFibGFyYW4tZGUtbGFzLWltcHJlc2lvbmVzLXJlY29naWRhcy1lbi1zdS12aXNpdGEtYS1FRS5VVV8uanBnIiwic2xpZGVzaG93IjoiOWFiNzExYSJ9\">\n\t\t\t\t\t<div class=\"e-gallery-image elementor-gallery-item__image\" data-thumbnail=\"https:\/\/museomoderno.org\/wp-content\/uploads\/2021\/08\/09-Mesa-Redonda-Pintores-argentinos-hablaran-de-las-impresiones-recogidas-en-su-visita-a-EE.UU_-300x109.jpg\" data-width=\"300\" data-height=\"109\" aria-label=\"\" role=\"img\" ><\/div>\n\t\t\t\t\t\t\t\t\t\t\t<div class=\"elementor-gallery-item__overlay\"><\/div>\n\t\t\t\t\t\t\t\t\t\t\t\t\t\t<\/a>\n\t\t\t\t\t\t\t<a class=\"e-gallery-item elementor-gallery-item elementor-animated-content\" href=\"https:\/\/museomoderno.org\/wp-content\/uploads\/2021\/08\/010-Mesa-Redonda-Pintores-argentinos-hablaran-de-las-impresiones-recogidas-en-su-visita-a-EE.UU_.jpg\" data-elementor-open-lightbox=\"yes\" data-elementor-lightbox-slideshow=\"9ab711a\" data-elementor-lightbox-title=\"Mesa Redonda \u201cPintores argentinos hablar\u00e1n de las impresiones recogidas en su visita a EE.UU\u201d realizada en el Museo de Arte Moderno de Buenos Aires el 24 de septiembre de 1965\" data-e-action-hash=\"#elementor-action%3Aaction%3Dlightbox%26settings%3DeyJpZCI6MTUwMTcsInVybCI6Imh0dHBzOlwvXC9tdXNlb21vZGVybm8ub3JnXC93cC1jb250ZW50XC91cGxvYWRzXC8yMDIxXC8wOFwvMDEwLU1lc2EtUmVkb25kYS1QaW50b3Jlcy1hcmdlbnRpbm9zLWhhYmxhcmFuLWRlLWxhcy1pbXByZXNpb25lcy1yZWNvZ2lkYXMtZW4tc3UtdmlzaXRhLWEtRUUuVVVfLmpwZyIsInNsaWRlc2hvdyI6IjlhYjcxMWEifQ%3D%3D\">\n\t\t\t\t\t<div class=\"e-gallery-image elementor-gallery-item__image\" data-thumbnail=\"https:\/\/museomoderno.org\/wp-content\/uploads\/2021\/08\/010-Mesa-Redonda-Pintores-argentinos-hablaran-de-las-impresiones-recogidas-en-su-visita-a-EE.UU_-300x189.jpg\" data-width=\"300\" data-height=\"189\" aria-label=\"\" role=\"img\" ><\/div>\n\t\t\t\t\t\t\t\t\t\t\t<div class=\"elementor-gallery-item__overlay\"><\/div>\n\t\t\t\t\t\t\t\t\t\t\t\t\t\t<\/a>\n\t\t\t\t\t\t\t<a class=\"e-gallery-item elementor-gallery-item elementor-animated-content\" href=\"https:\/\/museomoderno.org\/wp-content\/uploads\/2021\/08\/011-Mesa-Redonda-Pintores-argentinos-hablaran-de-las-impresiones-recogidas-en-su-visita-a-EE.UU_.jpg\" data-elementor-open-lightbox=\"yes\" data-elementor-lightbox-slideshow=\"9ab711a\" data-elementor-lightbox-title=\"Mesa Redonda \u201cPintores argentinos hablar\u00e1n de las impresiones recogidas en su visita a EE.UU\u201d realizada en el Museo de Arte Moderno de Buenos Aires el 24 de septiembre de 1965\" data-e-action-hash=\"#elementor-action%3Aaction%3Dlightbox%26settings%3DeyJpZCI6MTUwMTksInVybCI6Imh0dHBzOlwvXC9tdXNlb21vZGVybm8ub3JnXC93cC1jb250ZW50XC91cGxvYWRzXC8yMDIxXC8wOFwvMDExLU1lc2EtUmVkb25kYS1QaW50b3Jlcy1hcmdlbnRpbm9zLWhhYmxhcmFuLWRlLWxhcy1pbXByZXNpb25lcy1yZWNvZ2lkYXMtZW4tc3UtdmlzaXRhLWEtRUUuVVVfLmpwZyIsInNsaWRlc2hvdyI6IjlhYjcxMWEifQ%3D%3D\">\n\t\t\t\t\t<div class=\"e-gallery-image elementor-gallery-item__image\" data-thumbnail=\"https:\/\/museomoderno.org\/wp-content\/uploads\/2021\/08\/011-Mesa-Redonda-Pintores-argentinos-hablaran-de-las-impresiones-recogidas-en-su-visita-a-EE.UU_-300x188.jpg\" data-width=\"300\" data-height=\"188\" aria-label=\"\" role=\"img\" ><\/div>\n\t\t\t\t\t\t\t\t\t\t\t<div class=\"elementor-gallery-item__overlay\"><\/div>\n\t\t\t\t\t\t\t\t\t\t\t\t\t\t<\/a>\n\t\t\t\t\t\t\t<a class=\"e-gallery-item elementor-gallery-item elementor-animated-content\" href=\"https:\/\/museomoderno.org\/wp-content\/uploads\/2021\/08\/012-Mesa-Redonda-Pintores-argentinos-hablaran-de-las-impresiones-recogidas-en-su-visita-a-EE.UU_.jpg\" data-elementor-open-lightbox=\"yes\" data-elementor-lightbox-slideshow=\"9ab711a\" data-elementor-lightbox-title=\"Mesa Redonda \u201cPintores argentinos hablar\u00e1n de las impresiones recogidas en su visita a EE.UU\u201d realizada en el Museo de Arte Moderno de Buenos Aires el 24 de septiembre de 1965\" data-e-action-hash=\"#elementor-action%3Aaction%3Dlightbox%26settings%3DeyJpZCI6MTUwMjEsInVybCI6Imh0dHBzOlwvXC9tdXNlb21vZGVybm8ub3JnXC93cC1jb250ZW50XC91cGxvYWRzXC8yMDIxXC8wOFwvMDEyLU1lc2EtUmVkb25kYS1QaW50b3Jlcy1hcmdlbnRpbm9zLWhhYmxhcmFuLWRlLWxhcy1pbXByZXNpb25lcy1yZWNvZ2lkYXMtZW4tc3UtdmlzaXRhLWEtRUUuVVVfLmpwZyIsInNsaWRlc2hvdyI6IjlhYjcxMWEifQ%3D%3D\">\n\t\t\t\t\t<div class=\"e-gallery-image elementor-gallery-item__image\" data-thumbnail=\"https:\/\/museomoderno.org\/wp-content\/uploads\/2021\/08\/012-Mesa-Redonda-Pintores-argentinos-hablaran-de-las-impresiones-recogidas-en-su-visita-a-EE.UU_-300x223.jpg\" data-width=\"300\" data-height=\"223\" aria-label=\"\" role=\"img\" ><\/div>\n\t\t\t\t\t\t\t\t\t\t\t<div class=\"elementor-gallery-item__overlay\"><\/div>\n\t\t\t\t\t\t\t\t\t\t\t\t\t\t<\/a>\n\t\t\t\t\t\t\t<a class=\"e-gallery-item elementor-gallery-item elementor-animated-content\" href=\"https:\/\/museomoderno.org\/wp-content\/uploads\/2021\/08\/013-Invitacion-al-encuentro-\u00bfExiste-un-vacio-de-vanguardia-en-las-artes-plasticas-en-la-Argentina_.jpg\" data-elementor-open-lightbox=\"yes\" data-elementor-lightbox-slideshow=\"9ab711a\" data-elementor-lightbox-title=\"Invitaci\u00f3n al encuentro \u201c\u00bfExiste un vac\u00edo de vanguardia en las artes pl\u00e1sticas en la Argentina? realizado en el Museo de Arte Moderno de Buenos Aires el 17 de septiembre de 1969\" data-e-action-hash=\"#elementor-action%3Aaction%3Dlightbox%26settings%3DeyJpZCI6MTUwMjMsInVybCI6Imh0dHBzOlwvXC9tdXNlb21vZGVybm8ub3JnXC93cC1jb250ZW50XC91cGxvYWRzXC8yMDIxXC8wOFwvMDEzLUludml0YWNpb24tYWwtZW5jdWVudHJvLVx1MDBiZkV4aXN0ZS11bi12YWNpby1kZS12YW5ndWFyZGlhLWVuLWxhcy1hcnRlcy1wbGFzdGljYXMtZW4tbGEtQXJnZW50aW5hXy5qcGciLCJzbGlkZXNob3ciOiI5YWI3MTFhIn0%3D\">\n\t\t\t\t\t<div class=\"e-gallery-image elementor-gallery-item__image\" data-thumbnail=\"https:\/\/museomoderno.org\/wp-content\/uploads\/2021\/08\/013-Invitacion-al-encuentro-\u00bfExiste-un-vacio-de-vanguardia-en-las-artes-plasticas-en-la-Argentina_-300x234.jpg\" data-width=\"300\" data-height=\"234\" aria-label=\"\" role=\"img\" ><\/div>\n\t\t\t\t\t\t\t\t\t\t\t<div class=\"elementor-gallery-item__overlay\"><\/div>\n\t\t\t\t\t\t\t\t\t\t\t\t\t\t<\/a>\n\t\t\t\t\t\t\t<a class=\"e-gallery-item elementor-gallery-item elementor-animated-content\" href=\"https:\/\/museomoderno.org\/wp-content\/uploads\/2021\/08\/014-Detalle-de-la-transcripcion-del-ultimo-encuentro-\u00bfExiste-un-vacio-de-vanguardia-en-las-artes-plasticas-en-la-Argentina_.jpg\" data-elementor-open-lightbox=\"yes\" data-elementor-lightbox-slideshow=\"9ab711a\" data-elementor-lightbox-title=\"Detalle de la transcripci\u00f3n del \u00faltimo encuentro \u201c\u00bfExiste un vac\u00edo de vanguardia en las artes pl\u00e1sticas en la Argentina?\u201d realizado en el Museo de Arte Moderno de Buenos Aires el 17 de septiembre de 1969\" data-e-action-hash=\"#elementor-action%3Aaction%3Dlightbox%26settings%3DeyJpZCI6MTUwMjUsInVybCI6Imh0dHBzOlwvXC9tdXNlb21vZGVybm8ub3JnXC93cC1jb250ZW50XC91cGxvYWRzXC8yMDIxXC8wOFwvMDE0LURldGFsbGUtZGUtbGEtdHJhbnNjcmlwY2lvbi1kZWwtdWx0aW1vLWVuY3VlbnRyby1cdTAwYmZFeGlzdGUtdW4tdmFjaW8tZGUtdmFuZ3VhcmRpYS1lbi1sYXMtYXJ0ZXMtcGxhc3RpY2FzLWVuLWxhLUFyZ2VudGluYV8uanBnIiwic2xpZGVzaG93IjoiOWFiNzExYSJ9\">\n\t\t\t\t\t<div class=\"e-gallery-image elementor-gallery-item__image\" data-thumbnail=\"https:\/\/museomoderno.org\/wp-content\/uploads\/2021\/08\/014-Detalle-de-la-transcripcion-del-ultimo-encuentro-\u00bfExiste-un-vacio-de-vanguardia-en-las-artes-plasticas-en-la-Argentina_-300x200.jpg\" data-width=\"300\" data-height=\"200\" aria-label=\"\" role=\"img\" ><\/div>\n\t\t\t\t\t\t\t\t\t\t\t<div class=\"elementor-gallery-item__overlay\"><\/div>\n\t\t\t\t\t\t\t\t\t\t\t\t\t\t<\/a>\n\t\t\t\t\t\t\t<a class=\"e-gallery-item elementor-gallery-item elementor-animated-content\" href=\"https:\/\/museomoderno.org\/wp-content\/uploads\/2021\/08\/015-Cuadernillo-Criterios-para-la-critica-de-arte-contemporaneo.jpg\" data-elementor-open-lightbox=\"yes\" data-elementor-lightbox-slideshow=\"9ab711a\" data-elementor-lightbox-title=\"Cuadernillo \u201cCriterios para la cr\u00edtica de arte contempor\u00e1neo\u201d de Marta Slemenson y Germ\u00e1n Kratochwil y Ferm\u00edn Fevre, publicado por el Museo de Arte Moderno, 1969\" data-e-action-hash=\"#elementor-action%3Aaction%3Dlightbox%26settings%3DeyJpZCI6MTUwMjcsInVybCI6Imh0dHBzOlwvXC9tdXNlb21vZGVybm8ub3JnXC93cC1jb250ZW50XC91cGxvYWRzXC8yMDIxXC8wOFwvMDE1LUN1YWRlcm5pbGxvLUNyaXRlcmlvcy1wYXJhLWxhLWNyaXRpY2EtZGUtYXJ0ZS1jb250ZW1wb3JhbmVvLmpwZyIsInNsaWRlc2hvdyI6IjlhYjcxMWEifQ%3D%3D\">\n\t\t\t\t\t<div class=\"e-gallery-image elementor-gallery-item__image\" data-thumbnail=\"https:\/\/museomoderno.org\/wp-content\/uploads\/2021\/08\/015-Cuadernillo-Criterios-para-la-critica-de-arte-contemporaneo-200x300.jpg\" data-width=\"200\" data-height=\"300\" aria-label=\"\" role=\"img\" ><\/div>\n\t\t\t\t\t\t\t\t\t\t\t<div class=\"elementor-gallery-item__overlay\"><\/div>\n\t\t\t\t\t\t\t\t\t\t\t\t\t\t<\/a>\n\t\t\t\t\t<\/div>\n\t\t\t\t\t<\/div>\n\t\t\t\t<\/div>\n\t\t\t\t\t<\/div>\n\t\t<\/div>\n\t\t\t\t\t<\/div>\n\t\t<\/section>\n\t\t\t\t<\/div>\n\t\t","protected":false},"excerpt":{"rendered":"<p>DEBATES EN EL MAM Entre los a\u00f1os 1965 y 1969, se realizan en el Museo de Arte Moderno una serie de actividades donde se plantearon los cuestionamientos y t\u00f3picos del arte probablemente m\u00e1s citados a mediados del siglo XX, a saber: el fin de la pintura, la actitud pasiva del espectador burgu\u00e9s y las nuevas [&hellip;]<\/p>\n","protected":false},"author":7,"featured_media":16809,"comment_status":"open","ping_status":"open","sticky":false,"template":"elementor_header_footer","format":"standard","meta":{"footnotes":""},"categories":[30],"tags":[],"class_list":["post-16808","post","type-post","status-publish","format-standard","has-post-thumbnail","hentry","category-uncategorized"],"_links":{"self":[{"href":"https:\/\/museomoderno.org\/en\/wp-json\/wp\/v2\/posts\/16808","targetHints":{"allow":["GET"]}}],"collection":[{"href":"https:\/\/museomoderno.org\/en\/wp-json\/wp\/v2\/posts"}],"about":[{"href":"https:\/\/museomoderno.org\/en\/wp-json\/wp\/v2\/types\/post"}],"author":[{"embeddable":true,"href":"https:\/\/museomoderno.org\/en\/wp-json\/wp\/v2\/users\/7"}],"replies":[{"embeddable":true,"href":"https:\/\/museomoderno.org\/en\/wp-json\/wp\/v2\/comments?post=16808"}],"version-history":[{"count":0,"href":"https:\/\/museomoderno.org\/en\/wp-json\/wp\/v2\/posts\/16808\/revisions"}],"wp:featuredmedia":[{"embeddable":true,"href":"https:\/\/museomoderno.org\/en\/wp-json\/wp\/v2\/media\/16809"}],"wp:attachment":[{"href":"https:\/\/museomoderno.org\/en\/wp-json\/wp\/v2\/media?parent=16808"}],"wp:term":[{"taxonomy":"category","embeddable":true,"href":"https:\/\/museomoderno.org\/en\/wp-json\/wp\/v2\/categories?post=16808"},{"taxonomy":"post_tag","embeddable":true,"href":"https:\/\/museomoderno.org\/en\/wp-json\/wp\/v2\/tags?post=16808"}],"curies":[{"name":"wp","href":"https:\/\/api.w.org\/{rel}","templated":true}]}}