{"id":14514,"date":"2020-12-28T16:08:18","date_gmt":"2020-12-28T19:08:18","guid":{"rendered":"https:\/\/museomoderno.org\/lecturas-fantasticas-entrevista-a-veronica-parodi\/"},"modified":"2021-08-12T17:02:33","modified_gmt":"2021-08-12T20:02:33","slug":"lecturas-fantasticas-entrevista-a-veronica-parodi","status":"publish","type":"post","link":"https:\/\/museomoderno.org\/en\/lecturas-fantasticas-entrevista-a-veronica-parodi\/","title":{"rendered":"WONDERFUL READINGS: AN INTERVIEW WITH VER\u00d3NICA PARODI"},"content":{"rendered":"\t\t<div data-elementor-type=\"wp-post\" data-elementor-id=\"14514\" class=\"elementor elementor-14514 elementor-3517\" data-elementor-post-type=\"post\">\n\t\t\t\t\t\t<section class=\"elementor-section elementor-top-section elementor-element elementor-element-15dc2a0e elementor-section-boxed elementor-section-height-default elementor-section-height-default\" data-id=\"15dc2a0e\" data-element_type=\"section\" data-e-type=\"section\">\n\t\t\t\t\t\t<div class=\"elementor-container elementor-column-gap-default\">\n\t\t\t\t\t<div class=\"elementor-column elementor-col-100 elementor-top-column elementor-element elementor-element-23c42d9b\" data-id=\"23c42d9b\" data-element_type=\"column\" data-e-type=\"column\">\n\t\t\t<div class=\"elementor-widget-wrap elementor-element-populated\">\n\t\t\t\t\t\t<div class=\"elementor-element elementor-element-78f513a9 elementor-widget elementor-widget-heading\" data-id=\"78f513a9\" data-element_type=\"widget\" data-e-type=\"widget\" data-widget_type=\"heading.default\">\n\t\t\t\t<div class=\"elementor-widget-container\">\n\t\t\t\t\t<h1 class=\"elementor-heading-title elementor-size-default\">WONDERFUL READINGS: AN INTERVIEW WITH VER\u00d3NICA PARODI<\/h1>\t\t\t\t<\/div>\n\t\t\t\t<\/div>\n\t\t\t\t<div class=\"elementor-element elementor-element-3c4aa805 elementor-widget-divider--view-line elementor-widget elementor-widget-divider\" data-id=\"3c4aa805\" data-element_type=\"widget\" data-e-type=\"widget\" data-widget_type=\"divider.default\">\n\t\t\t\t<div class=\"elementor-widget-container\">\n\t\t\t\t\t\t\t<div class=\"elementor-divider\">\n\t\t\t<span class=\"elementor-divider-separator\">\n\t\t\t\t\t\t<\/span>\n\t\t<\/div>\n\t\t\t\t\t\t<\/div>\n\t\t\t\t<\/div>\n\t\t\t\t\t<\/div>\n\t\t<\/div>\n\t\t\t\t\t<\/div>\n\t\t<\/section>\n\t\t\t\t<section class=\"elementor-section elementor-top-section elementor-element elementor-element-90a6ebb elementor-section-boxed elementor-section-height-default elementor-section-height-default\" data-id=\"90a6ebb\" data-element_type=\"section\" data-e-type=\"section\">\n\t\t\t\t\t\t<div class=\"elementor-container elementor-column-gap-default\">\n\t\t\t\t\t<div class=\"elementor-column elementor-col-100 elementor-top-column elementor-element elementor-element-6396409\" data-id=\"6396409\" data-element_type=\"column\" data-e-type=\"column\">\n\t\t\t<div class=\"elementor-widget-wrap elementor-element-populated\">\n\t\t\t\t\t\t<div class=\"elementor-element elementor-element-9bcef2d elementor-widget elementor-widget-heading\" data-id=\"9bcef2d\" data-element_type=\"widget\" data-e-type=\"widget\" data-widget_type=\"heading.default\">\n\t\t\t\t<div class=\"elementor-widget-container\">\n\t\t\t\t\t<h5 class=\"elementor-heading-title elementor-size-default\">Rhythm as a preserve of childhood: our land in song.\n<br>An interview with Ver\u00f3nica Parodi by Adriana Fern\u00e1ndez\n<\/h5>\t\t\t\t<\/div>\n\t\t\t\t<\/div>\n\t\t\t\t<div class=\"elementor-element elementor-element-6b4efdc elementor-widget elementor-widget-text-editor\" data-id=\"6b4efdc\" data-element_type=\"widget\" data-e-type=\"widget\" data-widget_type=\"text-editor.default\">\n\t\t\t\t<div class=\"elementor-widget-container\">\n\t\t\t\t\t\t\t\t\t<p><span style=\"font-weight: 400;\">Surely if we say the word &#8220;lullaby&#8221;, something from childhood \u2013 our own or someone else\u2019s \u2013 will come to mind.<\/span><\/p><p><span style=\"font-weight: 400;\">Perhaps lullabies bring to you, as they do to me, the world of poetry and the echo of Joan Manual Serrat singing Miguel Hern\u00e1ndez\u2019s &#8220;Nanas de la cebolla&#8221; (\u201cOnion Lullabies\u201d).<\/span><\/p>\t\t\t\t\t\t\t\t<\/div>\n\t\t\t\t<\/div>\n\t\t\t\t<div class=\"elementor-element elementor-element-873c05d elementor-widget elementor-widget-video\" data-id=\"873c05d\" data-element_type=\"widget\" data-e-type=\"widget\" data-settings=\"{&quot;youtube_url&quot;:&quot;https:\\\/\\\/youtu.be\\\/Eed6g_9H6NQ&quot;,&quot;video_type&quot;:&quot;youtube&quot;,&quot;controls&quot;:&quot;yes&quot;}\" data-widget_type=\"video.default\">\n\t\t\t\t<div class=\"elementor-widget-container\">\n\t\t\t\t\t\t\t<div class=\"elementor-wrapper elementor-open-inline\">\n\t\t\t<div class=\"elementor-video\"><\/div>\t\t<\/div>\n\t\t\t\t\t\t<\/div>\n\t\t\t\t<\/div>\n\t\t\t\t<div class=\"elementor-element elementor-element-c449f3e elementor-widget elementor-widget-text-editor\" data-id=\"c449f3e\" data-element_type=\"widget\" data-e-type=\"widget\" data-widget_type=\"text-editor.default\">\n\t\t\t\t<div class=\"elementor-widget-container\">\n\t\t\t\t\t\t\t\t\t<p><span style=\"font-weight: 400;\">In her book <\/span><i><span style=\"font-weight: 400;\">P\u00e1jaro de aire<\/span><\/i><span style=\"font-weight: 400;\">, Mar\u00eda Emilia L\u00f3pez tells us about the Federico Garc\u00eda Lorca\u2019s laborious research into the lullabies of Spain, where the roots of the genre can be found in the pain and suffering of women who worked and raised their children in extreme poverty. Despite their origin, Lorca considers these songs to be full of life, striving for life. He says that &#8220;[a song] suddenly jumps from that yesterday into our present day, alive and full of heartbeats, like a frog.&#8221;<\/span><\/p><p><span style=\"font-weight: 400;\"> The singer and writer Ver\u00f3nica Parodi undertook a similar laborious and delicate archaeological study of music in our own country and through our own childhoods in her book and CD, <\/span><i><span style=\"font-weight: 400;\">Bordando Nanas<\/span><\/i><span style=\"font-weight: 400;\">\u00a0 (Editorial del Naranjo 2019).<\/span><\/p>\t\t\t\t\t\t\t\t<\/div>\n\t\t\t\t<\/div>\n\t\t\t\t<div class=\"elementor-element elementor-element-e056c77 elementor-widget elementor-widget-image\" data-id=\"e056c77\" data-element_type=\"widget\" data-e-type=\"widget\" data-widget_type=\"image.default\">\n\t\t\t\t<div class=\"elementor-widget-container\">\n\t\t\t\t\t\t\t\t\t\t\t\t\t\t\t<img fetchpriority=\"high\" decoding=\"async\" width=\"818\" height=\"746\" src=\"https:\/\/museomoderno.org\/wp-content\/uploads\/2020\/12\/Captura-de-Pantalla-2020-09-10-a-las-17.18.06.png\" class=\"attachment-full size-full wp-image-14519\" alt=\"\" srcset=\"https:\/\/museomoderno.org\/wp-content\/uploads\/2020\/12\/Captura-de-Pantalla-2020-09-10-a-las-17.18.06.png 818w, https:\/\/museomoderno.org\/wp-content\/uploads\/2020\/12\/Captura-de-Pantalla-2020-09-10-a-las-17.18.06-300x274.png 300w, https:\/\/museomoderno.org\/wp-content\/uploads\/2020\/12\/Captura-de-Pantalla-2020-09-10-a-las-17.18.06-768x700.png 768w\" sizes=\"(max-width: 818px) 100vw, 818px\" \/>\t\t\t\t\t\t\t\t\t\t\t\t\t\t\t<\/div>\n\t\t\t\t<\/div>\n\t\t\t\t<div class=\"elementor-element elementor-element-f266512 elementor-widget elementor-widget-text-editor\" data-id=\"f266512\" data-element_type=\"widget\" data-e-type=\"widget\" data-widget_type=\"text-editor.default\">\n\t\t\t\t<div class=\"elementor-widget-container\">\n\t\t\t\t\t\t\t\t\t<p><span style=\"font-weight: 400;\">In this brief interview, Ver\u00f3nica tells us about her experience.<\/span><\/p><p><span style=\"font-weight: 400;\">Why did you choose this poetic genre to write and sing about, and to share this book and CD with other colleagues?<\/span><\/p><p><span style=\"font-weight: 400;\">Lullabies allow us to connect the sonority of words and different rhythms through art, poetry and music. Popular music is transferred in large part through lullabies. Singing a lullaby or saying a poem is a challenge in these times. Lullabies are also a form of resistance, of building identity, of the transmission of the senses. Almost without realizing it, we are transmitting a whole way of being and of seeing the world and this, in turn, has to do with what was transmitted to us. And we are giving children the possibility of thinking of themselves as poetic beings; we are making their lives more beautiful.<\/span><\/p><p><span style=\"font-weight: 400;\">And what, then, is a lullaby or a nursery rhyme?<\/span><\/p><p><span style=\"font-weight: 400;\">It is a whispered, singing voice that leaves a mark on that child, so that he or she can somehow sleep. But it also leaves its mark on the adult, in that his or her whole body prepares to cradle, to support, to accompany [the child]. A lullaby is an attachment, it creates a lasting bond, it makes a mark in the emotional memory of everyone. That is why we adults, when it comes the time to cradle [someone], we remember the song that was sung to us when we were children. Beauty is necessary for us to inhabit this world and improve it. And I believe that during all this time of quarantine, we underwent a very strong change with respect to this. We all found ourselves affected and in need of affection, with more time to share. We learned to reinvent ourselves, to find ourselves again, to enjoy ourselves in a different way.<\/span><\/p><p><span style=\"font-weight: 400;\">What are the rhythms that appear in the sung version and why?<\/span><\/p><p><span style=\"font-weight: 400;\">Art, music, song, poetry&#8230; beauty is unique and it embraces us, affects us and accompanies us in the same way that the voices of Le\u00f3n Gieco, my mother Teresa Parodi, Liliana Herrero, Cecilia Todd or Los Musiqueros do.<\/span><\/p><p><span style=\"font-weight: 400;\">I chose <\/span><i><span style=\"font-weight: 400;\">our<\/span><\/i><span style=\"font-weight: 400;\"> rhythms \u2013 those of this great country, those that lulled me to sleep in my own childhood and with which I grew up and cradled my own son \u2013 because they are a fundamental part of who I am and what I have and want to share.<\/span><\/p><p><span style=\"font-weight: 400;\">We can hear rhythms in my songs like the <\/span><i><span style=\"font-weight: 400;\">chamam\u00e9<\/span><\/i><span style=\"font-weight: 400;\">, the <\/span><i><span style=\"font-weight: 400;\">vidala<\/span><\/i><span style=\"font-weight: 400;\">, the <\/span><i><span style=\"font-weight: 400;\">joropo<\/span><\/i><span style=\"font-weight: 400;\">, the <\/span><i><span style=\"font-weight: 400;\">cueca<\/span><\/i><span style=\"font-weight: 400;\">, the <\/span><i><span style=\"font-weight: 400;\">huaino<\/span><\/i><span style=\"font-weight: 400;\">, a <\/span><i><span style=\"font-weight: 400;\">chamarrita<\/span><\/i><span style=\"font-weight: 400;\"> and even an air of <\/span><i><span style=\"font-weight: 400;\">bossa nova<\/span><\/i><span style=\"font-weight: 400;\"> because they are part of our identity, they are part of a culture that we must defend and transmit; it is the voice of the people, it is our voice and there is no doubt that the new generations must grow up hearing it.<\/span><\/p><p><span style=\"font-weight: 400;\">Click to listen to a little bit of &#8220;Cambacito\u201d from <\/span><i><span style=\"font-weight: 400;\">Bordando nanas<\/span><\/i><span style=\"font-weight: 400;\">, interpreted by Le\u00f3n Gieco and Chango Spasiuk.<\/span><\/p>\t\t\t\t\t\t\t\t<\/div>\n\t\t\t\t<\/div>\n\t\t\t\t<div class=\"elementor-element elementor-element-427d4b6 elementor-widget elementor-widget-video\" data-id=\"427d4b6\" data-element_type=\"widget\" data-e-type=\"widget\" data-settings=\"{&quot;youtube_url&quot;:&quot;https:\\\/\\\/youtu.be\\\/klLBolaFXuc&quot;,&quot;video_type&quot;:&quot;youtube&quot;,&quot;controls&quot;:&quot;yes&quot;}\" data-widget_type=\"video.default\">\n\t\t\t\t<div class=\"elementor-widget-container\">\n\t\t\t\t\t\t\t<div class=\"elementor-wrapper elementor-open-inline\">\n\t\t\t<div class=\"elementor-video\"><\/div>\t\t<\/div>\n\t\t\t\t\t\t<\/div>\n\t\t\t\t<\/div>\n\t\t\t\t<div class=\"elementor-element elementor-element-d32ab3b elementor-widget elementor-widget-text-editor\" data-id=\"d32ab3b\" data-element_type=\"widget\" data-e-type=\"widget\" data-widget_type=\"text-editor.default\">\n\t\t\t\t<div class=\"elementor-widget-container\">\n\t\t\t\t\t\t\t\t\t<p><span style=\"font-weight: 400;\">Ver\u00f3nica Parodi is an educator. She worked as a kindergarten teacher for twenty years. As socio-educational director of the Espacio Cultural Nuestros Hijos (ECuNHi), an undertaking of the Madres de Plaza de Mayo in the former ESMA (Navy School of Mechanics), she develops projects that involve literature, music and theater for children. She is one of the creators of Avi\u00f3n que Va (www.avionqueva.com), a website specialized in children&#8217;s and young adult literature. She has been writing poems and songs for as long as she can remember. <\/span><i><span style=\"font-weight: 400;\">Bordando nanas<\/span><\/i><span style=\"font-weight: 400;\"> is her first book and is also an album that features great performers and composers. Both projects were cradled for years, and have now finally reached the hands of the young and old alike.<\/span><\/p><p>We invite you to visit their YouTube page:<br \/><a href=\"https:\/\/www.youtube.com\/channel\/UCKZ2_4hZ1CIZsWjHztGUJmA%C2%A0\" target=\"_blank\" rel=\"noopener\">https:\/\/www.youtube.com\/channel\/UCKZ2_4hZ1CIZsWjHztGUJmA\u00a0<\/a><\/p>\t\t\t\t\t\t\t\t<\/div>\n\t\t\t\t<\/div>\n\t\t\t\t<div class=\"elementor-element elementor-element-5a042fa elementor-widget elementor-widget-image\" data-id=\"5a042fa\" data-element_type=\"widget\" data-e-type=\"widget\" data-widget_type=\"image.default\">\n\t\t\t\t<div class=\"elementor-widget-container\">\n\t\t\t\t\t\t\t\t\t\t\t\t\t\t\t<img decoding=\"async\" width=\"1253\" height=\"745\" src=\"https:\/\/museomoderno.org\/wp-content\/uploads\/2020\/12\/Captura-de-Pantalla-2020-09-10-a-las-17.18.46.png\" class=\"attachment-full size-full wp-image-14520\" alt=\"\" srcset=\"https:\/\/museomoderno.org\/wp-content\/uploads\/2020\/12\/Captura-de-Pantalla-2020-09-10-a-las-17.18.46.png 1253w, https:\/\/museomoderno.org\/wp-content\/uploads\/2020\/12\/Captura-de-Pantalla-2020-09-10-a-las-17.18.46-300x178.png 300w, https:\/\/museomoderno.org\/wp-content\/uploads\/2020\/12\/Captura-de-Pantalla-2020-09-10-a-las-17.18.46-1024x609.png 1024w, https:\/\/museomoderno.org\/wp-content\/uploads\/2020\/12\/Captura-de-Pantalla-2020-09-10-a-las-17.18.46-768x457.png 768w\" sizes=\"(max-width: 1253px) 100vw, 1253px\" \/>\t\t\t\t\t\t\t\t\t\t\t\t\t\t\t<\/div>\n\t\t\t\t<\/div>\n\t\t\t\t<div class=\"elementor-element elementor-element-f234f5f elementor-widget elementor-widget-text-editor\" data-id=\"f234f5f\" data-element_type=\"widget\" data-e-type=\"widget\" data-widget_type=\"text-editor.default\">\n\t\t\t\t<div class=\"elementor-widget-container\">\n\t\t\t\t\t\t\t\t\t<p><span style=\"font-weight: 400;\">Adriana Fern\u00e1ndez (Buenos Aires, 1970) graduated from the Instituto Nacional del Profesorado &#8220;Joaqu\u00edn V. Gonz\u00e1lez\u201d as a teacher in Spanish, Literature and Latin. She has taught at the Universidad Nacional de General Sarmiento (UNGS), the Universidad Nacional de Lomas de Zamora and the Universidad de Buenos Aires. She is the publishing manager of Grupo Planeta in Argentina.<\/span><\/p>\t\t\t\t\t\t\t\t<\/div>\n\t\t\t\t<\/div>\n\t\t\t\t<div class=\"elementor-element elementor-element-a98b631 elementor-widget elementor-widget-image\" data-id=\"a98b631\" data-element_type=\"widget\" data-e-type=\"widget\" data-widget_type=\"image.default\">\n\t\t\t\t<div class=\"elementor-widget-container\">\n\t\t\t\t\t\t\t\t\t\t\t\t\t\t\t<img decoding=\"async\" width=\"150\" height=\"150\" src=\"https:\/\/museomoderno.org\/wp-content\/uploads\/2020\/12\/adriana-150x150.jpg\" class=\"attachment-thumbnail size-thumbnail wp-image-14507\" alt=\"\" \/>\t\t\t\t\t\t\t\t\t\t\t\t\t\t\t<\/div>\n\t\t\t\t<\/div>\n\t\t\t\t\t<\/div>\n\t\t<\/div>\n\t\t\t\t\t<\/div>\n\t\t<\/section>\n\t\t\t\t<section class=\"elementor-section elementor-top-section elementor-element elementor-element-d44d098 elementor-section-boxed elementor-section-height-default elementor-section-height-default\" data-id=\"d44d098\" data-element_type=\"section\" data-e-type=\"section\">\n\t\t\t\t\t\t<div class=\"elementor-container elementor-column-gap-default\">\n\t\t\t\t\t<div class=\"elementor-column elementor-col-100 elementor-top-column elementor-element elementor-element-776bbf4\" data-id=\"776bbf4\" data-element_type=\"column\" data-e-type=\"column\">\n\t\t\t<div class=\"elementor-widget-wrap elementor-element-populated\">\n\t\t\t\t\t\t<div class=\"elementor-element elementor-element-b89fce3 elementor-widget elementor-widget-heading\" data-id=\"b89fce3\" data-element_type=\"widget\" data-e-type=\"widget\" data-widget_type=\"heading.default\">\n\t\t\t\t<div class=\"elementor-widget-container\">\n\t\t\t\t\t<h4 class=\"elementor-heading-title elementor-size-default\">Segu\u00ed al Moderno en sus plataformas digitales para m\u00e1s contenidos<\/h4>\t\t\t\t<\/div>\n\t\t\t\t<\/div>\n\t\t\t\t<section class=\"elementor-section elementor-inner-section elementor-element elementor-element-c4b58e1 elementor-section-boxed elementor-section-height-default elementor-section-height-default\" data-id=\"c4b58e1\" data-element_type=\"section\" data-e-type=\"section\">\n\t\t\t\t\t\t<div class=\"elementor-container elementor-column-gap-default\">\n\t\t\t\t\t<div class=\"elementor-column elementor-col-25 elementor-inner-column elementor-element elementor-element-c365ff7\" data-id=\"c365ff7\" data-element_type=\"column\" data-e-type=\"column\">\n\t\t\t<div class=\"elementor-widget-wrap elementor-element-populated\">\n\t\t\t\t\t\t<div class=\"elementor-element elementor-element-526d78a elementor-widget elementor-widget-image\" data-id=\"526d78a\" data-element_type=\"widget\" data-e-type=\"widget\" data-widget_type=\"image.default\">\n\t\t\t\t<div class=\"elementor-widget-container\">\n\t\t\t\t\t\t\t\t\t\t\t\t<figure class=\"wp-caption\">\n\t\t\t\t\t\t\t\t\t\t\t<a href=\"https:\/\/www.youtube.com\/channel\/UCaOs2nP3pdekN89NDEAWPng\" target=\"_blank\" rel=\"nofollow noopener\">\n\t\t\t\t\t\t\t<img loading=\"lazy\" decoding=\"async\" width=\"270\" height=\"180\" src=\"https:\/\/museomoderno.org\/wp-content\/uploads\/2020\/12\/YOUTUBE2_0.jpg\" class=\"attachment-full size-full wp-image-2067\" alt=\"\" \/>\t\t\t\t\t\t\t\t<\/a>\n\t\t\t\t\t\t\t\t\t\t\t<figcaption class=\"widget-image-caption wp-caption-text\">Youtube<\/figcaption>\n\t\t\t\t\t\t\t\t\t\t<\/figure>\n\t\t\t\t\t\t\t\t\t<\/div>\n\t\t\t\t<\/div>\n\t\t\t\t\t<\/div>\n\t\t<\/div>\n\t\t\t\t<div class=\"elementor-column elementor-col-25 elementor-inner-column elementor-element elementor-element-aa73fa7\" data-id=\"aa73fa7\" data-element_type=\"column\" data-e-type=\"column\">\n\t\t\t<div class=\"elementor-widget-wrap elementor-element-populated\">\n\t\t\t\t\t\t<div class=\"elementor-element elementor-element-ba8d008 elementor-widget elementor-widget-image\" data-id=\"ba8d008\" data-element_type=\"widget\" data-e-type=\"widget\" data-widget_type=\"image.default\">\n\t\t\t\t<div class=\"elementor-widget-container\">\n\t\t\t\t\t\t\t\t\t\t\t\t<figure class=\"wp-caption\">\n\t\t\t\t\t\t\t\t\t\t\t<a href=\"https:\/\/www.instagram.com\/modernoba\/\" target=\"_blank\" rel=\"nofollow noopener\">\n\t\t\t\t\t\t\t<img loading=\"lazy\" decoding=\"async\" width=\"270\" height=\"180\" src=\"https:\/\/museomoderno.org\/wp-content\/uploads\/2020\/12\/INSTAGRAM2_0.jpg\" class=\"attachment-full size-full wp-image-2068\" alt=\"\" \/>\t\t\t\t\t\t\t\t<\/a>\n\t\t\t\t\t\t\t\t\t\t\t<figcaption class=\"widget-image-caption wp-caption-text\">Instagram<\/figcaption>\n\t\t\t\t\t\t\t\t\t\t<\/figure>\n\t\t\t\t\t\t\t\t\t<\/div>\n\t\t\t\t<\/div>\n\t\t\t\t\t<\/div>\n\t\t<\/div>\n\t\t\t\t<div class=\"elementor-column elementor-col-25 elementor-inner-column elementor-element elementor-element-af8a717\" data-id=\"af8a717\" data-element_type=\"column\" data-e-type=\"column\">\n\t\t\t<div class=\"elementor-widget-wrap elementor-element-populated\">\n\t\t\t\t\t\t<div class=\"elementor-element elementor-element-09cd9c3 elementor-widget elementor-widget-image\" data-id=\"09cd9c3\" data-element_type=\"widget\" data-e-type=\"widget\" data-widget_type=\"image.default\">\n\t\t\t\t<div class=\"elementor-widget-container\">\n\t\t\t\t\t\t\t\t\t\t\t\t<figure class=\"wp-caption\">\n\t\t\t\t\t\t\t\t\t\t\t<a href=\"https:\/\/open.spotify.com\/user\/dqnqsnfdbpalfkrz39z8umv4k\" target=\"_blank\" rel=\"nofollow noopener\">\n\t\t\t\t\t\t\t<img loading=\"lazy\" decoding=\"async\" width=\"270\" height=\"180\" src=\"https:\/\/museomoderno.org\/wp-content\/uploads\/2020\/12\/SPOTIFY2_0.jpg\" class=\"attachment-full size-full wp-image-2069\" alt=\"\" \/>\t\t\t\t\t\t\t\t<\/a>\n\t\t\t\t\t\t\t\t\t\t\t<figcaption class=\"widget-image-caption wp-caption-text\">Spotify<\/figcaption>\n\t\t\t\t\t\t\t\t\t\t<\/figure>\n\t\t\t\t\t\t\t\t\t<\/div>\n\t\t\t\t<\/div>\n\t\t\t\t\t<\/div>\n\t\t<\/div>\n\t\t\t\t<div class=\"elementor-column elementor-col-25 elementor-inner-column elementor-element elementor-element-0d65748\" data-id=\"0d65748\" data-element_type=\"column\" data-e-type=\"column\">\n\t\t\t<div class=\"elementor-widget-wrap elementor-element-populated\">\n\t\t\t\t\t\t<div class=\"elementor-element elementor-element-07fd7ed elementor-widget elementor-widget-image\" data-id=\"07fd7ed\" data-element_type=\"widget\" data-e-type=\"widget\" data-widget_type=\"image.default\">\n\t\t\t\t<div class=\"elementor-widget-container\">\n\t\t\t\t\t\t\t\t\t\t\t\t<figure class=\"wp-caption\">\n\t\t\t\t\t\t\t\t\t\t\t<a href=\"https:\/\/artsandculture.google.com\/partner\/museo-de-arte-moderno-de-buenos-aires-museo-moderno\" target=\"_blank\" rel=\"nofollow noopener\">\n\t\t\t\t\t\t\t<img loading=\"lazy\" decoding=\"async\" width=\"270\" height=\"180\" src=\"https:\/\/museomoderno.org\/wp-content\/uploads\/2020\/12\/GOOGLEART2_0.jpg\" class=\"attachment-full size-full wp-image-2070\" alt=\"\" \/>\t\t\t\t\t\t\t\t<\/a>\n\t\t\t\t\t\t\t\t\t\t\t<figcaption class=\"widget-image-caption wp-caption-text\">Google Art Project<\/figcaption>\n\t\t\t\t\t\t\t\t\t\t<\/figure>\n\t\t\t\t\t\t\t\t\t<\/div>\n\t\t\t\t<\/div>\n\t\t\t\t\t<\/div>\n\t\t<\/div>\n\t\t\t\t\t<\/div>\n\t\t<\/section>\n\t\t\t\t\t<\/div>\n\t\t<\/div>\n\t\t\t\t\t<\/div>\n\t\t<\/section>\n\t\t\t\t<\/div>\n\t\t","protected":false},"excerpt":{"rendered":"<p>Rhythm as a preserve of childhood: our land in song. An interview with Ver\u00f3nica Parodi by Adriana Fern\u00e1ndez Surely if we say the word &#8220;lullaby&#8221;, something from childhood \u2013 our own or someone else\u2019s \u2013 will come to mind. Perhaps lullabies bring to you, as they do to me, the world of poetry and the [&hellip;]<\/p>\n","protected":false},"author":7,"featured_media":14515,"comment_status":"open","ping_status":"open","sticky":false,"template":"elementor_header_footer","format":"standard","meta":{"footnotes":""},"categories":[44],"tags":[],"class_list":["post-14514","post","type-post","status-publish","format-standard","has-post-thumbnail","hentry","category-lecturas-fantasticas-en"],"_links":{"self":[{"href":"https:\/\/museomoderno.org\/en\/wp-json\/wp\/v2\/posts\/14514","targetHints":{"allow":["GET"]}}],"collection":[{"href":"https:\/\/museomoderno.org\/en\/wp-json\/wp\/v2\/posts"}],"about":[{"href":"https:\/\/museomoderno.org\/en\/wp-json\/wp\/v2\/types\/post"}],"author":[{"embeddable":true,"href":"https:\/\/museomoderno.org\/en\/wp-json\/wp\/v2\/users\/7"}],"replies":[{"embeddable":true,"href":"https:\/\/museomoderno.org\/en\/wp-json\/wp\/v2\/comments?post=14514"}],"version-history":[{"count":0,"href":"https:\/\/museomoderno.org\/en\/wp-json\/wp\/v2\/posts\/14514\/revisions"}],"wp:featuredmedia":[{"embeddable":true,"href":"https:\/\/museomoderno.org\/en\/wp-json\/wp\/v2\/media\/14515"}],"wp:attachment":[{"href":"https:\/\/museomoderno.org\/en\/wp-json\/wp\/v2\/media?parent=14514"}],"wp:term":[{"taxonomy":"category","embeddable":true,"href":"https:\/\/museomoderno.org\/en\/wp-json\/wp\/v2\/categories?post=14514"},{"taxonomy":"post_tag","embeddable":true,"href":"https:\/\/museomoderno.org\/en\/wp-json\/wp\/v2\/tags?post=14514"}],"curies":[{"name":"wp","href":"https:\/\/api.w.org\/{rel}","templated":true}]}}